{"id":7030,"date":"2019-05-21T13:05:45","date_gmt":"2019-05-21T16:05:45","guid":{"rendered":"https:\/\/www.paudalho.pe.gov.br\/portal\/?p=7030"},"modified":"2019-05-21T13:05:50","modified_gmt":"2019-05-21T16:05:50","slug":"prefeitura-do-paudalho-entrega-2-onibus-e-da-ordem-de-servico-para-construcao-de-ubs","status":"publish","type":"post","link":"https:\/\/www.paudalho.pe.gov.br\/portal\/prefeitura-do-paudalho-entrega-2-onibus-e-da-ordem-de-servico-para-construcao-de-ubs\/","title":{"rendered":"Prefeitura do Paudalho entrega 2 \u00f4nibus e d\u00e1 ordem de servi\u00e7o para constru\u00e7\u00e3o de UBS"},"content":{"rendered":"\n<p>Um dia para ficar na hist\u00f3ria! A Prefeitura do Paudalho entregou, nesta ter\u00e7a-feira (21), dois novos \u00f4nibus \u00e0 popula\u00e7\u00e3o paudalhense, em solenidade realizada no Centro da cidade. Um dos ve\u00edculos ser\u00e1 usado pela Secretaria de Sa\u00fade no Tratamento Fora do Domic\u00edlio (TDF). &#8220;Eu achei muito lindo o \u00f4nibus! Agora quando a gente precisar ir ao Recife para algum tratamento, iremos com tranquilidade e mais conforto&#8221;, comentou a agricultora Elisabete Maria. Isso porque os \u00f4nibus impressionam. Zero quil\u00f4metro, os transportes s\u00e3o equipados, com assento acolchoado, TV, climatiza\u00e7\u00e3o e acessibilidade.\u00a0<\/p>\n\n\n\n<p>J\u00e1 o segundo ser\u00e1 utilizado pela Secretaria de Desenvolvimento e Assist\u00eancia Social na Mobilidade do Programa Bolsa Fam\u00edlia, no intitulado MOB PBF. A a\u00e7\u00e3o foi lan\u00e7ada na solenidade e \u00a0tem objetivo de garantir \u00e0 popula\u00e7\u00e3o o acesso ao cadastro \u00fanico, assim como o fortalecimento de toda a pol\u00edtica do Sistema \u00danico de Assist\u00eancia Social, ofertando, em dia de atendimento, transporte aos usu\u00e1rios da Zona Rural. O investimento nos dois \u00f4nibus foi de cerca de R$ 580 mil.<br><\/p>\n\n\n\n<h3 class=\"wp-block-heading\"><strong>Nova UBS<\/strong><\/h3>\n\n\n\n<p>Na mesma programa\u00e7\u00e3o, o prefeito Marcelo Gouveia assinou a ordem de servi\u00e7o para a constru\u00e7\u00e3o de mais uma Unidade B\u00e1sica de Sa\u00fade (UBS), que ser\u00e1 constru\u00edda no Centro. Segundo a Secret\u00e1ria de Desenvolvimento Urbano e Agr\u00e1rio, o investimento ser\u00e1 de R$R$ 642.994,60 &#8220;Nos queremos entregar esses \u00f4nibus como uma forma de dizer \u00e0 popula\u00e7\u00e3o que nosso trabalho n\u00e3o para! Temos sim muitas coisas para fazer, mas n\u00f3s estamos vendo resultado. Eu estou lembrando de tudo o que prometi e pode ter certeza que vamos realizar. Hoje n\u00f3s temos muito do que comemorar, como: a UPA, o Centro de Parto, O Laborat\u00f3rio, escolas novas e tantas outras conquistas. Mas, o nosso lema \u00e9 trabalho, trabalho, trabalho&#8221;, disse.\u00a0<\/p>\n\n\n\n<figure class=\"wp-block-image\"><img loading=\"lazy\" decoding=\"async\" width=\"1280\" height=\"853\" data-attachment-id=\"7034\" data-permalink=\"https:\/\/www.paudalho.pe.gov.br\/portal\/prefeitura-do-paudalho-entrega-2-onibus-e-da-ordem-de-servico-para-construcao-de-ubs\/4bbf90c2-d5cd-48a6-bc81-2bae80eb28d5\/\" data-orig-file=\"https:\/\/www.paudalho.pe.gov.br\/portal\/wp-content\/uploads\/2019\/05\/4bbf90c2-d5cd-48a6-bc81-2bae80eb28d5.jpg\" data-orig-size=\"1280,853\" data-comments-opened=\"1\" data-image-meta=\"{&quot;aperture&quot;:&quot;0&quot;,&quot;credit&quot;:&quot;&quot;,&quot;camera&quot;:&quot;&quot;,&quot;caption&quot;:&quot;&quot;,&quot;created_timestamp&quot;:&quot;0&quot;,&quot;copyright&quot;:&quot;&quot;,&quot;focal_length&quot;:&quot;0&quot;,&quot;iso&quot;:&quot;0&quot;,&quot;shutter_speed&quot;:&quot;0&quot;,&quot;title&quot;:&quot;&quot;,&quot;orientation&quot;:&quot;0&quot;}\" data-image-title=\"4bbf90c2-d5cd-48a6-bc81-2bae80eb28d5\" data-image-description=\"\" data-image-caption=\"\" data-medium-file=\"https:\/\/www.paudalho.pe.gov.br\/portal\/wp-content\/uploads\/2019\/05\/4bbf90c2-d5cd-48a6-bc81-2bae80eb28d5-350x230.jpg\" data-large-file=\"https:\/\/www.paudalho.pe.gov.br\/portal\/wp-content\/uploads\/2019\/05\/4bbf90c2-d5cd-48a6-bc81-2bae80eb28d5-800x450.jpg\" src=\"https:\/\/i2.wp.com\/www.paudalho.pe.gov.br\/portal\/wp-content\/uploads\/2019\/05\/4bbf90c2-d5cd-48a6-bc81-2bae80eb28d5.jpg?resize=800%2C450&amp;ssl=1\" alt=\"\" class=\"wp-image-7034\" srcset=\"https:\/\/www.paudalho.pe.gov.br\/portal\/wp-content\/uploads\/2019\/05\/4bbf90c2-d5cd-48a6-bc81-2bae80eb28d5.jpg 1280w, https:\/\/www.paudalho.pe.gov.br\/portal\/wp-content\/uploads\/2019\/05\/4bbf90c2-d5cd-48a6-bc81-2bae80eb28d5-768x512.jpg 768w\" sizes=\"auto, (max-width: 1280px) 100vw, 1280px\" \/><figcaption>Foto: Josu\u00e9 J\u00fanior\/PMP<\/figcaption><\/figure>\n\n\n\n<p><\/p>\n","protected":false},"excerpt":{"rendered":"<p>Um dia para ficar na hist\u00f3ria! A Prefeitura do Paudalho entregou, nesta ter\u00e7a-feira (21), dois novos \u00f4nibus \u00e0 popula\u00e7\u00e3o paudalhense, em solenidade realizada no Centro da cidade. Um dos ve\u00edculos ser\u00e1 usado pela Secretaria de Sa\u00fade no Tratamento Fora do Domic\u00edlio (TDF). &#8220;Eu achei muito lindo o \u00f4nibus! Agora quando a gente precisar ir ao [&hellip;]<\/p>\n","protected":false},"author":4,"featured_media":7033,"comment_status":"open","ping_status":"open","sticky":false,"template":"","format":"standard","meta":{"_jetpack_newsletter_access":"","_jetpack_dont_email_post_to_subs":false,"_jetpack_newsletter_tier_id":0,"_jetpack_memberships_contains_paywalled_content":false,"_jetpack_memberships_contains_paid_content":false,"footnotes":""},"categories":[2,1,3],"tags":[99,16],"class_list":["post-7030","post","type-post","status-publish","format-standard","has-post-thumbnail","hentry","category-destaque","category-noticias","category-saude","tag-assistencia-social","tag-saude"],"jetpack_featured_media_url":"https:\/\/www.paudalho.pe.gov.br\/portal\/wp-content\/uploads\/2019\/05\/5d5e1588-0301-4a30-92b3-b972580e86cf.jpg","jetpack_sharing_enabled":true,"jetpack_shortlink":"https:\/\/wp.me\/p98mS2-1Po","_links":{"self":[{"href":"https:\/\/www.paudalho.pe.gov.br\/portal\/wp-json\/wp\/v2\/posts\/7030","targetHints":{"allow":["GET"]}}],"collection":[{"href":"https:\/\/www.paudalho.pe.gov.br\/portal\/wp-json\/wp\/v2\/posts"}],"about":[{"href":"https:\/\/www.paudalho.pe.gov.br\/portal\/wp-json\/wp\/v2\/types\/post"}],"author":[{"embeddable":true,"href":"https:\/\/www.paudalho.pe.gov.br\/portal\/wp-json\/wp\/v2\/users\/4"}],"replies":[{"embeddable":true,"href":"https:\/\/www.paudalho.pe.gov.br\/portal\/wp-json\/wp\/v2\/comments?post=7030"}],"version-history":[{"count":4,"href":"https:\/\/www.paudalho.pe.gov.br\/portal\/wp-json\/wp\/v2\/posts\/7030\/revisions"}],"predecessor-version":[{"id":7036,"href":"https:\/\/www.paudalho.pe.gov.br\/portal\/wp-json\/wp\/v2\/posts\/7030\/revisions\/7036"}],"wp:featuredmedia":[{"embeddable":true,"href":"https:\/\/www.paudalho.pe.gov.br\/portal\/wp-json\/wp\/v2\/media\/7033"}],"wp:attachment":[{"href":"https:\/\/www.paudalho.pe.gov.br\/portal\/wp-json\/wp\/v2\/media?parent=7030"}],"wp:term":[{"taxonomy":"category","embeddable":true,"href":"https:\/\/www.paudalho.pe.gov.br\/portal\/wp-json\/wp\/v2\/categories?post=7030"},{"taxonomy":"post_tag","embeddable":true,"href":"https:\/\/www.paudalho.pe.gov.br\/portal\/wp-json\/wp\/v2\/tags?post=7030"}],"curies":[{"name":"wp","href":"https:\/\/api.w.org\/{rel}","templated":true}]}}