{"id":690,"date":"2017-08-25T14:11:58","date_gmt":"2017-08-25T17:11:58","guid":{"rendered":"http:\/\/www.paudalho.pe.gov.br\/portal\/?p=690"},"modified":"2017-09-20T10:06:19","modified_gmt":"2017-09-20T13:06:19","slug":"superou-as-expectativas-diz-coordenador-do-laboratorio-municipal-sobre-teste-do-pezinho","status":"publish","type":"post","link":"https:\/\/www.paudalho.pe.gov.br\/portal\/superou-as-expectativas-diz-coordenador-do-laboratorio-municipal-sobre-teste-do-pezinho\/","title":{"rendered":"\u201cSuperou as expectativas\u201d, diz coordenador do Laborat\u00f3rio Municipal sobre Teste do Pezinho"},"content":{"rendered":"<p>O Teste do Pezinho come\u00e7ou a ser disponibilizado desde o dia oito de agosto, no Laborat\u00f3rio Municipal, que fica no Hospital Geral do Paudalho. De acordo com o coordenador do Laborat\u00f3rio Municipal, Ricardo Escorel, em menos de um m\u00eas, a a\u00e7\u00e3o superou as expectativas. \u201cEm tempo curto, em pouco mais de 15 dias, foram realizadas 33 coletas de beb\u00eas, um n\u00famero que, a meu ver, foi acima do esperado\u201d, comentou.<\/p>\n<p>De acordo com o Minist\u00e9rio da Sa\u00fade, \u00a072% dos rec\u00e9m-nascidos em Pernambuco realizaram o exame. O dado mostra que 28% dos beb\u00eas pernambucanos n\u00e3o fizeram a triagem e isso \u00e9 perigoso.\u00a0 A atual gest\u00e3o do Paudalho tem a preocupa\u00e7\u00e3o com os \u00edndices de realiza\u00e7\u00e3o do exame no munic\u00edpio e a meta \u00e9 que nenhuma das crian\u00e7as fiquem sem fazer o teste. Ricardo Escorel ainda detalha que o processo \u00e9 simples e r\u00e1pido. \u201c Basta uma picadinha no calcanhar do beb\u00ea para detectar algumas doen\u00e7as s\u00e9rias que podem afetar o desenvolvimento da crian\u00e7a\u201d, esclareceu.<\/p>\n<h3>O que \u00e9 o teste?<\/h3>\n<p>O exame detecta doen\u00e7as metab\u00f3licas, gen\u00e9ticas e infecciosas que poder\u00e3o causar altera\u00e7\u00f5es no desenvolvimento neuropsicomotor do rec\u00e9m-nascido. O ideal \u00e9 que o teste seja feito at\u00e9 o s\u00e9timo dia de vida.<\/p>\n<p><img loading=\"lazy\" decoding=\"async\" data-attachment-id=\"695\" data-permalink=\"https:\/\/www.paudalho.pe.gov.br\/portal\/superou-as-expectativas-diz-coordenador-do-laboratorio-municipal-sobre-teste-do-pezinho\/reproducao-internet\/\" data-orig-file=\"https:\/\/www.paudalho.pe.gov.br\/portal\/wp-content\/uploads\/2017\/08\/reprodu\u00e7\u00e3o-internet.jpg\" data-orig-size=\"685,580\" data-comments-opened=\"1\" data-image-meta=\"{&quot;aperture&quot;:&quot;0&quot;,&quot;credit&quot;:&quot;&quot;,&quot;camera&quot;:&quot;&quot;,&quot;caption&quot;:&quot;&quot;,&quot;created_timestamp&quot;:&quot;0&quot;,&quot;copyright&quot;:&quot;&quot;,&quot;focal_length&quot;:&quot;0&quot;,&quot;iso&quot;:&quot;0&quot;,&quot;shutter_speed&quot;:&quot;0&quot;,&quot;title&quot;:&quot;&quot;,&quot;orientation&quot;:&quot;0&quot;}\" data-image-title=\"Reprodu\u00e7\u00e3o\/Internet\" data-image-description=\"\" data-image-caption=\"\" data-medium-file=\"https:\/\/www.paudalho.pe.gov.br\/portal\/wp-content\/uploads\/2017\/08\/reprodu\u00e7\u00e3o-internet-350x230.jpg\" data-large-file=\"https:\/\/www.paudalho.pe.gov.br\/portal\/wp-content\/uploads\/2017\/08\/reprodu\u00e7\u00e3o-internet-685x450.jpg\" class=\"alignnone wp-image-695\" src=\"http:\/\/www.paudalho.pe.gov.br\/portal\/wp-content\/uploads\/2017\/08\/reprodu\u00e7\u00e3o-internet-350x230.jpg\" alt=\"\" width=\"490\" height=\"322\" srcset=\"https:\/\/www.paudalho.pe.gov.br\/portal\/wp-content\/uploads\/2017\/08\/reprodu\u00e7\u00e3o-internet-350x230.jpg 350w, https:\/\/www.paudalho.pe.gov.br\/portal\/wp-content\/uploads\/2017\/08\/reprodu\u00e7\u00e3o-internet-685x450.jpg 685w\" sizes=\"auto, (max-width: 490px) 100vw, 490px\" \/><\/p>\n<h3>Servi\u00e7o<\/h3>\n<p>O teste do pezinho \u00e9 oferecido no Laborat\u00f3rio Municipal, que fica anexo ao Hospital Geral, nos dias de ter\u00e7a, quarta e quinta-feira, entre 10h30 e 12h. Para realizar o exame \u00e9 necess\u00e1rio apresenta\u00e7\u00e3o da declara\u00e7\u00e3o de nascido-vivo ou registro do nascimento, o cart\u00e3o do beb\u00ea e um documento da m\u00e3e.<\/p>\n<div id=\"attachment_691\" style=\"width: 525px\" class=\"wp-caption alignnone\"><img loading=\"lazy\" decoding=\"async\" aria-describedby=\"caption-attachment-691\" data-attachment-id=\"691\" data-permalink=\"https:\/\/www.paudalho.pe.gov.br\/portal\/superou-as-expectativas-diz-coordenador-do-laboratorio-municipal-sobre-teste-do-pezinho\/08d7fe5a-e5e1-444f-b7b4-5bfad6d98d98\/\" data-orig-file=\"https:\/\/www.paudalho.pe.gov.br\/portal\/wp-content\/uploads\/2017\/08\/08d7fe5a-e5e1-444f-b7b4-5bfad6d98d98.jpg\" data-orig-size=\"565,479\" data-comments-opened=\"1\" data-image-meta=\"{&quot;aperture&quot;:&quot;0&quot;,&quot;credit&quot;:&quot;&quot;,&quot;camera&quot;:&quot;&quot;,&quot;caption&quot;:&quot;&quot;,&quot;created_timestamp&quot;:&quot;0&quot;,&quot;copyright&quot;:&quot;&quot;,&quot;focal_length&quot;:&quot;0&quot;,&quot;iso&quot;:&quot;0&quot;,&quot;shutter_speed&quot;:&quot;0&quot;,&quot;title&quot;:&quot;&quot;,&quot;orientation&quot;:&quot;0&quot;}\" data-image-title=\"Coordenador do Laborat\u00f3rio Municipal, Ricardo Escorel.\" data-image-description=\"\" data-image-caption=\"&lt;p&gt;Imagem\/Isak de Castro\/Comunica\u00e7\u00e3oPrefeituradePaudalho&lt;\/p&gt;\n\" data-medium-file=\"https:\/\/www.paudalho.pe.gov.br\/portal\/wp-content\/uploads\/2017\/08\/08d7fe5a-e5e1-444f-b7b4-5bfad6d98d98-350x230.jpg\" data-large-file=\"https:\/\/www.paudalho.pe.gov.br\/portal\/wp-content\/uploads\/2017\/08\/08d7fe5a-e5e1-444f-b7b4-5bfad6d98d98-565x450.jpg\" class=\" wp-image-691\" src=\"http:\/\/www.paudalho.pe.gov.br\/portal\/wp-content\/uploads\/2017\/08\/08d7fe5a-e5e1-444f-b7b4-5bfad6d98d98-350x230.jpg\" alt=\"\" width=\"515\" height=\"338\" \/><p id=\"caption-attachment-691\" class=\"wp-caption-text\">Imagem\/Isak de Castro\/Comunica\u00e7\u00e3oPrefeituradePaudalho<\/p><\/div>\n<div id=\"attachment_693\" style=\"width: 526px\" class=\"wp-caption alignnone\"><img loading=\"lazy\" decoding=\"async\" aria-describedby=\"caption-attachment-693\" data-attachment-id=\"693\" data-permalink=\"https:\/\/www.paudalho.pe.gov.br\/portal\/superou-as-expectativas-diz-coordenador-do-laboratorio-municipal-sobre-teste-do-pezinho\/6de801f5-a093-405b-8138-e76a9cf21709\/\" data-orig-file=\"https:\/\/www.paudalho.pe.gov.br\/portal\/wp-content\/uploads\/2017\/08\/6de801f5-a093-405b-8138-e76a9cf21709.jpg\" data-orig-size=\"1280,853\" data-comments-opened=\"1\" data-image-meta=\"{&quot;aperture&quot;:&quot;0&quot;,&quot;credit&quot;:&quot;&quot;,&quot;camera&quot;:&quot;&quot;,&quot;caption&quot;:&quot;&quot;,&quot;created_timestamp&quot;:&quot;0&quot;,&quot;copyright&quot;:&quot;&quot;,&quot;focal_length&quot;:&quot;0&quot;,&quot;iso&quot;:&quot;0&quot;,&quot;shutter_speed&quot;:&quot;0&quot;,&quot;title&quot;:&quot;&quot;,&quot;orientation&quot;:&quot;0&quot;}\" data-image-title=\"Laborat\u00f3rio Municipal do Paudalho\" data-image-description=\"\" data-image-caption=\"&lt;p&gt;Foto: Isak de Castro\/Comunica\u00e7\u00e3oPrefeitura&lt;\/p&gt;\n\" data-medium-file=\"https:\/\/www.paudalho.pe.gov.br\/portal\/wp-content\/uploads\/2017\/08\/6de801f5-a093-405b-8138-e76a9cf21709-350x230.jpg\" data-large-file=\"https:\/\/www.paudalho.pe.gov.br\/portal\/wp-content\/uploads\/2017\/08\/6de801f5-a093-405b-8138-e76a9cf21709-800x450.jpg\" class=\"wp-image-693\" src=\"http:\/\/www.paudalho.pe.gov.br\/portal\/wp-content\/uploads\/2017\/08\/6de801f5-a093-405b-8138-e76a9cf21709-350x230.jpg\" alt=\"\" width=\"516\" height=\"339\" \/><p id=\"caption-attachment-693\" class=\"wp-caption-text\">Foto: Isak de Castro\/Comunica\u00e7\u00e3oPrefeituradePaudalho<\/p><\/div>\n<p>&nbsp;<\/p>\n<p>&nbsp;<\/p>\n","protected":false},"excerpt":{"rendered":"<p>O Teste do Pezinho come\u00e7ou a ser disponibilizado desde o dia oito de agosto, no Laborat\u00f3rio Municipal, que fica no Hospital Geral do Paudalho. De acordo com o coordenador do Laborat\u00f3rio Municipal, Ricardo Escorel, em menos de um m\u00eas, a a\u00e7\u00e3o superou as expectativas. \u201cEm tempo curto, em pouco mais de 15 dias, foram realizadas [&hellip;]<\/p>\n","protected":false},"author":4,"featured_media":692,"comment_status":"open","ping_status":"open","sticky":false,"template":"","format":"standard","meta":{"_jetpack_newsletter_access":"","_jetpack_dont_email_post_to_subs":false,"_jetpack_newsletter_tier_id":0,"_jetpack_memberships_contains_paywalled_content":false,"_jetpack_memberships_contains_paid_content":false,"footnotes":""},"categories":[2,3],"tags":[77,78,14,76],"class_list":["post-690","post","type-post","status-publish","format-standard","has-post-thumbnail","hentry","category-destaque","category-saude","tag-hospital-geral-de-paudalho","tag-laboratorio-municipal","tag-paudalho","tag-teste-do-pezinho"],"jetpack_featured_media_url":"https:\/\/www.paudalho.pe.gov.br\/portal\/wp-content\/uploads\/2017\/08\/e7cccad1-d9b3-487a-b89b-b04b3ad0695b.jpg","jetpack_sharing_enabled":true,"jetpack_shortlink":"https:\/\/wp.me\/p98mS2-b8","_links":{"self":[{"href":"https:\/\/www.paudalho.pe.gov.br\/portal\/wp-json\/wp\/v2\/posts\/690","targetHints":{"allow":["GET"]}}],"collection":[{"href":"https:\/\/www.paudalho.pe.gov.br\/portal\/wp-json\/wp\/v2\/posts"}],"about":[{"href":"https:\/\/www.paudalho.pe.gov.br\/portal\/wp-json\/wp\/v2\/types\/post"}],"author":[{"embeddable":true,"href":"https:\/\/www.paudalho.pe.gov.br\/portal\/wp-json\/wp\/v2\/users\/4"}],"replies":[{"embeddable":true,"href":"https:\/\/www.paudalho.pe.gov.br\/portal\/wp-json\/wp\/v2\/comments?post=690"}],"version-history":[{"count":5,"href":"https:\/\/www.paudalho.pe.gov.br\/portal\/wp-json\/wp\/v2\/posts\/690\/revisions"}],"predecessor-version":[{"id":1187,"href":"https:\/\/www.paudalho.pe.gov.br\/portal\/wp-json\/wp\/v2\/posts\/690\/revisions\/1187"}],"wp:featuredmedia":[{"embeddable":true,"href":"https:\/\/www.paudalho.pe.gov.br\/portal\/wp-json\/wp\/v2\/media\/692"}],"wp:attachment":[{"href":"https:\/\/www.paudalho.pe.gov.br\/portal\/wp-json\/wp\/v2\/media?parent=690"}],"wp:term":[{"taxonomy":"category","embeddable":true,"href":"https:\/\/www.paudalho.pe.gov.br\/portal\/wp-json\/wp\/v2\/categories?post=690"},{"taxonomy":"post_tag","embeddable":true,"href":"https:\/\/www.paudalho.pe.gov.br\/portal\/wp-json\/wp\/v2\/tags?post=690"}],"curies":[{"name":"wp","href":"https:\/\/api.w.org\/{rel}","templated":true}]}}