{"id":6871,"date":"2019-05-06T12:07:17","date_gmt":"2019-05-06T15:07:17","guid":{"rendered":"https:\/\/www.paudalho.pe.gov.br\/portal\/?p=6871"},"modified":"2019-05-06T13:08:07","modified_gmt":"2019-05-06T16:08:07","slug":"programa-ruas-ja-pavimentou-dezenas-de-ruas-em-paudalho","status":"publish","type":"post","link":"https:\/\/www.paudalho.pe.gov.br\/portal\/programa-ruas-ja-pavimentou-dezenas-de-ruas-em-paudalho\/","title":{"rendered":"Programa Ruas j\u00e1 pavimentou dezenas de ruas em Paudalho"},"content":{"rendered":"\n<p>Trinta e oito ruas j\u00e1 foram pavimentadas, em Paudalho, atrav\u00e9s do Programa Ruas do Povo. Entre elas est\u00e3o as Ruas Um, Dois, Tr\u00eas, Quatro e Cinco, no bairro da Portelinha, Ruas Um, Tr\u00eas, Quatro e Cinco, em Rosarinho, Travessa Paulo Guerra e Rua Quatro, em Ch\u00e3 de Cruz, Rua Cinco, na Asa Branca, Rua Paralela 35, na Primavera e ainda as Ruas Quatro, Cinco, Sete e Oito, na Santa Tereza e Ruas Nove e Cinco, no Bel\u00e9m, entre outras. A a\u00e7\u00e3o tem investimento de R$ 6.530.794,14 <\/p>\n\n\n\n<p>Na comunidade do Alto Dois Irm\u00e3os mora a dona de Casa Maria de F\u00e1tima, de 46 anos. Gra\u00e7as ao Programa, ela faz parte das centenas de fam\u00edlias que tiveram as ruas de suas casas cal\u00e7adas no Munic\u00edpio. \u201cAntes quando chovia era uma agonia, a gente j\u00e1 se preparava para o sofrimento. Eu lembro que coloc\u00e1vamos uma t\u00e1bua para poder entrar e o esgoto ainda era aberto. Como n\u00e3o ficar feliz, n\u00e3o \u00e9? Tudo isso mudou\u201d, disse.<\/p>\n\n\n\n<figure class=\"wp-block-image\"><img loading=\"lazy\" decoding=\"async\" width=\"853\" height=\"1280\" data-attachment-id=\"6872\" data-permalink=\"https:\/\/www.paudalho.pe.gov.br\/portal\/programa-ruas-ja-pavimentou-dezenas-de-ruas-em-paudalho\/aaebbe5e-2690-4af3-8863-e2d6086a278f\/\" data-orig-file=\"https:\/\/www.paudalho.pe.gov.br\/portal\/wp-content\/uploads\/2019\/05\/aaebbe5e-2690-4af3-8863-e2d6086a278f.jpg\" data-orig-size=\"853,1280\" data-comments-opened=\"1\" data-image-meta=\"{&quot;aperture&quot;:&quot;0&quot;,&quot;credit&quot;:&quot;&quot;,&quot;camera&quot;:&quot;&quot;,&quot;caption&quot;:&quot;&quot;,&quot;created_timestamp&quot;:&quot;0&quot;,&quot;copyright&quot;:&quot;&quot;,&quot;focal_length&quot;:&quot;0&quot;,&quot;iso&quot;:&quot;0&quot;,&quot;shutter_speed&quot;:&quot;0&quot;,&quot;title&quot;:&quot;&quot;,&quot;orientation&quot;:&quot;0&quot;}\" data-image-title=\"aaebbe5e-2690-4af3-8863-e2d6086a278f\" data-image-description=\"\" data-image-caption=\"\" data-medium-file=\"https:\/\/www.paudalho.pe.gov.br\/portal\/wp-content\/uploads\/2019\/05\/aaebbe5e-2690-4af3-8863-e2d6086a278f-350x230.jpg\" data-large-file=\"https:\/\/www.paudalho.pe.gov.br\/portal\/wp-content\/uploads\/2019\/05\/aaebbe5e-2690-4af3-8863-e2d6086a278f-800x450.jpg\" src=\"https:\/\/i0.wp.com\/www.paudalho.pe.gov.br\/portal\/wp-content\/uploads\/2019\/05\/aaebbe5e-2690-4af3-8863-e2d6086a278f.jpg?resize=800%2C450&amp;ssl=1\" alt=\"\" class=\"wp-image-6872\" srcset=\"https:\/\/www.paudalho.pe.gov.br\/portal\/wp-content\/uploads\/2019\/05\/aaebbe5e-2690-4af3-8863-e2d6086a278f.jpg 853w, https:\/\/www.paudalho.pe.gov.br\/portal\/wp-content\/uploads\/2019\/05\/aaebbe5e-2690-4af3-8863-e2d6086a278f-768x1152.jpg 768w\" sizes=\"auto, (max-width: 853px) 100vw, 853px\" \/><figcaption>Foto: Josu\u00e9 J\u00fanior\/PMP<\/figcaption><\/figure>\n\n\n\n<h3 class=\"wp-block-heading\">O trabalho n\u00e3o para<\/h3>\n\n\n\n<p>O Programa tem o objetivo de dignificar a vida dos paudalhense e vai pavimentar mais de 100 ruas em toda a cidade. S\u00e3o 19 bairros contemplados.<\/p>\n\n\n\n<p>A a\u00e7\u00e3o \u00e9 inclusiva e atende comunidades do Centro \u00e0\nZona Rural. Maria Jos\u00e9 F\u00e9lix, de 62 anos, mora na Travessa B, tamb\u00e9m no bairro do\nAlto Dois Irm\u00e3os e sofria com a falta de pavimenta\u00e7\u00e3o no local. Os p\u00e9s cansados\nde enfrentar durante quase 40 anos de trabalho uma caminhada na terra batida,\nesburacada, que na chuva virava lama,agora pisam uma realidade concreta! \u201cAqui\nn\u00e3o tinha nada. Para uma pessoa de idade como eu era bastante dif\u00edcil. Agora, veja\ncomo est\u00e1! A gente n\u00e3o conseguia nem andar na lama quando chovia. Eu fico muito\nfeliz!\u201d, finalizou.<\/p>\n","protected":false},"excerpt":{"rendered":"<p>Trinta e oito ruas j\u00e1 foram pavimentadas, em Paudalho, atrav\u00e9s do Programa Ruas do Povo. Entre elas est\u00e3o as Ruas Um, Dois, Tr\u00eas, Quatro e Cinco, no bairro da Portelinha, Ruas Um, Tr\u00eas, Quatro e Cinco, em Rosarinho, Travessa Paulo Guerra e Rua Quatro, em Ch\u00e3 de Cruz, Rua Cinco, na Asa Branca, Rua Paralela [&hellip;]<\/p>\n","protected":false},"author":4,"featured_media":6873,"comment_status":"open","ping_status":"open","sticky":false,"template":"","format":"standard","meta":{"_jetpack_newsletter_access":"","_jetpack_dont_email_post_to_subs":false,"_jetpack_newsletter_tier_id":0,"_jetpack_memberships_contains_paywalled_content":false,"_jetpack_memberships_contains_paid_content":false,"footnotes":""},"categories":[2,1],"tags":[14,348,344],"class_list":["post-6871","post","type-post","status-publish","format-standard","has-post-thumbnail","hentry","category-destaque","category-noticias","tag-paudalho","tag-programa-ruas-do-povo","tag-ruas-do-povo"],"jetpack_featured_media_url":"https:\/\/www.paudalho.pe.gov.br\/portal\/wp-content\/uploads\/2019\/05\/52e21500-21f5-4952-91a5-6d9f995f8e80.jpg","jetpack_sharing_enabled":true,"jetpack_shortlink":"https:\/\/wp.me\/p98mS2-1MP","_links":{"self":[{"href":"https:\/\/www.paudalho.pe.gov.br\/portal\/wp-json\/wp\/v2\/posts\/6871","targetHints":{"allow":["GET"]}}],"collection":[{"href":"https:\/\/www.paudalho.pe.gov.br\/portal\/wp-json\/wp\/v2\/posts"}],"about":[{"href":"https:\/\/www.paudalho.pe.gov.br\/portal\/wp-json\/wp\/v2\/types\/post"}],"author":[{"embeddable":true,"href":"https:\/\/www.paudalho.pe.gov.br\/portal\/wp-json\/wp\/v2\/users\/4"}],"replies":[{"embeddable":true,"href":"https:\/\/www.paudalho.pe.gov.br\/portal\/wp-json\/wp\/v2\/comments?post=6871"}],"version-history":[{"count":5,"href":"https:\/\/www.paudalho.pe.gov.br\/portal\/wp-json\/wp\/v2\/posts\/6871\/revisions"}],"predecessor-version":[{"id":6879,"href":"https:\/\/www.paudalho.pe.gov.br\/portal\/wp-json\/wp\/v2\/posts\/6871\/revisions\/6879"}],"wp:featuredmedia":[{"embeddable":true,"href":"https:\/\/www.paudalho.pe.gov.br\/portal\/wp-json\/wp\/v2\/media\/6873"}],"wp:attachment":[{"href":"https:\/\/www.paudalho.pe.gov.br\/portal\/wp-json\/wp\/v2\/media?parent=6871"}],"wp:term":[{"taxonomy":"category","embeddable":true,"href":"https:\/\/www.paudalho.pe.gov.br\/portal\/wp-json\/wp\/v2\/categories?post=6871"},{"taxonomy":"post_tag","embeddable":true,"href":"https:\/\/www.paudalho.pe.gov.br\/portal\/wp-json\/wp\/v2\/tags?post=6871"}],"curies":[{"name":"wp","href":"https:\/\/api.w.org\/{rel}","templated":true}]}}