{"id":6865,"date":"2019-05-02T14:31:02","date_gmt":"2019-05-02T17:31:02","guid":{"rendered":"https:\/\/www.paudalho.pe.gov.br\/portal\/?p=6865"},"modified":"2019-05-02T14:31:09","modified_gmt":"2019-05-02T17:31:09","slug":"audiencia-publica-sobre-revisao-do-eleitorado-atraves-da-biometria-e-realizada-em-paudalho","status":"publish","type":"post","link":"https:\/\/www.paudalho.pe.gov.br\/portal\/audiencia-publica-sobre-revisao-do-eleitorado-atraves-da-biometria-e-realizada-em-paudalho\/","title":{"rendered":"Audi\u00eancia P\u00fablica sobre revis\u00e3o do eleitorado atrav\u00e9s da biometria \u00e9 realizada em Paudalho"},"content":{"rendered":"\n<p>Com apoio da Prefeitura do\nPaudalho, ser\u00e1 realizada na pr\u00f3xima ter\u00e7a-feira (7), uma Audi\u00eancia P\u00fablica com\no juiz da 17\u00ba Zona Eleitoral &#8211; Paudalho, Dr. Guilherme Augusto de Albuquerque\nArzani. A programa\u00e7\u00e3o ocorre a partir das 10h, no Plen\u00e1rio da C\u00e2mara dos\nVereadores, que fica na Rua Jo\u00e3o Alfredo, n\u00ba 100, no Centro da cidade. <\/p>\n\n\n\n<p>No momento ser\u00e1 abordada a\nrevis\u00e3o do eleitorado mediante a incorpora\u00e7\u00e3o de dados biom\u00e9tricos e fotografia\ndo Munic\u00edpio no ciclo&nbsp; 2018\/2020. A\nprograma\u00e7\u00e3o ter\u00e1 o objetivo de esclarecer e ouvir a popula\u00e7\u00e3o. No momento estar\u00e3o\npresentes autoridades do poder Executivo, Judici\u00e1rio e Legislativo de Paudalho.\n<\/p>\n\n\n\n<h3 class=\"wp-block-heading\">Biometria no processo\neleitoral <\/h3>\n\n\n\n<p>De acordo com a Justi\u00e7a\nEleitoral, a biometria \u00e9 uma tecnologia que vem sendo adotada pelo \u00f3rg\u00e3o desde\n2008, para dar mais seguran\u00e7a \u00e0 identifica\u00e7\u00e3o do eleitor no momento da vota\u00e7\u00e3o.\nPor isso, alguns cart\u00f3rios eleitorais est\u00e3o realizando recadastramento\nbiom\u00e9trico, para coleta de digitais, assinatura e foto do eleitor.<\/p>\n","protected":false},"excerpt":{"rendered":"<p>Com apoio da Prefeitura do Paudalho, ser\u00e1 realizada na pr\u00f3xima ter\u00e7a-feira (7), uma Audi\u00eancia P\u00fablica com o juiz da 17\u00ba Zona Eleitoral &#8211; Paudalho, Dr. Guilherme Augusto de Albuquerque Arzani. A programa\u00e7\u00e3o ocorre a partir das 10h, no Plen\u00e1rio da C\u00e2mara dos Vereadores, que fica na Rua Jo\u00e3o Alfredo, n\u00ba 100, no Centro da cidade. [&hellip;]<\/p>\n","protected":false},"author":4,"featured_media":6866,"comment_status":"open","ping_status":"open","sticky":false,"template":"","format":"standard","meta":{"_jetpack_newsletter_access":"","_jetpack_dont_email_post_to_subs":false,"_jetpack_newsletter_tier_id":0,"_jetpack_memberships_contains_paywalled_content":false,"_jetpack_memberships_contains_paid_content":false,"footnotes":""},"categories":[43,2,1],"tags":[476],"class_list":["post-6865","post","type-post","status-publish","format-standard","has-post-thumbnail","hentry","category-audiencia-publica","category-destaque","category-noticias","tag-biometria"],"jetpack_featured_media_url":"https:\/\/www.paudalho.pe.gov.br\/portal\/wp-content\/uploads\/2019\/05\/biometria-8bdfa76921b20df826fb19f9ba0c3398-1200x600.jpg","jetpack_sharing_enabled":true,"jetpack_shortlink":"https:\/\/wp.me\/p98mS2-1MJ","_links":{"self":[{"href":"https:\/\/www.paudalho.pe.gov.br\/portal\/wp-json\/wp\/v2\/posts\/6865","targetHints":{"allow":["GET"]}}],"collection":[{"href":"https:\/\/www.paudalho.pe.gov.br\/portal\/wp-json\/wp\/v2\/posts"}],"about":[{"href":"https:\/\/www.paudalho.pe.gov.br\/portal\/wp-json\/wp\/v2\/types\/post"}],"author":[{"embeddable":true,"href":"https:\/\/www.paudalho.pe.gov.br\/portal\/wp-json\/wp\/v2\/users\/4"}],"replies":[{"embeddable":true,"href":"https:\/\/www.paudalho.pe.gov.br\/portal\/wp-json\/wp\/v2\/comments?post=6865"}],"version-history":[{"count":1,"href":"https:\/\/www.paudalho.pe.gov.br\/portal\/wp-json\/wp\/v2\/posts\/6865\/revisions"}],"predecessor-version":[{"id":6867,"href":"https:\/\/www.paudalho.pe.gov.br\/portal\/wp-json\/wp\/v2\/posts\/6865\/revisions\/6867"}],"wp:featuredmedia":[{"embeddable":true,"href":"https:\/\/www.paudalho.pe.gov.br\/portal\/wp-json\/wp\/v2\/media\/6866"}],"wp:attachment":[{"href":"https:\/\/www.paudalho.pe.gov.br\/portal\/wp-json\/wp\/v2\/media?parent=6865"}],"wp:term":[{"taxonomy":"category","embeddable":true,"href":"https:\/\/www.paudalho.pe.gov.br\/portal\/wp-json\/wp\/v2\/categories?post=6865"},{"taxonomy":"post_tag","embeddable":true,"href":"https:\/\/www.paudalho.pe.gov.br\/portal\/wp-json\/wp\/v2\/tags?post=6865"}],"curies":[{"name":"wp","href":"https:\/\/api.w.org\/{rel}","templated":true}]}}