{"id":6851,"date":"2019-05-02T11:42:25","date_gmt":"2019-05-02T14:42:25","guid":{"rendered":"https:\/\/www.paudalho.pe.gov.br\/portal\/?p=6851"},"modified":"2019-05-02T12:46:40","modified_gmt":"2019-05-02T15:46:40","slug":"eu-achei-maravilhosa-diz-paudalhense-sobre-2o-conferencia-municipal-dos-direitos-da-pessoa-idosa","status":"publish","type":"post","link":"https:\/\/www.paudalho.pe.gov.br\/portal\/eu-achei-maravilhosa-diz-paudalhense-sobre-2o-conferencia-municipal-dos-direitos-da-pessoa-idosa\/","title":{"rendered":"\u201cEu achei maravilhosa\u201d, diz paudalhense sobre 2\u00ba Confer\u00eancia Municipal dos Direitos da Pessoa Idosa"},"content":{"rendered":"\n<p>Com o tema: \u201cEnvelhecer no S\u00e9culo XXI e o Papel das Pol\u00edticas P\u00fablicas\u201d, a 2\u00ba Confer\u00eancia Municipal dos Direitos da Pessoa Idosa ocorreu na \u00faltima ter\u00e7a-feira (30), no Sal\u00e3o Paroquial, no Centro de Paudalho. A programa\u00e7\u00e3o reuniu mais de 100 idosos e ofertou palestras e grupos de debates. A programa\u00e7\u00e3o foi realizada pela Secretaria de Desenvolvimento e Assist\u00eancia Social, por meio do Conselho Municipal do Idoso. <\/p>\n\n\n\n<p>A aposentada Maria Jos\u00e9, conhecida como dona Zezita, de\n87 anos, era a idosa mais experiente no local. O sorriso largo no rosto n\u00e3o\nescondia a alegria de participar do momento. \u201cEu achei maravilhosa, adorei.\nAchei muito bom a quest\u00e3o das orienta\u00e7\u00f5es que recebemos\u201d, disse. <\/p>\n\n\n\n<p>Na Confer\u00eancia foram discutidos quatro eixos, em grupos, com mudan\u00e7as e sugest\u00f5es para continuar melhorando as pol\u00edticas p\u00fablicas que s\u00e3o implantadas no Munic\u00edpio. Ap\u00f3s o momento, um documento com as sugest\u00f5es ser\u00e1 encaminhado para as Confer\u00eancias Estadual e Nacional.<\/p>\n\n\n\n<h3 class=\"wp-block-heading\">Sa\u00fade <\/h3>\n\n\n\n<p>A programa\u00e7\u00e3o teve a parceria da Secretaria de Sa\u00fade. No local, os idosos que ainda n\u00e3o tinha tomado a vacina contra a influenza puderam se imunizar.<\/p>\n\n\n\n<p> Para a Secretaria de Desenvolvimento e Assist\u00eancia Social, Valqu\u00edria Marinho, o momento reflete o compromisso da gest\u00e3o com a popula\u00e7\u00e3o. \u201cO objetivo foi de construir essas medidas para que a nossa popula\u00e7\u00e3o seja cada vez mais atendida. Temos representatividade de idosos da Zona Rural e do Centro e nosso trabalho n\u00e3o para. O nosso objetivo \u00e9 ouvir o idosos, porque s\u00f3 ele sabe a pol\u00edtica p\u00fablica que ele precisa\u201d, finalizou.  <\/p>\n\n\n\n<figure class=\"wp-block-image\"><img loading=\"lazy\" decoding=\"async\" width=\"6000\" height=\"3376\" data-attachment-id=\"6853\" data-permalink=\"https:\/\/www.paudalho.pe.gov.br\/portal\/eu-achei-maravilhosa-diz-paudalhense-sobre-2o-conferencia-municipal-dos-direitos-da-pessoa-idosa\/dsc09816\/\" data-orig-file=\"https:\/\/www.paudalho.pe.gov.br\/portal\/wp-content\/uploads\/2019\/05\/DSC09816.jpg\" data-orig-size=\"6000,3376\" data-comments-opened=\"1\" data-image-meta=\"{&quot;aperture&quot;:&quot;0&quot;,&quot;credit&quot;:&quot;&quot;,&quot;camera&quot;:&quot;ILCE-6500&quot;,&quot;caption&quot;:&quot;&quot;,&quot;created_timestamp&quot;:&quot;1553954233&quot;,&quot;copyright&quot;:&quot;&quot;,&quot;focal_length&quot;:&quot;0&quot;,&quot;iso&quot;:&quot;800&quot;,&quot;shutter_speed&quot;:&quot;0.00625&quot;,&quot;title&quot;:&quot;&quot;,&quot;orientation&quot;:&quot;1&quot;}\" data-image-title=\"DSC09816\" data-image-description=\"\" data-image-caption=\"\" data-medium-file=\"https:\/\/www.paudalho.pe.gov.br\/portal\/wp-content\/uploads\/2019\/05\/DSC09816-350x230.jpg\" data-large-file=\"https:\/\/www.paudalho.pe.gov.br\/portal\/wp-content\/uploads\/2019\/05\/DSC09816-800x450.jpg\" src=\"https:\/\/i0.wp.com\/www.paudalho.pe.gov.br\/portal\/wp-content\/uploads\/2019\/05\/DSC09816.jpg?resize=800%2C450&amp;ssl=1\" alt=\"\" class=\"wp-image-6853\" srcset=\"https:\/\/www.paudalho.pe.gov.br\/portal\/wp-content\/uploads\/2019\/05\/DSC09816.jpg 6000w, https:\/\/www.paudalho.pe.gov.br\/portal\/wp-content\/uploads\/2019\/05\/DSC09816-768x432.jpg 768w, https:\/\/www.paudalho.pe.gov.br\/portal\/wp-content\/uploads\/2019\/05\/DSC09816-800x450.jpg 800w\" sizes=\"auto, (max-width: 6000px) 100vw, 6000px\" \/><figcaption>Foto: Wiliams F\u00e9lix\/PMP <\/figcaption><\/figure>\n","protected":false},"excerpt":{"rendered":"<p>Com o tema: \u201cEnvelhecer no S\u00e9culo XXI e o Papel das Pol\u00edticas P\u00fablicas\u201d, a 2\u00ba Confer\u00eancia Municipal dos Direitos da Pessoa Idosa ocorreu na \u00faltima ter\u00e7a-feira (30), no Sal\u00e3o Paroquial, no Centro de Paudalho. A programa\u00e7\u00e3o reuniu mais de 100 idosos e ofertou palestras e grupos de debates. A programa\u00e7\u00e3o foi realizada pela Secretaria de [&hellip;]<\/p>\n","protected":false},"author":4,"featured_media":6852,"comment_status":"open","ping_status":"open","sticky":false,"template":"","format":"standard","meta":{"_jetpack_newsletter_access":"","_jetpack_dont_email_post_to_subs":false,"_jetpack_newsletter_tier_id":0,"_jetpack_memberships_contains_paywalled_content":false,"_jetpack_memberships_contains_paid_content":false,"footnotes":""},"categories":[2,1],"tags":[471,336,22],"class_list":["post-6851","post","type-post","status-publish","format-standard","has-post-thumbnail","hentry","category-destaque","category-noticias","tag-2o-conferencia-municipal-dos-direitos-da-pessoa-idosa","tag-idosos","tag-prefeitura-do-paudalho"],"jetpack_featured_media_url":"https:\/\/www.paudalho.pe.gov.br\/portal\/wp-content\/uploads\/2019\/05\/DSC09790.jpg","jetpack_sharing_enabled":true,"jetpack_shortlink":"https:\/\/wp.me\/p98mS2-1Mv","_links":{"self":[{"href":"https:\/\/www.paudalho.pe.gov.br\/portal\/wp-json\/wp\/v2\/posts\/6851","targetHints":{"allow":["GET"]}}],"collection":[{"href":"https:\/\/www.paudalho.pe.gov.br\/portal\/wp-json\/wp\/v2\/posts"}],"about":[{"href":"https:\/\/www.paudalho.pe.gov.br\/portal\/wp-json\/wp\/v2\/types\/post"}],"author":[{"embeddable":true,"href":"https:\/\/www.paudalho.pe.gov.br\/portal\/wp-json\/wp\/v2\/users\/4"}],"replies":[{"embeddable":true,"href":"https:\/\/www.paudalho.pe.gov.br\/portal\/wp-json\/wp\/v2\/comments?post=6851"}],"version-history":[{"count":4,"href":"https:\/\/www.paudalho.pe.gov.br\/portal\/wp-json\/wp\/v2\/posts\/6851\/revisions"}],"predecessor-version":[{"id":6857,"href":"https:\/\/www.paudalho.pe.gov.br\/portal\/wp-json\/wp\/v2\/posts\/6851\/revisions\/6857"}],"wp:featuredmedia":[{"embeddable":true,"href":"https:\/\/www.paudalho.pe.gov.br\/portal\/wp-json\/wp\/v2\/media\/6852"}],"wp:attachment":[{"href":"https:\/\/www.paudalho.pe.gov.br\/portal\/wp-json\/wp\/v2\/media?parent=6851"}],"wp:term":[{"taxonomy":"category","embeddable":true,"href":"https:\/\/www.paudalho.pe.gov.br\/portal\/wp-json\/wp\/v2\/categories?post=6851"},{"taxonomy":"post_tag","embeddable":true,"href":"https:\/\/www.paudalho.pe.gov.br\/portal\/wp-json\/wp\/v2\/tags?post=6851"}],"curies":[{"name":"wp","href":"https:\/\/api.w.org\/{rel}","templated":true}]}}