{"id":6829,"date":"2019-04-29T11:18:17","date_gmt":"2019-04-29T14:18:17","guid":{"rendered":"https:\/\/www.paudalho.pe.gov.br\/portal\/?p=6829"},"modified":"2019-04-29T12:57:23","modified_gmt":"2019-04-29T15:57:23","slug":"2o-conferencia-municipal-dos-direitos-da-pessoa-idosa-ocorre-nesta-terca-feira-30","status":"publish","type":"post","link":"https:\/\/www.paudalho.pe.gov.br\/portal\/2o-conferencia-municipal-dos-direitos-da-pessoa-idosa-ocorre-nesta-terca-feira-30\/","title":{"rendered":"2\u00ba Confer\u00eancia Municipal dos Direitos da Pessoa Idosa ocorre nesta ter\u00e7a-feira (30)"},"content":{"rendered":"\n<p>A Prefeitura do Paudalho por meio da Secretaria de Desenvolvimento e Assist\u00eancia Social e Conselho Municipal de Defesa dos Direitos da Pessoa Idosa realiza nesta ter\u00e7a-feira (30) a II Confer\u00eancia Municipal dos Direitos da Pessoa Idosa. <\/p>\n\n\n\n<p>A programa\u00e7\u00e3o, que tem por tema: Os Desafios de\nEnvelhecer no S\u00e9culo XXI e o Papel das Pol\u00edticas P\u00fablicas ocorrer\u00e1 no Sal\u00e3o\nParoquial, que fica na Pra\u00e7a do Divino Esp\u00edrito Santo, no Centro, das 8h \u00e0s\n16h.<\/p>\n\n\n\n<p>O objetivo da a\u00e7\u00e3o \u00e9 de discutir tem\u00e1ticas sobre o p\u00fablico da melhor idade e ainda propor medidas que garantam os direitos fundamentais da pessoa idosa como a sa\u00fade, assist\u00eancia social, previd\u00eancia, moradia, transporte, educa\u00e7\u00e3o cultura, esporte e lazer. <\/p>\n\n\n\n<h3 class=\"wp-block-heading\">Servi\u00e7o:<\/h3>\n\n\n\n<p>2\u00ba Confer\u00eancia Municipal dos Direitos da Pessoa Idosa<\/p>\n\n\n\n<p>Local:  Sal\u00e3o Paroquial &#8211; Pra\u00e7a do Divino Esp\u00edrito Santo &#8211; Centro <\/p>\n\n\n\n<p>Hor\u00e1rio:  8h \u00e0s 16h <\/p>\n\n\n\n<p>Data: Quarta-feira &#8211; 30 de Abril de 2019.<\/p>\n","protected":false},"excerpt":{"rendered":"<p>A Prefeitura do Paudalho por meio da Secretaria de Desenvolvimento e Assist\u00eancia Social e Conselho Municipal de Defesa dos Direitos da Pessoa Idosa realiza nesta ter\u00e7a-feira (30) a II Confer\u00eancia Municipal dos Direitos da Pessoa Idosa. A programa\u00e7\u00e3o, que tem por tema: Os Desafios de Envelhecer no S\u00e9culo XXI e o Papel das Pol\u00edticas P\u00fablicas [&hellip;]<\/p>\n","protected":false},"author":4,"featured_media":6830,"comment_status":"open","ping_status":"open","sticky":false,"template":"","format":"standard","meta":{"_jetpack_newsletter_access":"","_jetpack_dont_email_post_to_subs":false,"_jetpack_newsletter_tier_id":0,"_jetpack_memberships_contains_paywalled_content":false,"_jetpack_memberships_contains_paid_content":false,"footnotes":""},"categories":[2,1],"tags":[471,336,22],"class_list":["post-6829","post","type-post","status-publish","format-standard","has-post-thumbnail","hentry","category-destaque","category-noticias","tag-2o-conferencia-municipal-dos-direitos-da-pessoa-idosa","tag-idosos","tag-prefeitura-do-paudalho"],"jetpack_featured_media_url":"https:\/\/www.paudalho.pe.gov.br\/portal\/wp-content\/uploads\/2019\/04\/woman-1031000_1920.jpg","jetpack_sharing_enabled":true,"jetpack_shortlink":"https:\/\/wp.me\/p98mS2-1M9","_links":{"self":[{"href":"https:\/\/www.paudalho.pe.gov.br\/portal\/wp-json\/wp\/v2\/posts\/6829","targetHints":{"allow":["GET"]}}],"collection":[{"href":"https:\/\/www.paudalho.pe.gov.br\/portal\/wp-json\/wp\/v2\/posts"}],"about":[{"href":"https:\/\/www.paudalho.pe.gov.br\/portal\/wp-json\/wp\/v2\/types\/post"}],"author":[{"embeddable":true,"href":"https:\/\/www.paudalho.pe.gov.br\/portal\/wp-json\/wp\/v2\/users\/4"}],"replies":[{"embeddable":true,"href":"https:\/\/www.paudalho.pe.gov.br\/portal\/wp-json\/wp\/v2\/comments?post=6829"}],"version-history":[{"count":5,"href":"https:\/\/www.paudalho.pe.gov.br\/portal\/wp-json\/wp\/v2\/posts\/6829\/revisions"}],"predecessor-version":[{"id":6837,"href":"https:\/\/www.paudalho.pe.gov.br\/portal\/wp-json\/wp\/v2\/posts\/6829\/revisions\/6837"}],"wp:featuredmedia":[{"embeddable":true,"href":"https:\/\/www.paudalho.pe.gov.br\/portal\/wp-json\/wp\/v2\/media\/6830"}],"wp:attachment":[{"href":"https:\/\/www.paudalho.pe.gov.br\/portal\/wp-json\/wp\/v2\/media?parent=6829"}],"wp:term":[{"taxonomy":"category","embeddable":true,"href":"https:\/\/www.paudalho.pe.gov.br\/portal\/wp-json\/wp\/v2\/categories?post=6829"},{"taxonomy":"post_tag","embeddable":true,"href":"https:\/\/www.paudalho.pe.gov.br\/portal\/wp-json\/wp\/v2\/tags?post=6829"}],"curies":[{"name":"wp","href":"https:\/\/api.w.org\/{rel}","templated":true}]}}