{"id":6768,"date":"2019-04-22T11:45:13","date_gmt":"2019-04-22T14:45:13","guid":{"rendered":"https:\/\/www.paudalho.pe.gov.br\/portal\/?p=6768"},"modified":"2019-04-22T12:12:44","modified_gmt":"2019-04-22T15:12:44","slug":"paixao-de-cristo-do-monte-da-fe-atrai-milhares-de-pessoas-em-paudalho","status":"publish","type":"post","link":"https:\/\/www.paudalho.pe.gov.br\/portal\/paixao-de-cristo-do-monte-da-fe-atrai-milhares-de-pessoas-em-paudalho\/","title":{"rendered":"Paix\u00e3o de Cristo do Monte da F\u00e9 atrai milhares de pessoas em Paudalho"},"content":{"rendered":"\n<p>Tr\u00eas noites que misturaram f\u00e9, cultura e emo\u00e7\u00e3o. Com apoio da Prefeitura do Paudalho, a Paix\u00e3o de Cristo do Monte da F\u00e9 foi realizada na \u00faltima quarta (17), quinta (18) e sexta-feira (19), na comunidade da Asa Branca, em Paudalho e atraiu milhares de pessoas.<\/p>\n\n\n\n<p>O espet\u00e1culo, com dire\u00e7\u00e3o geral de Jo\u00e3o Batista, apresentou a vida de Jesus em 14 cenas em uma produ\u00e7\u00e3o que contou com a participa\u00e7\u00e3o de 100 pessoas. Para a professora aposentada, Lindalva Gomes, o momento foi de renovo. \u201cUm espet\u00e1culo lindo, com tantos detalhes. A gente se emociona, eu fiquei bastante emocionada. A produ\u00e7\u00e3o est\u00e1 de parab\u00e9ns\u201d, disse. <\/p>\n\n\n\n<p>J\u00e1 Vanusa Soares, de 40 anos, destacou a import\u00e2ncia da programa\u00e7\u00e3o para a Cultura na cidade. \u201cEu gostei muito e \u00e9 importante manter viva a encena\u00e7\u00e3o porque com isso as pessoas podem lembrar da hist\u00f3ria de Jesus\u201d, comentou. <\/p>\n\n\n\n<h3 class=\"wp-block-heading\">&nbsp;Hist\u00f3ria<\/h3>\n\n\n\n<p>A encena\u00e7\u00e3o da Paix\u00e3o de Cristo no Munic\u00edpio come\u00e7ou a ocorrer em 1980 com um grupo de jovens chamado \u201cTarcizianos\u201d. O espet\u00e1culo foi itinerante e desde 2006 \u00e9 apresentado no Monte da F\u00e9, na Asa Branca. Em 2019, todo elenco foi natural de Paudalho. No papel principal, o ator J\u00fanior Pereira de Lima interpretou Jesus, j\u00e1 Maria foi encenada pela atriz Flaviana Silvino. Herodes ganhou vida atrav\u00e9s da atua\u00e7\u00e3o de Cec\u00e9u Ribeiro e Pilatos foi \u201cencarnado\u201d pelo ator Kyrlle Lima. <\/p>\n","protected":false},"excerpt":{"rendered":"<p>Tr\u00eas noites que misturaram f\u00e9, cultura e emo\u00e7\u00e3o. Com apoio da Prefeitura do Paudalho, a Paix\u00e3o de Cristo do Monte da F\u00e9 foi realizada na \u00faltima quarta (17), quinta (18) e sexta-feira (19), na comunidade da Asa Branca, em Paudalho e atraiu milhares de pessoas. O espet\u00e1culo, com dire\u00e7\u00e3o geral de Jo\u00e3o Batista, apresentou a [&hellip;]<\/p>\n","protected":false},"author":4,"featured_media":6769,"comment_status":"open","ping_status":"open","sticky":false,"template":"","format":"standard","meta":{"_jetpack_newsletter_access":"","_jetpack_dont_email_post_to_subs":false,"_jetpack_newsletter_tier_id":0,"_jetpack_memberships_contains_paywalled_content":false,"_jetpack_memberships_contains_paid_content":false,"footnotes":""},"categories":[6,2,1],"tags":[468,280,14,22],"class_list":["post-6768","post","type-post","status-publish","format-standard","has-post-thumbnail","hentry","category-cultura","category-destaque","category-noticias","tag-paixao-de-cristo","tag-pascoa","tag-paudalho","tag-prefeitura-do-paudalho"],"jetpack_featured_media_url":"https:\/\/www.paudalho.pe.gov.br\/portal\/wp-content\/uploads\/2019\/04\/3F9A5070.jpg","jetpack_sharing_enabled":true,"jetpack_shortlink":"https:\/\/wp.me\/p98mS2-1La","_links":{"self":[{"href":"https:\/\/www.paudalho.pe.gov.br\/portal\/wp-json\/wp\/v2\/posts\/6768","targetHints":{"allow":["GET"]}}],"collection":[{"href":"https:\/\/www.paudalho.pe.gov.br\/portal\/wp-json\/wp\/v2\/posts"}],"about":[{"href":"https:\/\/www.paudalho.pe.gov.br\/portal\/wp-json\/wp\/v2\/types\/post"}],"author":[{"embeddable":true,"href":"https:\/\/www.paudalho.pe.gov.br\/portal\/wp-json\/wp\/v2\/users\/4"}],"replies":[{"embeddable":true,"href":"https:\/\/www.paudalho.pe.gov.br\/portal\/wp-json\/wp\/v2\/comments?post=6768"}],"version-history":[{"count":8,"href":"https:\/\/www.paudalho.pe.gov.br\/portal\/wp-json\/wp\/v2\/posts\/6768\/revisions"}],"predecessor-version":[{"id":6779,"href":"https:\/\/www.paudalho.pe.gov.br\/portal\/wp-json\/wp\/v2\/posts\/6768\/revisions\/6779"}],"wp:featuredmedia":[{"embeddable":true,"href":"https:\/\/www.paudalho.pe.gov.br\/portal\/wp-json\/wp\/v2\/media\/6769"}],"wp:attachment":[{"href":"https:\/\/www.paudalho.pe.gov.br\/portal\/wp-json\/wp\/v2\/media?parent=6768"}],"wp:term":[{"taxonomy":"category","embeddable":true,"href":"https:\/\/www.paudalho.pe.gov.br\/portal\/wp-json\/wp\/v2\/categories?post=6768"},{"taxonomy":"post_tag","embeddable":true,"href":"https:\/\/www.paudalho.pe.gov.br\/portal\/wp-json\/wp\/v2\/tags?post=6768"}],"curies":[{"name":"wp","href":"https:\/\/api.w.org\/{rel}","templated":true}]}}