{"id":6756,"date":"2019-04-18T19:45:45","date_gmt":"2019-04-18T22:45:45","guid":{"rendered":"https:\/\/www.paudalho.pe.gov.br\/portal\/?p=6756"},"modified":"2019-04-18T21:06:52","modified_gmt":"2019-04-19T00:06:52","slug":"ministerio-da-saude-habilita-upa-paudalho-e-unidade-ganhara-custeio-federal","status":"publish","type":"post","link":"https:\/\/www.paudalho.pe.gov.br\/portal\/ministerio-da-saude-habilita-upa-paudalho-e-unidade-ganhara-custeio-federal\/","title":{"rendered":"Minist\u00e9rio da Sa\u00fade habilita UPA Paudalho e unidade ganhar\u00e1 custeio Federal"},"content":{"rendered":"\n<p>Ap\u00f3s visita do Minist\u00e9rio da Sa\u00fade em dezembro de 2018\ne a verifica\u00e7\u00e3o de que Unidade de Pronto Atendimento Laura Bandeira de Melo\n(UPA Paudalho) est\u00e1 em plena condi\u00e7\u00e3o de funcionamento, o local ganhou\nhabilita\u00e7\u00e3o. <\/p>\n\n\n\n<p>De acordo com Portaria N\u00ba 675, publicada nesta\nquarta-feira (17), foi estabelecido o recurso por parte do Minist\u00e9rio da\nSa\u00fade&nbsp; e a unidade passa a ser\nincorporada ao Grupo de Aten\u00e7\u00e3o de M\u00e9dia e Alta Complexidade Ambulatorial e\nHospitalar \u2013 MAC do Estado de Pernambuco e Munic\u00edpio de Paudalho. <\/p>\n\n\n\n<p>Para o funcionamento da UPA \u00e9 necess\u00e1rio o valor de\ncerca de R$ 500 mil por m\u00eas. A unidade estava operando com recursos pr\u00f3prios,\nmas agora, com a determina\u00e7\u00e3o, a partir do m\u00eas de maio, a UPA Paudalho receber\u00e1\ndo Minist\u00e9rio da Sa\u00fade o montante de R$ 137 mil reais por m\u00eas para ajudar no\nandamento do trabalho do local que atende em m\u00e9dia seis mil pessoas por m\u00eas.<\/p>\n\n\n\n<h3 class=\"wp-block-heading\">Pr\u00f3ximos passos: qualifica\u00e7\u00e3o e busca pelo\ncofinanciamento do Governo Estadual<\/h3>\n\n\n\n<p>A UPA Paudalho segue agora para a etapa de Qualifica\u00e7\u00e3o. Nesta momento \u00e9 aguardada a visita t\u00e9cnica do Minist\u00e9rio da Sa\u00fade e ap\u00f3s a aprova\u00e7\u00e3o, \u00e9 liberado mais R$ 98 mil reais de custeio.&nbsp; Outra batalha da gest\u00e3o ser\u00e1 a busca do cofinanciamento (recurso) por parte do Estado de Pernambuco. De acordo com a Pol\u00edtica Tripartite, a Unidade deve ser custeada pelos Governos Municipal, Estadual e Federal.<\/p>\n\n\n\n<p>\u201cN\u00f3s est\u00e1vamos lutando com recursos pr\u00f3prios para que a Unidade estivesse funcionando, mas com sofrimento. Por\u00e9m conseguimos essa vit\u00f3ria e estamos felizes porque isso tudo reflete na qualidade do atendimento. Esta \u00e9 uma vit\u00f3ria, entretanto temos outras duas batalhas pela frente que s\u00e3o a qualifica\u00e7\u00e3o e o cofinanciamento por parte do Governo do Estado\u201d, disse o prefeito de Paudalho, Marcelo Gouveia. <\/p>\n","protected":false},"excerpt":{"rendered":"<p>Ap\u00f3s visita do Minist\u00e9rio da Sa\u00fade em dezembro de 2018 e a verifica\u00e7\u00e3o de que Unidade de Pronto Atendimento Laura Bandeira de Melo (UPA Paudalho) est\u00e1 em plena condi\u00e7\u00e3o de funcionamento, o local ganhou habilita\u00e7\u00e3o. De acordo com Portaria N\u00ba 675, publicada nesta quarta-feira (17), foi estabelecido o recurso por parte do Minist\u00e9rio da Sa\u00fade&nbsp; [&hellip;]<\/p>\n","protected":false},"author":4,"featured_media":3924,"comment_status":"open","ping_status":"open","sticky":false,"template":"","format":"standard","meta":{"_jetpack_newsletter_access":"","_jetpack_dont_email_post_to_subs":false,"_jetpack_newsletter_tier_id":0,"_jetpack_memberships_contains_paywalled_content":false,"_jetpack_memberships_contains_paid_content":false,"footnotes":""},"categories":[2,1,3],"tags":[340],"class_list":["post-6756","post","type-post","status-publish","format-standard","has-post-thumbnail","hentry","category-destaque","category-noticias","category-saude","tag-upa-paudalho"],"jetpack_featured_media_url":"https:\/\/www.paudalho.pe.gov.br\/portal\/wp-content\/uploads\/2018\/09\/bc958848-f14e-403c-98e7-a125a7bba0ea.jpg","jetpack_sharing_enabled":true,"jetpack_shortlink":"https:\/\/wp.me\/p98mS2-1KY","_links":{"self":[{"href":"https:\/\/www.paudalho.pe.gov.br\/portal\/wp-json\/wp\/v2\/posts\/6756","targetHints":{"allow":["GET"]}}],"collection":[{"href":"https:\/\/www.paudalho.pe.gov.br\/portal\/wp-json\/wp\/v2\/posts"}],"about":[{"href":"https:\/\/www.paudalho.pe.gov.br\/portal\/wp-json\/wp\/v2\/types\/post"}],"author":[{"embeddable":true,"href":"https:\/\/www.paudalho.pe.gov.br\/portal\/wp-json\/wp\/v2\/users\/4"}],"replies":[{"embeddable":true,"href":"https:\/\/www.paudalho.pe.gov.br\/portal\/wp-json\/wp\/v2\/comments?post=6756"}],"version-history":[{"count":2,"href":"https:\/\/www.paudalho.pe.gov.br\/portal\/wp-json\/wp\/v2\/posts\/6756\/revisions"}],"predecessor-version":[{"id":6758,"href":"https:\/\/www.paudalho.pe.gov.br\/portal\/wp-json\/wp\/v2\/posts\/6756\/revisions\/6758"}],"wp:featuredmedia":[{"embeddable":true,"href":"https:\/\/www.paudalho.pe.gov.br\/portal\/wp-json\/wp\/v2\/media\/3924"}],"wp:attachment":[{"href":"https:\/\/www.paudalho.pe.gov.br\/portal\/wp-json\/wp\/v2\/media?parent=6756"}],"wp:term":[{"taxonomy":"category","embeddable":true,"href":"https:\/\/www.paudalho.pe.gov.br\/portal\/wp-json\/wp\/v2\/categories?post=6756"},{"taxonomy":"post_tag","embeddable":true,"href":"https:\/\/www.paudalho.pe.gov.br\/portal\/wp-json\/wp\/v2\/tags?post=6756"}],"curies":[{"name":"wp","href":"https:\/\/api.w.org\/{rel}","templated":true}]}}