{"id":6714,"date":"2019-04-15T18:16:27","date_gmt":"2019-04-15T21:16:27","guid":{"rendered":"https:\/\/www.paudalho.pe.gov.br\/portal\/?p=6714"},"modified":"2019-04-15T18:16:40","modified_gmt":"2019-04-15T21:16:40","slug":"com-apoio-da-prefeitura-paixao-de-cristo-sera-apresentada-no-monte-da-fe-em-paudalho","status":"publish","type":"post","link":"https:\/\/www.paudalho.pe.gov.br\/portal\/com-apoio-da-prefeitura-paixao-de-cristo-sera-apresentada-no-monte-da-fe-em-paudalho\/","title":{"rendered":"Com apoio da Prefeitura, Paix\u00e3o de Cristo ser\u00e1 apresentada no Monte da F\u00e9, em Paudalho"},"content":{"rendered":"\n<p>Ser\u00e3o 14 cenas que demonstrar\u00e3o a trajet\u00f3ria de Jesus\nat\u00e9 a ressurrei\u00e7\u00e3o na tradicional Paix\u00e3o de Cristo do Monte da F\u00e9, em Paudalho.\nCom apoio da Prefeitura da cidade, o espet\u00e1culo ocorrer\u00e1 nesta quarta (17),\nquinta (18) e sexta-feira (19), no chamado Monte da F\u00e9, que fica na comunidade\nda Asa Branca, a partir das 20h. <\/p>\n\n\n\n<p>De acordo com a coordena\u00e7\u00e3o do evento, o projeto conta com um grupo de 100 pessoas entre figurantes, produ\u00e7\u00e3o e atores principais. \u201cA Paix\u00e3o do Monte da F\u00e9 tem por lema: \u201cA Paix\u00e3o Mais Perto de Voc\u00ea\u201d, porque as pessoas n\u00e3o precisam sair para outro lugar. \u00c9 tudo feito com muito amor, dedica\u00e7\u00e3o e empenho. Tem palco montado, ilumina\u00e7\u00e3o e figurino. Vale a pena conferir!\u201d, diz o diretor-geral da programa\u00e7\u00e3o, Jo\u00e3o Batista.<\/p>\n\n\n\n<h3 class=\"wp-block-heading\">Hist\u00f3ria <\/h3>\n\n\n\n<p>A encena\u00e7\u00e3o da Paix\u00e3o de Cristo no Munic\u00edpio come\u00e7ou a ocorrer em 1980 com um grupo de jovens chamado \u201cTarcizianos\u201d. O espet\u00e1culo foi itinerante e desde 2006 \u00e9 apresentado no Monte da F\u00e9. Em 2019, todo elenco \u00e9 natural de Paudalho. No papel principal, o ator J\u00fanior Pereira de Lima interpretar\u00e1 Jesus, j\u00e1 Maria ser\u00e1 encenada pela atriz Flaviana Silvino. Herodes ganhar\u00e1 vida atrav\u00e9s da atua\u00e7\u00e3o de Cec\u00e9u Ribeiro e Pilatos ser\u00e1 \u201cencarnado\u201d pelo ator Kyrlle Lima. A produ\u00e7\u00e3o da Paix\u00e3o de Cristo espera que cinco mil pessoas compare\u00e7am em cada dia de espet\u00e1culo. <\/p>\n\n\n\n<h4 class=\"wp-block-heading\">Servi\u00e7o: <\/h4>\n\n\n\n<p>Evento: Paix\u00e3o de Cristo do Monte da F\u00e9<\/p>\n\n\n\n<p>Local: Monte da F\u00e9 \u2013 Bairro da Asa Branca \u2013 Paudalho (PE)<\/p>\n\n\n\n<p>Data:17, 18 e 19 de abril de 2019. <\/p>\n\n\n\n<p>Hor\u00e1rio: 20h<\/p>\n","protected":false},"excerpt":{"rendered":"<p>Ser\u00e3o 14 cenas que demonstrar\u00e3o a trajet\u00f3ria de Jesus at\u00e9 a ressurrei\u00e7\u00e3o na tradicional Paix\u00e3o de Cristo do Monte da F\u00e9, em Paudalho. Com apoio da Prefeitura da cidade, o espet\u00e1culo ocorrer\u00e1 nesta quarta (17), quinta (18) e sexta-feira (19), no chamado Monte da F\u00e9, que fica na comunidade da Asa Branca, a partir das [&hellip;]<\/p>\n","protected":false},"author":4,"featured_media":6715,"comment_status":"open","ping_status":"open","sticky":false,"template":"","format":"standard","meta":{"_jetpack_newsletter_access":"","_jetpack_dont_email_post_to_subs":false,"_jetpack_newsletter_tier_id":0,"_jetpack_memberships_contains_paywalled_content":false,"_jetpack_memberships_contains_paid_content":false,"footnotes":""},"categories":[6,2,1],"tags":[469,468,14],"class_list":["post-6714","post","type-post","status-publish","format-standard","has-post-thumbnail","hentry","category-cultura","category-destaque","category-noticias","tag-monte-da-fe","tag-paixao-de-cristo","tag-paudalho"],"jetpack_featured_media_url":"https:\/\/www.paudalho.pe.gov.br\/portal\/wp-content\/uploads\/2019\/04\/cf00cbe1-4b65-4418-97dc-eb6a753425f6.jpg","jetpack_sharing_enabled":true,"jetpack_shortlink":"https:\/\/wp.me\/p98mS2-1Ki","_links":{"self":[{"href":"https:\/\/www.paudalho.pe.gov.br\/portal\/wp-json\/wp\/v2\/posts\/6714","targetHints":{"allow":["GET"]}}],"collection":[{"href":"https:\/\/www.paudalho.pe.gov.br\/portal\/wp-json\/wp\/v2\/posts"}],"about":[{"href":"https:\/\/www.paudalho.pe.gov.br\/portal\/wp-json\/wp\/v2\/types\/post"}],"author":[{"embeddable":true,"href":"https:\/\/www.paudalho.pe.gov.br\/portal\/wp-json\/wp\/v2\/users\/4"}],"replies":[{"embeddable":true,"href":"https:\/\/www.paudalho.pe.gov.br\/portal\/wp-json\/wp\/v2\/comments?post=6714"}],"version-history":[{"count":2,"href":"https:\/\/www.paudalho.pe.gov.br\/portal\/wp-json\/wp\/v2\/posts\/6714\/revisions"}],"predecessor-version":[{"id":6720,"href":"https:\/\/www.paudalho.pe.gov.br\/portal\/wp-json\/wp\/v2\/posts\/6714\/revisions\/6720"}],"wp:featuredmedia":[{"embeddable":true,"href":"https:\/\/www.paudalho.pe.gov.br\/portal\/wp-json\/wp\/v2\/media\/6715"}],"wp:attachment":[{"href":"https:\/\/www.paudalho.pe.gov.br\/portal\/wp-json\/wp\/v2\/media?parent=6714"}],"wp:term":[{"taxonomy":"category","embeddable":true,"href":"https:\/\/www.paudalho.pe.gov.br\/portal\/wp-json\/wp\/v2\/categories?post=6714"},{"taxonomy":"post_tag","embeddable":true,"href":"https:\/\/www.paudalho.pe.gov.br\/portal\/wp-json\/wp\/v2\/tags?post=6714"}],"curies":[{"name":"wp","href":"https:\/\/api.w.org\/{rel}","templated":true}]}}