{"id":6682,"date":"2019-04-09T11:52:32","date_gmt":"2019-04-09T14:52:32","guid":{"rendered":"https:\/\/www.paudalho.pe.gov.br\/portal\/?p=6682"},"modified":"2019-04-09T11:52:38","modified_gmt":"2019-04-09T14:52:38","slug":"prefeitura-de-paudalho-da-ordem-de-servico-para-construcao-de-quadra-e-populacao-comemora","status":"publish","type":"post","link":"https:\/\/www.paudalho.pe.gov.br\/portal\/prefeitura-de-paudalho-da-ordem-de-servico-para-construcao-de-quadra-e-populacao-comemora\/","title":{"rendered":"Prefeitura de Paudalho d\u00e1 Ordem de Servi\u00e7o para constru\u00e7\u00e3o de quadra e popula\u00e7\u00e3o comemora"},"content":{"rendered":"\n<p>Paudalho avan\u00e7a e se transformou no verdadeiro canteiros de obras. Como exemplo disso, na \u00faltima sexta-feira (5), a Prefeitura do Paudalho assinou a Ordem de Servi\u00e7o da constru\u00e7\u00e3o da Quadra Coberta do Col\u00e9gio Municipal de Guadalajara (CMG). De acordo com a Secretaria de Desenvolvimento Urbano e Agr\u00e1rio ser\u00e3o investidos R$ 584.180,23 no local que tem o objetivo de ofertar um espa\u00e7o estruturado para que os mais de 700 alunos possam praticar esportes. <\/p>\n\n\n\n<p>A dona de casa, Eunice Maria, de 57 anos, t\u00eam dois netos estudando na unidade e comentou sobre a import\u00e2ncia do espa\u00e7o para a comunidade. \u201cMeus netos estudam no CMG e essa constru\u00e7\u00e3o s\u00f3 vai melhorar a qualidade do aprendizado deles. Al\u00e9m disso, o espa\u00e7o tamb\u00e9m vai ajudar a comunidade toda. Estamos felizes!\u201d disse.<\/p>\n\n\n\n<ul class=\"wp-block-gallery columns-1 is-cropped wp-block-gallery-1 is-layout-flex wp-block-gallery-is-layout-flex\"><li class=\"blocks-gallery-item\"><figure><img loading=\"lazy\" decoding=\"async\" width=\"1280\" height=\"720\" data-attachment-id=\"6687\" data-permalink=\"https:\/\/www.paudalho.pe.gov.br\/portal\/prefeitura-de-paudalho-da-ordem-de-servico-para-construcao-de-quadra-e-populacao-comemora\/34827130-2e83-4ad3-b434-5f62fd73d7f5\/\" data-orig-file=\"https:\/\/www.paudalho.pe.gov.br\/portal\/wp-content\/uploads\/2019\/04\/34827130-2e83-4ad3-b434-5f62fd73d7f5.jpg\" data-orig-size=\"1280,720\" data-comments-opened=\"1\" data-image-meta=\"{&quot;aperture&quot;:&quot;0&quot;,&quot;credit&quot;:&quot;&quot;,&quot;camera&quot;:&quot;&quot;,&quot;caption&quot;:&quot;&quot;,&quot;created_timestamp&quot;:&quot;0&quot;,&quot;copyright&quot;:&quot;&quot;,&quot;focal_length&quot;:&quot;0&quot;,&quot;iso&quot;:&quot;0&quot;,&quot;shutter_speed&quot;:&quot;0&quot;,&quot;title&quot;:&quot;&quot;,&quot;orientation&quot;:&quot;0&quot;}\" data-image-title=\"34827130-2e83-4ad3-b434-5f62fd73d7f5\" data-image-description=\"\" data-image-caption=\"\" data-medium-file=\"https:\/\/www.paudalho.pe.gov.br\/portal\/wp-content\/uploads\/2019\/04\/34827130-2e83-4ad3-b434-5f62fd73d7f5-350x230.jpg\" data-large-file=\"https:\/\/www.paudalho.pe.gov.br\/portal\/wp-content\/uploads\/2019\/04\/34827130-2e83-4ad3-b434-5f62fd73d7f5-800x450.jpg\" src=\"https:\/\/i0.wp.com\/www.paudalho.pe.gov.br\/portal\/wp-content\/uploads\/2019\/04\/34827130-2e83-4ad3-b434-5f62fd73d7f5.jpg?resize=800%2C450&amp;ssl=1\" alt=\"\" data-id=\"6687\" data-link=\"https:\/\/www.paudalho.pe.gov.br\/portal\/?attachment_id=6687\" class=\"wp-image-6687\" srcset=\"https:\/\/www.paudalho.pe.gov.br\/portal\/wp-content\/uploads\/2019\/04\/34827130-2e83-4ad3-b434-5f62fd73d7f5.jpg 1280w, https:\/\/www.paudalho.pe.gov.br\/portal\/wp-content\/uploads\/2019\/04\/34827130-2e83-4ad3-b434-5f62fd73d7f5-768x432.jpg 768w, https:\/\/www.paudalho.pe.gov.br\/portal\/wp-content\/uploads\/2019\/04\/34827130-2e83-4ad3-b434-5f62fd73d7f5-800x450.jpg 800w\" sizes=\"auto, (max-width: 1280px) 100vw, 1280px\" \/><\/figure><\/li><\/ul>\n\n\n\n<p>O prefeito Marcelo Gouveia destacou que os investimentos no Munic\u00edpio tem o objetivo de transformar a vida da popula\u00e7\u00e3o. Para ele as a\u00e7\u00f5es s\u00e3o mais que n\u00fameros. \u201cN\u00f3s temos lutado diariamente e temos visto resultado. Ficamos felizes em come\u00e7ar mais essa constru\u00e7\u00e3o porque vai afetar diretamente na vida de centenas de alunos e milhares de pessoas da comunidade. Nosso objetivo vai al\u00e9m dos n\u00fameros, nosso objetivo \u00e9 alcan\u00e7ar os paudalhenses e mudar as vidas de cada um deles\u201d, comentou.<\/p>\n\n\n\n<figure class=\"wp-block-image\"><img loading=\"lazy\" decoding=\"async\" width=\"1280\" height=\"720\" data-attachment-id=\"6688\" data-permalink=\"https:\/\/www.paudalho.pe.gov.br\/portal\/prefeitura-de-paudalho-da-ordem-de-servico-para-construcao-de-quadra-e-populacao-comemora\/0d635493-319f-4877-b4de-b27826dcbc51\/\" data-orig-file=\"https:\/\/www.paudalho.pe.gov.br\/portal\/wp-content\/uploads\/2019\/04\/0d635493-319f-4877-b4de-b27826dcbc51.jpg\" data-orig-size=\"1280,720\" data-comments-opened=\"1\" data-image-meta=\"{&quot;aperture&quot;:&quot;0&quot;,&quot;credit&quot;:&quot;&quot;,&quot;camera&quot;:&quot;&quot;,&quot;caption&quot;:&quot;&quot;,&quot;created_timestamp&quot;:&quot;0&quot;,&quot;copyright&quot;:&quot;&quot;,&quot;focal_length&quot;:&quot;0&quot;,&quot;iso&quot;:&quot;0&quot;,&quot;shutter_speed&quot;:&quot;0&quot;,&quot;title&quot;:&quot;&quot;,&quot;orientation&quot;:&quot;0&quot;}\" data-image-title=\"0d635493-319f-4877-b4de-b27826dcbc51\" data-image-description=\"\" data-image-caption=\"\" data-medium-file=\"https:\/\/www.paudalho.pe.gov.br\/portal\/wp-content\/uploads\/2019\/04\/0d635493-319f-4877-b4de-b27826dcbc51-350x230.jpg\" data-large-file=\"https:\/\/www.paudalho.pe.gov.br\/portal\/wp-content\/uploads\/2019\/04\/0d635493-319f-4877-b4de-b27826dcbc51-800x450.jpg\" src=\"https:\/\/i2.wp.com\/www.paudalho.pe.gov.br\/portal\/wp-content\/uploads\/2019\/04\/0d635493-319f-4877-b4de-b27826dcbc51.jpg?resize=800%2C450&amp;ssl=1\" alt=\"\" class=\"wp-image-6688\" srcset=\"https:\/\/www.paudalho.pe.gov.br\/portal\/wp-content\/uploads\/2019\/04\/0d635493-319f-4877-b4de-b27826dcbc51.jpg 1280w, https:\/\/www.paudalho.pe.gov.br\/portal\/wp-content\/uploads\/2019\/04\/0d635493-319f-4877-b4de-b27826dcbc51-768x432.jpg 768w, https:\/\/www.paudalho.pe.gov.br\/portal\/wp-content\/uploads\/2019\/04\/0d635493-319f-4877-b4de-b27826dcbc51-800x450.jpg 800w\" sizes=\"auto, (max-width: 1280px) 100vw, 1280px\" \/><\/figure>\n","protected":false},"excerpt":{"rendered":"<p>Paudalho avan\u00e7a e se transformou no verdadeiro canteiros de obras. Como exemplo disso, na \u00faltima sexta-feira (5), a Prefeitura do Paudalho assinou a Ordem de Servi\u00e7o da constru\u00e7\u00e3o da Quadra Coberta do Col\u00e9gio Municipal de Guadalajara (CMG). De acordo com a Secretaria de Desenvolvimento Urbano e Agr\u00e1rio ser\u00e3o investidos R$ 584.180,23 no local que tem [&hellip;]<\/p>\n","protected":false},"author":4,"featured_media":6686,"comment_status":"open","ping_status":"open","sticky":false,"template":"","format":"standard","meta":{"_jetpack_newsletter_access":"","_jetpack_dont_email_post_to_subs":false,"_jetpack_newsletter_tier_id":0,"_jetpack_memberships_contains_paywalled_content":false,"_jetpack_memberships_contains_paid_content":false,"footnotes":""},"categories":[2,7,1],"tags":[375,30,282,465],"class_list":["post-6682","post","type-post","status-publish","format-standard","has-post-thumbnail","hentry","category-destaque","category-esportes","category-noticias","tag-construcao","tag-educacao","tag-esportes","tag-quadra"],"jetpack_featured_media_url":"https:\/\/www.paudalho.pe.gov.br\/portal\/wp-content\/uploads\/2019\/04\/364591ee-7f9f-4c6a-8494-3ebce8b16cd1.jpg","jetpack_sharing_enabled":true,"jetpack_shortlink":"https:\/\/wp.me\/p98mS2-1JM","_links":{"self":[{"href":"https:\/\/www.paudalho.pe.gov.br\/portal\/wp-json\/wp\/v2\/posts\/6682","targetHints":{"allow":["GET"]}}],"collection":[{"href":"https:\/\/www.paudalho.pe.gov.br\/portal\/wp-json\/wp\/v2\/posts"}],"about":[{"href":"https:\/\/www.paudalho.pe.gov.br\/portal\/wp-json\/wp\/v2\/types\/post"}],"author":[{"embeddable":true,"href":"https:\/\/www.paudalho.pe.gov.br\/portal\/wp-json\/wp\/v2\/users\/4"}],"replies":[{"embeddable":true,"href":"https:\/\/www.paudalho.pe.gov.br\/portal\/wp-json\/wp\/v2\/comments?post=6682"}],"version-history":[{"count":2,"href":"https:\/\/www.paudalho.pe.gov.br\/portal\/wp-json\/wp\/v2\/posts\/6682\/revisions"}],"predecessor-version":[{"id":6689,"href":"https:\/\/www.paudalho.pe.gov.br\/portal\/wp-json\/wp\/v2\/posts\/6682\/revisions\/6689"}],"wp:featuredmedia":[{"embeddable":true,"href":"https:\/\/www.paudalho.pe.gov.br\/portal\/wp-json\/wp\/v2\/media\/6686"}],"wp:attachment":[{"href":"https:\/\/www.paudalho.pe.gov.br\/portal\/wp-json\/wp\/v2\/media?parent=6682"}],"wp:term":[{"taxonomy":"category","embeddable":true,"href":"https:\/\/www.paudalho.pe.gov.br\/portal\/wp-json\/wp\/v2\/categories?post=6682"},{"taxonomy":"post_tag","embeddable":true,"href":"https:\/\/www.paudalho.pe.gov.br\/portal\/wp-json\/wp\/v2\/tags?post=6682"}],"curies":[{"name":"wp","href":"https:\/\/api.w.org\/{rel}","templated":true}]}}