{"id":6670,"date":"2019-04-08T13:53:00","date_gmt":"2019-04-08T16:53:00","guid":{"rendered":"https:\/\/www.paudalho.pe.gov.br\/portal\/?p=6670"},"modified":"2019-04-08T14:40:25","modified_gmt":"2019-04-08T17:40:25","slug":"prefeitura-abre-inscricao-para-artistas-locais-que-desejam-compor-grade-das-festividades-de-paudalho","status":"publish","type":"post","link":"https:\/\/www.paudalho.pe.gov.br\/portal\/prefeitura-abre-inscricao-para-artistas-locais-que-desejam-compor-grade-das-festividades-de-paudalho\/","title":{"rendered":"Prefeitura abre inscri\u00e7\u00e3o para artistas locais que desejam compor grade das festividades de Paudalho"},"content":{"rendered":"\n<p>Come\u00e7am nesta ter\u00e7a-feira (9) e seguem at\u00e9 o dia 17 de maio as inscri\u00e7\u00f5es para habilita\u00e7\u00e3o de propostas de atra\u00e7\u00f5es art\u00edsticas locais que desejarem compor a grade de apresenta\u00e7\u00f5es das festividades culturais de Paudalho no ano de 2019. O processo ser\u00e1 realizado pela Secretaria de Cultura e Turismo, de segunda \u00e0 sexta-feira, das 8h \u00e0s 13h, na sede da Pasta, que fica na antiga Esta\u00e7\u00e3o Ferrovi\u00e1ria, sem n\u00famero, na Pra\u00e7a Santa Tereza. <\/p>\n\n\n\n<h3 class=\"wp-block-heading\">Quem pode participar?<\/h3>\n\n\n\n<p>Pessoa f\u00edsica maior de 18 anos, natural do munic\u00edpio ou estabelecido na cidade que dever\u00e1 comprovar atua\u00e7\u00e3o na atividade de sua inscri\u00e7\u00e3o h\u00e1 pelo menos seis meses.<\/p>\n\n\n\n<p>A comprova\u00e7\u00e3o de apresenta\u00e7\u00e3o musical poder\u00e1 ser realizada atrav\u00e9s de mat\u00e9rias de jornais ou de sites, impressos, revistas e cartazes (desde que devidamente datados), CDs, DVDs, declara\u00e7\u00f5es de \u00f3rg\u00e3os p\u00fablicos, associa\u00e7\u00f5es comunit\u00e1rias ou culturais, entre outros.<\/p>\n\n\n\n<p>Tamb\u00e9m podem participar pessoa jur\u00eddica de direito privado, de\nnatureza cultural, com ou sem fins lucrativos, que dever\u00e1 estar em pleno\nfuncionamento, por, no m\u00ednimo, seis meses e comprovar exclusividade do artista\nou grupo, por um prazo m\u00ednimo de tamb\u00e9m seis meses.<\/p>\n\n\n\n<h3 class=\"wp-block-heading\">O que \u00e9\nnecess\u00e1rio <\/h3>\n\n\n\n<p>No momento, o candidato deve apresentar RG e comprovante de resid\u00eancia. Cada proposta dever\u00e1 ser apresentada com formul\u00e1rio de inscri\u00e7\u00e3o em uma via impressa, preenchido, datado e assinado, CD ou DVD comprovando a atividade art\u00edstica e ser colocado dentro de um envelope. Cada envelope dever\u00e1 conter apenas uma proposta. <\/p>\n\n\n\n<p><strong>&nbsp;As propostas dever\u00e3o conter as seguintes informa\u00e7\u00f5es na parte externa do envelope:<\/strong><\/p>\n\n\n\n<p><strong>Destinat\u00e1rio:<\/strong><\/p>\n\n\n\n<p>PREFEITURA MUNICIPAL DO PAUDALHO\/ SECRETARIA MUNICIPAL DE CULTURA\nE TURISMO<\/p>\n\n\n\n<p>CHAMAMENHO P\u00daBLICO N\u00ba 001\/2019<\/p>\n\n\n\n<p>Pra\u00e7a Santa Tereza, s\/n, Esta\u00e7\u00e3o Ferrovi\u00e1ria, Santa Tereza,\nPaudalho\/PE.<\/p>\n\n\n\n<p><strong>Remetente:<\/strong><\/p>\n\n\n\n<p>NOME DO ARTISTA OU GRUPO CULTURAL<\/p>\n\n\n\n<p>Nome do proponente (com CPF ou CNPJ)<\/p>\n\n\n\n<p>Endere\u00e7o completo do proponente<\/p>\n\n\n\n<p><strong>Confira o edital completo:<\/strong><\/p>\n\n\n\n<div class=\"wp-block-file\"><a href=\"https:\/\/www.paudalho.pe.gov.br\/portal\/wp-content\/uploads\/2019\/04\/EDITAL..doc\">EDITAL.<\/a><a href=\"https:\/\/www.paudalho.pe.gov.br\/portal\/wp-content\/uploads\/2019\/04\/EDITAL..doc\" class=\"wp-block-file__button\" download>Baixar<\/a><\/div>\n\n\n\n<p><\/p>\n","protected":false},"excerpt":{"rendered":"<p>Come\u00e7am nesta ter\u00e7a-feira (9) e seguem at\u00e9 o dia 17 de maio as inscri\u00e7\u00f5es para habilita\u00e7\u00e3o de propostas de atra\u00e7\u00f5es art\u00edsticas locais que desejarem compor a grade de apresenta\u00e7\u00f5es das festividades culturais de Paudalho no ano de 2019. O processo ser\u00e1 realizado pela Secretaria de Cultura e Turismo, de segunda \u00e0 sexta-feira, das 8h \u00e0s [&hellip;]<\/p>\n","protected":false},"author":4,"featured_media":6677,"comment_status":"open","ping_status":"open","sticky":false,"template":"","format":"standard","meta":{"_jetpack_newsletter_access":"","_jetpack_dont_email_post_to_subs":false,"_jetpack_newsletter_tier_id":0,"_jetpack_memberships_contains_paywalled_content":false,"_jetpack_memberships_contains_paid_content":false,"footnotes":""},"categories":[6,2,1],"tags":[464,68,463,248],"class_list":["post-6670","post","type-post","status-publish","format-standard","has-post-thumbnail","hentry","category-cultura","category-destaque","category-noticias","tag-artistas","tag-cultura","tag-festividade","tag-inscricao"],"jetpack_featured_media_url":"https:\/\/www.paudalho.pe.gov.br\/portal\/wp-content\/uploads\/2019\/04\/DAVI0117.jpg","jetpack_sharing_enabled":true,"jetpack_shortlink":"https:\/\/wp.me\/p98mS2-1JA","_links":{"self":[{"href":"https:\/\/www.paudalho.pe.gov.br\/portal\/wp-json\/wp\/v2\/posts\/6670","targetHints":{"allow":["GET"]}}],"collection":[{"href":"https:\/\/www.paudalho.pe.gov.br\/portal\/wp-json\/wp\/v2\/posts"}],"about":[{"href":"https:\/\/www.paudalho.pe.gov.br\/portal\/wp-json\/wp\/v2\/types\/post"}],"author":[{"embeddable":true,"href":"https:\/\/www.paudalho.pe.gov.br\/portal\/wp-json\/wp\/v2\/users\/4"}],"replies":[{"embeddable":true,"href":"https:\/\/www.paudalho.pe.gov.br\/portal\/wp-json\/wp\/v2\/comments?post=6670"}],"version-history":[{"count":5,"href":"https:\/\/www.paudalho.pe.gov.br\/portal\/wp-json\/wp\/v2\/posts\/6670\/revisions"}],"predecessor-version":[{"id":6680,"href":"https:\/\/www.paudalho.pe.gov.br\/portal\/wp-json\/wp\/v2\/posts\/6670\/revisions\/6680"}],"wp:featuredmedia":[{"embeddable":true,"href":"https:\/\/www.paudalho.pe.gov.br\/portal\/wp-json\/wp\/v2\/media\/6677"}],"wp:attachment":[{"href":"https:\/\/www.paudalho.pe.gov.br\/portal\/wp-json\/wp\/v2\/media?parent=6670"}],"wp:term":[{"taxonomy":"category","embeddable":true,"href":"https:\/\/www.paudalho.pe.gov.br\/portal\/wp-json\/wp\/v2\/categories?post=6670"},{"taxonomy":"post_tag","embeddable":true,"href":"https:\/\/www.paudalho.pe.gov.br\/portal\/wp-json\/wp\/v2\/tags?post=6670"}],"curies":[{"name":"wp","href":"https:\/\/api.w.org\/{rel}","templated":true}]}}