{"id":6580,"date":"2019-03-25T10:53:22","date_gmt":"2019-03-25T13:53:22","guid":{"rendered":"https:\/\/www.paudalho.pe.gov.br\/portal\/?p=6580"},"modified":"2019-03-25T11:16:57","modified_gmt":"2019-03-25T14:16:57","slug":"prefeitura-do-paudalho-da-ordem-de-servico-de-obra-na-escola-maria-de-fatima-em-cha-de-cruz","status":"publish","type":"post","link":"https:\/\/www.paudalho.pe.gov.br\/portal\/prefeitura-do-paudalho-da-ordem-de-servico-de-obra-na-escola-maria-de-fatima-em-cha-de-cruz\/","title":{"rendered":"Prefeitura do Paudalho d\u00e1 Ordem de Servi\u00e7o de obra na Escola Maria de F\u00e1tima, em Ch\u00e3 de Cruz"},"content":{"rendered":"\n<p>Atrav\u00e9s de uma educa\u00e7\u00e3o de qualidade o indiv\u00edduo tem a possibilidade de ser transformado socialmente. Por entender isso, a Prefeitura do Paudalho continua avan\u00e7ando com a\u00e7\u00f5es que visam cada vez mais estruturar a Educa\u00e7\u00e3o no Munic\u00edpio e na \u00faltima sexta-feira (22) foi realizada a assinatura da Ordem de Servi\u00e7o da constru\u00e7\u00e3o da coberta da Quadra da Escola Maria de F\u00e1tima, em Ch\u00e3 de Cruz, na Zona Rural de Paudalho. A obra vai beneficiar em torno de 750 alunos da institui\u00e7\u00e3o.<\/p>\n\n\n\n<p>Diogo Oliveira, de 16 anos, estuda na unidade de ensino e comentou sobre os benef\u00edcios que as obras trar\u00e3o aos estudantes da escola. &#8220;A gente fica feliz n\u00e3o \u00e9? Pois agora a gente vai ter essa coberta que vai ajudar quando a gente for praticar os esportes,  al\u00e9m tamb\u00e9m de motivar os alunos que ficam sem vontade de participar por conta do sol , disse.<\/p>\n\n\n\n<figure class=\"wp-block-image\"><img loading=\"lazy\" decoding=\"async\" width=\"1280\" height=\"853\" data-attachment-id=\"6583\" data-permalink=\"https:\/\/www.paudalho.pe.gov.br\/portal\/prefeitura-do-paudalho-da-ordem-de-servico-de-obra-na-escola-maria-de-fatima-em-cha-de-cruz\/5cd4522c-3393-4989-b2e5-0de3b60dcb3d\/\" data-orig-file=\"https:\/\/www.paudalho.pe.gov.br\/portal\/wp-content\/uploads\/2019\/03\/5cd4522c-3393-4989-b2e5-0de3b60dcb3d.jpg\" data-orig-size=\"1280,853\" data-comments-opened=\"1\" data-image-meta=\"{&quot;aperture&quot;:&quot;0&quot;,&quot;credit&quot;:&quot;&quot;,&quot;camera&quot;:&quot;&quot;,&quot;caption&quot;:&quot;&quot;,&quot;created_timestamp&quot;:&quot;0&quot;,&quot;copyright&quot;:&quot;&quot;,&quot;focal_length&quot;:&quot;0&quot;,&quot;iso&quot;:&quot;0&quot;,&quot;shutter_speed&quot;:&quot;0&quot;,&quot;title&quot;:&quot;&quot;,&quot;orientation&quot;:&quot;0&quot;}\" data-image-title=\"5cd4522c-3393-4989-b2e5-0de3b60dcb3d\" data-image-description=\"\" data-image-caption=\"\" data-medium-file=\"https:\/\/www.paudalho.pe.gov.br\/portal\/wp-content\/uploads\/2019\/03\/5cd4522c-3393-4989-b2e5-0de3b60dcb3d-350x230.jpg\" data-large-file=\"https:\/\/www.paudalho.pe.gov.br\/portal\/wp-content\/uploads\/2019\/03\/5cd4522c-3393-4989-b2e5-0de3b60dcb3d-800x450.jpg\" src=\"https:\/\/i2.wp.com\/www.paudalho.pe.gov.br\/portal\/wp-content\/uploads\/2019\/03\/5cd4522c-3393-4989-b2e5-0de3b60dcb3d.jpg?resize=800%2C450&amp;ssl=1\" alt=\"\" class=\"wp-image-6583\" srcset=\"https:\/\/www.paudalho.pe.gov.br\/portal\/wp-content\/uploads\/2019\/03\/5cd4522c-3393-4989-b2e5-0de3b60dcb3d.jpg 1280w, https:\/\/www.paudalho.pe.gov.br\/portal\/wp-content\/uploads\/2019\/03\/5cd4522c-3393-4989-b2e5-0de3b60dcb3d-768x512.jpg 768w\" sizes=\"auto, (max-width: 1280px) 100vw, 1280px\" \/><figcaption> <br>Foto: Josu\u00e9 Filho\/PMP <\/figcaption><\/figure>\n\n\n\n<p>De acordo com a Secretaria de Desenvolvimento Urbano e Agr\u00e1rio ser\u00e3o investidos na obra cerca de R$ 306.133,06. O secret\u00e1rio de Educa\u00e7\u00e3o, Ednaldo Ernesto comentou sobre a import\u00e2ncia do momento para a comunidade. &#8220;N\u00f3s estamos felizes de poder contemplar a mudan\u00e7a em Paudalho atrav\u00e9s da Educa\u00e7\u00e3o. Esse espa\u00e7o aqui n\u00e3o vai apenas transformar a vida dos alunos, mas de toda essa comunidade e isso \u00e9 motivo de alegria&#8221;, enfatizou.<\/p>\n\n\n\n<figure class=\"wp-block-image\"><img loading=\"lazy\" decoding=\"async\" width=\"1280\" height=\"853\" data-attachment-id=\"6582\" data-permalink=\"https:\/\/www.paudalho.pe.gov.br\/portal\/prefeitura-do-paudalho-da-ordem-de-servico-de-obra-na-escola-maria-de-fatima-em-cha-de-cruz\/75dd7bbd-e43f-4dcf-9218-cc0c29ea7d31\/\" data-orig-file=\"https:\/\/www.paudalho.pe.gov.br\/portal\/wp-content\/uploads\/2019\/03\/75dd7bbd-e43f-4dcf-9218-cc0c29ea7d31.jpg\" data-orig-size=\"1280,853\" data-comments-opened=\"1\" data-image-meta=\"{&quot;aperture&quot;:&quot;0&quot;,&quot;credit&quot;:&quot;&quot;,&quot;camera&quot;:&quot;&quot;,&quot;caption&quot;:&quot;&quot;,&quot;created_timestamp&quot;:&quot;0&quot;,&quot;copyright&quot;:&quot;&quot;,&quot;focal_length&quot;:&quot;0&quot;,&quot;iso&quot;:&quot;0&quot;,&quot;shutter_speed&quot;:&quot;0&quot;,&quot;title&quot;:&quot;&quot;,&quot;orientation&quot;:&quot;0&quot;}\" data-image-title=\"75dd7bbd-e43f-4dcf-9218-cc0c29ea7d31\" data-image-description=\"\" data-image-caption=\"\" data-medium-file=\"https:\/\/www.paudalho.pe.gov.br\/portal\/wp-content\/uploads\/2019\/03\/75dd7bbd-e43f-4dcf-9218-cc0c29ea7d31-350x230.jpg\" data-large-file=\"https:\/\/www.paudalho.pe.gov.br\/portal\/wp-content\/uploads\/2019\/03\/75dd7bbd-e43f-4dcf-9218-cc0c29ea7d31-800x450.jpg\" src=\"https:\/\/i0.wp.com\/www.paudalho.pe.gov.br\/portal\/wp-content\/uploads\/2019\/03\/75dd7bbd-e43f-4dcf-9218-cc0c29ea7d31.jpg?resize=800%2C450&amp;ssl=1\" alt=\"\" class=\"wp-image-6582\" srcset=\"https:\/\/www.paudalho.pe.gov.br\/portal\/wp-content\/uploads\/2019\/03\/75dd7bbd-e43f-4dcf-9218-cc0c29ea7d31.jpg 1280w, https:\/\/www.paudalho.pe.gov.br\/portal\/wp-content\/uploads\/2019\/03\/75dd7bbd-e43f-4dcf-9218-cc0c29ea7d31-768x512.jpg 768w\" sizes=\"auto, (max-width: 1280px) 100vw, 1280px\" \/><figcaption>Na imagem o prefeito, Marcelo Gouveia, assina a Ordem de Servi\u00e7o para a constru\u00e7\u00e3o da coberta da quadra da Escola Maria de F\u00e1tima.  Foto: Josu\u00e9 Filho\/PMP<\/figcaption><\/figure>\n","protected":false},"excerpt":{"rendered":"<p>Atrav\u00e9s de uma educa\u00e7\u00e3o de qualidade o indiv\u00edduo tem a possibilidade de ser transformado socialmente. Por entender isso, a Prefeitura do Paudalho continua avan\u00e7ando com a\u00e7\u00f5es que visam cada vez mais estruturar a Educa\u00e7\u00e3o no Munic\u00edpio e na \u00faltima sexta-feira (22) foi realizada a assinatura da Ordem de Servi\u00e7o da constru\u00e7\u00e3o da coberta da Quadra [&hellip;]<\/p>\n","protected":false},"author":4,"featured_media":6581,"comment_status":"open","ping_status":"open","sticky":false,"template":"","format":"standard","meta":{"_jetpack_newsletter_access":"","_jetpack_dont_email_post_to_subs":false,"_jetpack_newsletter_tier_id":0,"_jetpack_memberships_contains_paywalled_content":false,"_jetpack_memberships_contains_paid_content":false,"footnotes":""},"categories":[2,1],"tags":[100,375,454,36,14],"class_list":["post-6580","post","type-post","status-publish","format-standard","has-post-thumbnail","hentry","category-destaque","category-noticias","tag-cha-de-cruz","tag-construcao","tag-escola-maria-de-fatima","tag-obras","tag-paudalho"],"jetpack_featured_media_url":"https:\/\/www.paudalho.pe.gov.br\/portal\/wp-content\/uploads\/2019\/03\/4c1f3936-0e08-4619-8cc3-a8ba0d1dfdfc.jpg","jetpack_sharing_enabled":true,"jetpack_shortlink":"https:\/\/wp.me\/p98mS2-1I8","_links":{"self":[{"href":"https:\/\/www.paudalho.pe.gov.br\/portal\/wp-json\/wp\/v2\/posts\/6580","targetHints":{"allow":["GET"]}}],"collection":[{"href":"https:\/\/www.paudalho.pe.gov.br\/portal\/wp-json\/wp\/v2\/posts"}],"about":[{"href":"https:\/\/www.paudalho.pe.gov.br\/portal\/wp-json\/wp\/v2\/types\/post"}],"author":[{"embeddable":true,"href":"https:\/\/www.paudalho.pe.gov.br\/portal\/wp-json\/wp\/v2\/users\/4"}],"replies":[{"embeddable":true,"href":"https:\/\/www.paudalho.pe.gov.br\/portal\/wp-json\/wp\/v2\/comments?post=6580"}],"version-history":[{"count":9,"href":"https:\/\/www.paudalho.pe.gov.br\/portal\/wp-json\/wp\/v2\/posts\/6580\/revisions"}],"predecessor-version":[{"id":6594,"href":"https:\/\/www.paudalho.pe.gov.br\/portal\/wp-json\/wp\/v2\/posts\/6580\/revisions\/6594"}],"wp:featuredmedia":[{"embeddable":true,"href":"https:\/\/www.paudalho.pe.gov.br\/portal\/wp-json\/wp\/v2\/media\/6581"}],"wp:attachment":[{"href":"https:\/\/www.paudalho.pe.gov.br\/portal\/wp-json\/wp\/v2\/media?parent=6580"}],"wp:term":[{"taxonomy":"category","embeddable":true,"href":"https:\/\/www.paudalho.pe.gov.br\/portal\/wp-json\/wp\/v2\/categories?post=6580"},{"taxonomy":"post_tag","embeddable":true,"href":"https:\/\/www.paudalho.pe.gov.br\/portal\/wp-json\/wp\/v2\/tags?post=6580"}],"curies":[{"name":"wp","href":"https:\/\/api.w.org\/{rel}","templated":true}]}}