{"id":6554,"date":"2019-03-18T10:23:31","date_gmt":"2019-03-18T13:23:31","guid":{"rendered":"https:\/\/www.paudalho.pe.gov.br\/portal\/?p=6554"},"modified":"2019-03-18T10:26:59","modified_gmt":"2019-03-18T13:26:59","slug":"prefeitura-do-paudalho-assina-ordem-de-servico-da-construcao-da-escola-da-comunidade-da-asa-branca","status":"publish","type":"post","link":"https:\/\/www.paudalho.pe.gov.br\/portal\/prefeitura-do-paudalho-assina-ordem-de-servico-da-construcao-da-escola-da-comunidade-da-asa-branca\/","title":{"rendered":"Prefeitura do Paudalho assina Ordem de Servi\u00e7o da constru\u00e7\u00e3o da escola da comunidade da Asa Branca"},"content":{"rendered":"\n<p>Mais uma not\u00edcia para ser comemorada! A Prefeitura do Paudalho realizou na \u00faltima sexta-feira (15) a assinatura da Ordem de Servi\u00e7o da constru\u00e7\u00e3o da escola que ser\u00e1 erguida entre as comunidades da Asa Branca e Santa M\u00f4nica. A unidade ter\u00e1 uma \u00e1rea de 3.228,08 metr\u00f4s com capacidade para 780 alunos em um investimento de R$ 3.292.782,06. <\/p>\n\n\n\n<p>A dona de casa, Karina de Fran\u00e7a, mora na localidade e comentou da transforma\u00e7\u00e3o que a unidade vai trazer para a vida da popula\u00e7\u00e3o. &#8220;Eu acho \u00f3timo porque muitas pessoas tinham que levar seus filhos para outras escolas no Centro e agora isso vai mudar com a unidade bem pertinho de casa. Nossos filhos v\u00e3o estudar em um local seguro,  com grande estrutura. Estamos felizes!&#8221;, disse. <\/p>\n\n\n\n<h3 class=\"wp-block-heading\">Estrutura <\/h3>\n\n\n\n<p>A unidade de ensino vai contar com 12 salas de aulas, quadra coberta e 8 blocos construi\u0301dos (sendo o bloco e duplicado), todos eles sa\u0303o edifi\u0301cios te\u0301rreos. Os ambientes de cada bloco sa\u0303o acessados e se conectam atrave\u0301s de passarelas. Na a\u0301rea externa estar\u00e3o o bicicleta\u0301rio, castelo d\u2019a\u0301gua, pa\u0301tio aberto e circulac\u0327a\u0303o de carga e descarga. O estacionamento localiza-se fora do peri\u0301metro fechado da escola, na a\u0301rea frontal do lote. <\/p>\n\n\n\n<p>Para o prefeito Marcelo Gouveia, a unidade \u00e9 mais um exemplo de que a transforma\u00e7\u00e3o alcan\u00e7a Paudalho. &#8220;Essa escola vai ser uma unidade inovadora com estrutura que vai impressionar. S\u00e3o quase tr\u00eas milh\u00f5es e meio de reais investidos em uma escola que eu colocaria meu filho. N\u00f3s temos essa preocupa\u00e7\u00e3o, em ofertar um equipamento p\u00fablico de qualidade. E pode ter certeza que o trabalho n\u00e3o para e nossa Educa\u00e7\u00e3o s\u00f3 vai avan\u00e7ar&#8221;, comentou.<\/p>\n\n\n\n<figure class=\"wp-block-image\"><img loading=\"lazy\" decoding=\"async\" width=\"1280\" height=\"853\" data-attachment-id=\"6557\" data-permalink=\"https:\/\/www.paudalho.pe.gov.br\/portal\/prefeitura-do-paudalho-assina-ordem-de-servico-da-construcao-da-escola-da-comunidade-da-asa-branca\/38eb12fe-6c01-428d-bfc2-6a8809615948-1\/\" data-orig-file=\"https:\/\/www.paudalho.pe.gov.br\/portal\/wp-content\/uploads\/2019\/03\/38eb12fe-6c01-428d-bfc2-6a8809615948-1.jpg\" data-orig-size=\"1280,853\" data-comments-opened=\"1\" data-image-meta=\"{&quot;aperture&quot;:&quot;0&quot;,&quot;credit&quot;:&quot;&quot;,&quot;camera&quot;:&quot;&quot;,&quot;caption&quot;:&quot;&quot;,&quot;created_timestamp&quot;:&quot;0&quot;,&quot;copyright&quot;:&quot;&quot;,&quot;focal_length&quot;:&quot;0&quot;,&quot;iso&quot;:&quot;0&quot;,&quot;shutter_speed&quot;:&quot;0&quot;,&quot;title&quot;:&quot;&quot;,&quot;orientation&quot;:&quot;0&quot;}\" data-image-title=\"38eb12fe-6c01-428d-bfc2-6a8809615948 (1)\" data-image-description=\"\" data-image-caption=\"\" data-medium-file=\"https:\/\/www.paudalho.pe.gov.br\/portal\/wp-content\/uploads\/2019\/03\/38eb12fe-6c01-428d-bfc2-6a8809615948-1-350x230.jpg\" data-large-file=\"https:\/\/www.paudalho.pe.gov.br\/portal\/wp-content\/uploads\/2019\/03\/38eb12fe-6c01-428d-bfc2-6a8809615948-1-800x450.jpg\" src=\"https:\/\/i1.wp.com\/www.paudalho.pe.gov.br\/portal\/wp-content\/uploads\/2019\/03\/38eb12fe-6c01-428d-bfc2-6a8809615948-1.jpg?resize=800%2C450&amp;ssl=1\" alt=\"\" class=\"wp-image-6557\" srcset=\"https:\/\/www.paudalho.pe.gov.br\/portal\/wp-content\/uploads\/2019\/03\/38eb12fe-6c01-428d-bfc2-6a8809615948-1.jpg 1280w, https:\/\/www.paudalho.pe.gov.br\/portal\/wp-content\/uploads\/2019\/03\/38eb12fe-6c01-428d-bfc2-6a8809615948-1-768x512.jpg 768w\" sizes=\"auto, (max-width: 1280px) 100vw, 1280px\" \/><figcaption>Josu\u00e9 J\u00fanior\/PMP<\/figcaption><\/figure>\n\n\n\n<p><strong>Os blocos sa\u0303o compostos pelos seguintes ambientes:<\/strong><\/p>\n\n\n\n<p>Bloco A &#8211; Administrativo:<\/p>\n\n\n\n<p>\u2022 Almoxarifado;<br> \u2022 Circulac\u0327a\u0303o;<br> \u2022 Coordenac\u0327a\u0303o;<br> \u2022 Diretoria;<br> \u2022 Secretaria;<br> \u2022 Sala dos professores;<br> \u2022 Sanita\u0301rios adultos: masculino e feminino;<\/p>\n\n\n\n<p>Bloco B &#8211; Pedago\u0301gico:<\/p>\n\n\n\n<p> \u2022 Audito\u0301rio;<br> \u2022 Biblioteca;<\/p>\n\n\n\n<p>Bloco C &#8211; Pedago\u0301gico:<\/p>\n\n\n\n<p>\u2022 Informa\u0301tica;<br> \u2022 Laborato\u0301rio;<br> \u2022 Sala do gre\u0302mio;<\/p>\n\n\n\n<p>Bloco D &#8211; Servic\u0327os:<\/p>\n\n\n\n<p>\u2022 A\u0301rea de Servic\u0327o externa:<\/p>\n\n\n\n<p>\u2212 Central GLP;<br> \u2212 Depo\u0301sito de lixo orga\u0302nico e recicla\u0301vel;<br> \u2212 Pa\u0301tio de servic\u0327o;<br> \u2022 A\u0301rea de recepc\u0327a\u0303o, triagem e pre\u0301-lavagem de alimentos;<br> \u2022 A\u0301rea de servic\u0327o;<br> \u2022 Circulac\u0327a\u0303o;<br> \u2022 Depo\u0301sito de material de limpeza;<br> \u2022 Despensa;<br> \u2022 Cozinha:<br> \u2212 Bancada de preparo de carnes;<br> \u2212 Bancada de preparo de guarnic\u0327o\u0303es;<br> \u2212 Bancada de preparo de legumes e verduras;<br> \u2212 Bancada de preparo de sucos, lanches e sobremesas;<br> \u2212 Bancada de lavagem de louc\u0327as sujas;<br> \u2212 A\u0301rea de Cocc\u0327a\u0303o;<br> \u2212 Balca\u0303o de passagem de alimentos prontos;<br> \u2212 Balca\u0303o de recepc\u0327a\u0303o de louc\u0327as sujas;<br> \u2022 Banho;<br> \u2022 Sanita\u0301rio;<br> \u2022 Pa\u0301tio coberto &#8211; espac\u0327o de integrac\u0327a\u0303o entre diversas atividades e faixas eta\u0301rias, onde se<br> localiza o refeito\u0301rio;<\/p>\n\n\n\n<p>Bloco E &#8211; Pedago\u0301gico:<\/p>\n\n\n\n<p> \u2022 Circula\u00e7\u00e3o<br> \u2022Sala de aula<br> \u2022Sanit\u00e1rio Feminino<br> \u2022Sanit\u00e1rio Masculino<\/p>\n\n\n\n<p>Bloco F &#8211; Pedago\u0301gico:<\/p>\n\n\n\n<p> \u2022 Circula\u00e7\u00e3o<br> \u2022Sala de aula<br> \u2022Vesti\u00e1rio Feminino<br> \u2022Vesti\u00e1rio Masculino<\/p>\n\n\n\n<p>BLOCO G<\/p>\n\n\n\n<p> \u2022 Quadra poliesportiva coberta. <\/p>\n","protected":false},"excerpt":{"rendered":"<p>Mais uma not\u00edcia para ser comemorada! A Prefeitura do Paudalho realizou na \u00faltima sexta-feira (15) a assinatura da Ordem de Servi\u00e7o da constru\u00e7\u00e3o da escola que ser\u00e1 erguida entre as comunidades da Asa Branca e Santa M\u00f4nica. A unidade ter\u00e1 uma \u00e1rea de 3.228,08 metr\u00f4s com capacidade para 780 alunos em um investimento de R$ [&hellip;]<\/p>\n","protected":false},"author":4,"featured_media":6555,"comment_status":"open","ping_status":"open","sticky":false,"template":"","format":"standard","meta":{"_jetpack_newsletter_access":"","_jetpack_dont_email_post_to_subs":false,"_jetpack_newsletter_tier_id":0,"_jetpack_memberships_contains_paywalled_content":false,"_jetpack_memberships_contains_paid_content":false,"footnotes":""},"categories":[2,1],"tags":[449,375,374,364],"class_list":["post-6554","post","type-post","status-publish","format-standard","has-post-thumbnail","hentry","category-destaque","category-noticias","tag-asa-branca","tag-construcao","tag-escola","tag-ordem-de-servico"],"jetpack_featured_media_url":"https:\/\/www.paudalho.pe.gov.br\/portal\/wp-content\/uploads\/2019\/03\/0b3f05c0-99a8-4bdd-a046-8b63ef2a50ec.jpg","jetpack_sharing_enabled":true,"jetpack_shortlink":"https:\/\/wp.me\/p98mS2-1HI","_links":{"self":[{"href":"https:\/\/www.paudalho.pe.gov.br\/portal\/wp-json\/wp\/v2\/posts\/6554","targetHints":{"allow":["GET"]}}],"collection":[{"href":"https:\/\/www.paudalho.pe.gov.br\/portal\/wp-json\/wp\/v2\/posts"}],"about":[{"href":"https:\/\/www.paudalho.pe.gov.br\/portal\/wp-json\/wp\/v2\/types\/post"}],"author":[{"embeddable":true,"href":"https:\/\/www.paudalho.pe.gov.br\/portal\/wp-json\/wp\/v2\/users\/4"}],"replies":[{"embeddable":true,"href":"https:\/\/www.paudalho.pe.gov.br\/portal\/wp-json\/wp\/v2\/comments?post=6554"}],"version-history":[{"count":3,"href":"https:\/\/www.paudalho.pe.gov.br\/portal\/wp-json\/wp\/v2\/posts\/6554\/revisions"}],"predecessor-version":[{"id":6560,"href":"https:\/\/www.paudalho.pe.gov.br\/portal\/wp-json\/wp\/v2\/posts\/6554\/revisions\/6560"}],"wp:featuredmedia":[{"embeddable":true,"href":"https:\/\/www.paudalho.pe.gov.br\/portal\/wp-json\/wp\/v2\/media\/6555"}],"wp:attachment":[{"href":"https:\/\/www.paudalho.pe.gov.br\/portal\/wp-json\/wp\/v2\/media?parent=6554"}],"wp:term":[{"taxonomy":"category","embeddable":true,"href":"https:\/\/www.paudalho.pe.gov.br\/portal\/wp-json\/wp\/v2\/categories?post=6554"},{"taxonomy":"post_tag","embeddable":true,"href":"https:\/\/www.paudalho.pe.gov.br\/portal\/wp-json\/wp\/v2\/tags?post=6554"}],"curies":[{"name":"wp","href":"https:\/\/api.w.org\/{rel}","templated":true}]}}