{"id":6544,"date":"2019-03-13T10:35:45","date_gmt":"2019-03-13T13:35:45","guid":{"rendered":"https:\/\/www.paudalho.pe.gov.br\/portal\/?p=6544"},"modified":"2019-03-13T10:35:52","modified_gmt":"2019-03-13T13:35:52","slug":"prefeitura-do-paudalho-inaugura-quadra-de-esportes-educativa-colegio-manoel-da-rosa","status":"publish","type":"post","link":"https:\/\/www.paudalho.pe.gov.br\/portal\/prefeitura-do-paudalho-inaugura-quadra-de-esportes-educativa-colegio-manoel-da-rosa\/","title":{"rendered":"Prefeitura do Paudalho inaugura Quadra de Esportes Educativa Col\u00e9gio Manoel da Rosa"},"content":{"rendered":"\n<p>O Artigo 217 da Constitui\u00e7\u00e3o Federal de 1988 prev\u00ea que \u00e9 dever do Estado fomentar pr\u00e1ticas desportivas formais e n\u00e3o formais para a popula\u00e7\u00e3o. E a Prefeitura do Paudalho compreende a necessidade de ofertar aos mun\u00edcipes o esporte como forma de aprendizado e transforma\u00e7\u00e3o social. <\/p>\n\n\n\n<p>Como exemplo desse compromisso, a gest\u00e3o inaugurou nesta ter\u00e7a-feira (12) mais um equipamento p\u00fablico, a Quadra de Esportes Educativa Col\u00e9gio Manoel da Rosa, que fica na Avenida Confedera\u00e7\u00e3o do Equador, sem n\u00famero, no Bairro do Alto Dois Irm\u00e3os. Irene Maria da Concei\u00e7\u00e3o de 58 anos \u00e9 moradora do bairro e elogiou a estrutura. &#8220;Eu estou achando a quadra linda. Agora as crian\u00e7as da comunidade ter\u00e3o onde praticar esportes e n\u00e3o v\u00e3o ficar na rua. A gest\u00e3o est\u00e1 de parab\u00e9ns&#8221;, disse <\/p>\n\n\n\n<h3 class=\"wp-block-heading\">Investimento<\/h3>\n\n\n\n<p>O local vai ofertar aos cerca de 1.100 alunos da unidade de ensino um espa\u00e7o onde eles possam desenvolver suas atividades f\u00edsicas ap\u00f3s anos de descaso. O Col\u00e9gio Manoel da Rosa \u00e9 tradicional no Munic\u00edpio e oferece ensino da Educa\u00e7\u00e3o Infantil, Anos Iniciais, Finais e ainda a Educa\u00e7\u00e3o de Jovens e Adultos (EJA). <\/p>\n\n\n\n<p>A Quadra de Esportes Educativa Col\u00e9gio Manoel da Rosa tem \u00e1rea total de 980,40 m\u00b2 de cobertura. O espa\u00e7o \u00e9 dividido entre  quadra poliesportiva com arquibancadas, vesti\u00e1rio masculino e feminino com sanit\u00e1rio para portadores de necessidade especiais e dep\u00f3sito. De acordo com a Secretaria de Desenvolvimento Urbano e Agr\u00e1rio foram investidos cerca de R$ 713.127,65. <\/p>\n\n\n\n<p>Para o prefeito de Paudalho, Marcelo Gouveia, o momento \u00e9 de celebra\u00e7\u00e3o. \u201cN\u00f3s compreendemos que esse equipamento vai sim mudar a vida das crian\u00e7as e tamb\u00e9m da comunidade. O esporte tem esse poder de transforma\u00e7\u00e3o social e f\u00edsica e n\u00f3s estamos muito felizes em poder estar inaugurando essa quadra. O nosso objetivo \u00e9 o bem-estar do povo\u201d, disse.<\/p>\n\n\n\n<figure class=\"wp-block-image\"><img loading=\"lazy\" decoding=\"async\" width=\"1280\" height=\"853\" data-attachment-id=\"6547\" data-permalink=\"https:\/\/www.paudalho.pe.gov.br\/portal\/prefeitura-do-paudalho-inaugura-quadra-de-esportes-educativa-colegio-manoel-da-rosa\/cc01f695-4834-43db-9379-fe6c7c7a84d1\/\" data-orig-file=\"https:\/\/www.paudalho.pe.gov.br\/portal\/wp-content\/uploads\/2019\/03\/cc01f695-4834-43db-9379-fe6c7c7a84d1.jpg\" data-orig-size=\"1280,853\" data-comments-opened=\"1\" data-image-meta=\"{&quot;aperture&quot;:&quot;0&quot;,&quot;credit&quot;:&quot;&quot;,&quot;camera&quot;:&quot;&quot;,&quot;caption&quot;:&quot;&quot;,&quot;created_timestamp&quot;:&quot;0&quot;,&quot;copyright&quot;:&quot;&quot;,&quot;focal_length&quot;:&quot;0&quot;,&quot;iso&quot;:&quot;0&quot;,&quot;shutter_speed&quot;:&quot;0&quot;,&quot;title&quot;:&quot;&quot;,&quot;orientation&quot;:&quot;0&quot;}\" data-image-title=\"cc01f695-4834-43db-9379-fe6c7c7a84d1\" data-image-description=\"\" data-image-caption=\"\" data-medium-file=\"https:\/\/www.paudalho.pe.gov.br\/portal\/wp-content\/uploads\/2019\/03\/cc01f695-4834-43db-9379-fe6c7c7a84d1-350x230.jpg\" data-large-file=\"https:\/\/www.paudalho.pe.gov.br\/portal\/wp-content\/uploads\/2019\/03\/cc01f695-4834-43db-9379-fe6c7c7a84d1-800x450.jpg\" src=\"https:\/\/i2.wp.com\/www.paudalho.pe.gov.br\/portal\/wp-content\/uploads\/2019\/03\/cc01f695-4834-43db-9379-fe6c7c7a84d1.jpg?resize=800%2C450&amp;ssl=1\" alt=\"\" class=\"wp-image-6547\" srcset=\"https:\/\/www.paudalho.pe.gov.br\/portal\/wp-content\/uploads\/2019\/03\/cc01f695-4834-43db-9379-fe6c7c7a84d1.jpg 1280w, https:\/\/www.paudalho.pe.gov.br\/portal\/wp-content\/uploads\/2019\/03\/cc01f695-4834-43db-9379-fe6c7c7a84d1-768x512.jpg 768w\" sizes=\"auto, (max-width: 1280px) 100vw, 1280px\" \/><figcaption>Foto: Josu\u00e9 J\u00fanior\/PMP<\/figcaption><\/figure>\n","protected":false},"excerpt":{"rendered":"<p>O Artigo 217 da Constitui\u00e7\u00e3o Federal de 1988 prev\u00ea que \u00e9 dever do Estado fomentar pr\u00e1ticas desportivas formais e n\u00e3o formais para a popula\u00e7\u00e3o. E a Prefeitura do Paudalho compreende a necessidade de ofertar aos mun\u00edcipes o esporte como forma de aprendizado e transforma\u00e7\u00e3o social. Como exemplo desse compromisso, a gest\u00e3o inaugurou nesta ter\u00e7a-feira (12) [&hellip;]<\/p>\n","protected":false},"author":4,"featured_media":6546,"comment_status":"open","ping_status":"open","sticky":false,"template":"","format":"standard","meta":{"_jetpack_newsletter_access":"","_jetpack_dont_email_post_to_subs":false,"_jetpack_newsletter_tier_id":0,"_jetpack_memberships_contains_paywalled_content":false,"_jetpack_memberships_contains_paid_content":false,"footnotes":""},"categories":[2,1],"tags":[339,446],"class_list":["post-6544","post","type-post","status-publish","format-standard","has-post-thumbnail","hentry","category-destaque","category-noticias","tag-inauguracao","tag-uadra-de-esportes-educativa-colegio-manoel-da-rosa"],"jetpack_featured_media_url":"https:\/\/www.paudalho.pe.gov.br\/portal\/wp-content\/uploads\/2019\/03\/932488f0-422a-4779-aa06-362449bdd29a.jpg","jetpack_sharing_enabled":true,"jetpack_shortlink":"https:\/\/wp.me\/p98mS2-1Hy","_links":{"self":[{"href":"https:\/\/www.paudalho.pe.gov.br\/portal\/wp-json\/wp\/v2\/posts\/6544","targetHints":{"allow":["GET"]}}],"collection":[{"href":"https:\/\/www.paudalho.pe.gov.br\/portal\/wp-json\/wp\/v2\/posts"}],"about":[{"href":"https:\/\/www.paudalho.pe.gov.br\/portal\/wp-json\/wp\/v2\/types\/post"}],"author":[{"embeddable":true,"href":"https:\/\/www.paudalho.pe.gov.br\/portal\/wp-json\/wp\/v2\/users\/4"}],"replies":[{"embeddable":true,"href":"https:\/\/www.paudalho.pe.gov.br\/portal\/wp-json\/wp\/v2\/comments?post=6544"}],"version-history":[{"count":1,"href":"https:\/\/www.paudalho.pe.gov.br\/portal\/wp-json\/wp\/v2\/posts\/6544\/revisions"}],"predecessor-version":[{"id":6548,"href":"https:\/\/www.paudalho.pe.gov.br\/portal\/wp-json\/wp\/v2\/posts\/6544\/revisions\/6548"}],"wp:featuredmedia":[{"embeddable":true,"href":"https:\/\/www.paudalho.pe.gov.br\/portal\/wp-json\/wp\/v2\/media\/6546"}],"wp:attachment":[{"href":"https:\/\/www.paudalho.pe.gov.br\/portal\/wp-json\/wp\/v2\/media?parent=6544"}],"wp:term":[{"taxonomy":"category","embeddable":true,"href":"https:\/\/www.paudalho.pe.gov.br\/portal\/wp-json\/wp\/v2\/categories?post=6544"},{"taxonomy":"post_tag","embeddable":true,"href":"https:\/\/www.paudalho.pe.gov.br\/portal\/wp-json\/wp\/v2\/tags?post=6544"}],"curies":[{"name":"wp","href":"https:\/\/api.w.org\/{rel}","templated":true}]}}