{"id":6505,"date":"2019-03-04T10:23:36","date_gmt":"2019-03-04T13:23:36","guid":{"rendered":"https:\/\/www.paudalho.pe.gov.br\/portal\/?p=6505"},"modified":"2019-03-04T10:28:06","modified_gmt":"2019-03-04T13:28:06","slug":"chuva-e-frevo-banham-milhares-de-folioes-no-1o-dia-do-carnaval-de-paudalho","status":"publish","type":"post","link":"https:\/\/www.paudalho.pe.gov.br\/portal\/chuva-e-frevo-banham-milhares-de-folioes-no-1o-dia-do-carnaval-de-paudalho\/","title":{"rendered":"Chuva e frevo &#8220;banham&#8221; milhares de fol\u0129oes no 1\u00ba dia do Carnaval de Paudalho"},"content":{"rendered":"\n<p>Milhares de pessoas participaram neste domingo (3) da abertura do maior Carnaval do Interior, a Festa de Momo em Paudalho, na Mata Norte de Pernambuco. A programa\u00e7\u00e3o come\u00e7ou pela manh\u00e3 com o Banho de Frevo Infantil no P\u00e1tio de Eventos Beira-Rio, no Centro da cidade. Joana Fl\u00e1via levou as duas filhas, Maysa e Malu, de tr\u00eas e quatro anos, fantasiadas de Minnie e Mulher Maravilha. Ela elogiou a programa\u00e7\u00e3o. &#8220;Eu estou gostando bastante porque minhas filhas podem brincar tranquilas e logo em seguida tem para os adultos&#8221;, comentou.<\/p>\n\n\n\n<ul class=\"wp-block-gallery columns-1 is-cropped wp-block-gallery-1 is-layout-flex wp-block-gallery-is-layout-flex\"><li class=\"blocks-gallery-item\"><figure><img loading=\"lazy\" decoding=\"async\" width=\"5760\" height=\"3840\" data-attachment-id=\"6513\" data-permalink=\"https:\/\/www.paudalho.pe.gov.br\/portal\/chuva-e-frevo-banham-milhares-de-folioes-no-1o-dia-do-carnaval-de-paudalho\/3f9a5426\/\" data-orig-file=\"https:\/\/www.paudalho.pe.gov.br\/portal\/wp-content\/uploads\/2019\/03\/3F9A5426.jpg\" data-orig-size=\"5760,3840\" data-comments-opened=\"1\" data-image-meta=\"{&quot;aperture&quot;:&quot;4&quot;,&quot;credit&quot;:&quot;&quot;,&quot;camera&quot;:&quot;Canon EOS 5D Mark III&quot;,&quot;caption&quot;:&quot;&quot;,&quot;created_timestamp&quot;:&quot;1551609254&quot;,&quot;copyright&quot;:&quot;&quot;,&quot;focal_length&quot;:&quot;200&quot;,&quot;iso&quot;:&quot;200&quot;,&quot;shutter_speed&quot;:&quot;0.003125&quot;,&quot;title&quot;:&quot;&quot;,&quot;orientation&quot;:&quot;1&quot;}\" data-image-title=\"3F9A5426\" data-image-description=\"\" data-image-caption=\"\" data-medium-file=\"https:\/\/www.paudalho.pe.gov.br\/portal\/wp-content\/uploads\/2019\/03\/3F9A5426-350x230.jpg\" data-large-file=\"https:\/\/www.paudalho.pe.gov.br\/portal\/wp-content\/uploads\/2019\/03\/3F9A5426-800x450.jpg\" src=\"https:\/\/i0.wp.com\/www.paudalho.pe.gov.br\/portal\/wp-content\/uploads\/2019\/03\/3F9A5426.jpg?resize=800%2C450&amp;ssl=1\" alt=\"\" data-id=\"6513\" class=\"wp-image-6513\" srcset=\"https:\/\/www.paudalho.pe.gov.br\/portal\/wp-content\/uploads\/2019\/03\/3F9A5426.jpg 5760w, https:\/\/www.paudalho.pe.gov.br\/portal\/wp-content\/uploads\/2019\/03\/3F9A5426-768x512.jpg 768w\" sizes=\"auto, (max-width: 5760px) 100vw, 5760px\" \/><figcaption>Foto: Josu\u00e9 Filho\/PMP<br><br><\/figcaption><\/figure><\/li><\/ul>\n\n\n\n<ul class=\"wp-block-gallery columns-3 is-cropped wp-block-gallery-2 is-layout-flex wp-block-gallery-is-layout-flex\"><li class=\"blocks-gallery-item\"><figure><img loading=\"lazy\" decoding=\"async\" width=\"1280\" height=\"853\" data-attachment-id=\"6515\" data-permalink=\"https:\/\/www.paudalho.pe.gov.br\/portal\/chuva-e-frevo-banham-milhares-de-folioes-no-1o-dia-do-carnaval-de-paudalho\/6-2\/\" data-orig-file=\"https:\/\/www.paudalho.pe.gov.br\/portal\/wp-content\/uploads\/2019\/03\/6.jpeg\" data-orig-size=\"1280,853\" data-comments-opened=\"1\" data-image-meta=\"{&quot;aperture&quot;:&quot;0&quot;,&quot;credit&quot;:&quot;&quot;,&quot;camera&quot;:&quot;&quot;,&quot;caption&quot;:&quot;&quot;,&quot;created_timestamp&quot;:&quot;0&quot;,&quot;copyright&quot;:&quot;&quot;,&quot;focal_length&quot;:&quot;0&quot;,&quot;iso&quot;:&quot;0&quot;,&quot;shutter_speed&quot;:&quot;0&quot;,&quot;title&quot;:&quot;&quot;,&quot;orientation&quot;:&quot;0&quot;}\" data-image-title=\"6\" data-image-description=\"\" data-image-caption=\"\" data-medium-file=\"https:\/\/www.paudalho.pe.gov.br\/portal\/wp-content\/uploads\/2019\/03\/6-350x230.jpeg\" data-large-file=\"https:\/\/www.paudalho.pe.gov.br\/portal\/wp-content\/uploads\/2019\/03\/6-800x450.jpeg\" src=\"https:\/\/i0.wp.com\/www.paudalho.pe.gov.br\/portal\/wp-content\/uploads\/2019\/03\/6.jpeg?resize=800%2C450&amp;ssl=1\" alt=\"\" data-id=\"6515\" data-link=\"https:\/\/www.paudalho.pe.gov.br\/portal\/?attachment_id=6515\" class=\"wp-image-6515\" srcset=\"https:\/\/www.paudalho.pe.gov.br\/portal\/wp-content\/uploads\/2019\/03\/6.jpeg 1280w, https:\/\/www.paudalho.pe.gov.br\/portal\/wp-content\/uploads\/2019\/03\/6-768x512.jpeg 768w\" sizes=\"auto, (max-width: 1280px) 100vw, 1280px\" \/><\/figure><\/li><li class=\"blocks-gallery-item\"><figure><img loading=\"lazy\" decoding=\"async\" width=\"1280\" height=\"853\" data-attachment-id=\"6516\" data-permalink=\"https:\/\/www.paudalho.pe.gov.br\/portal\/chuva-e-frevo-banham-milhares-de-folioes-no-1o-dia-do-carnaval-de-paudalho\/5-3\/\" data-orig-file=\"https:\/\/www.paudalho.pe.gov.br\/portal\/wp-content\/uploads\/2019\/03\/5.jpeg\" data-orig-size=\"1280,853\" data-comments-opened=\"1\" data-image-meta=\"{&quot;aperture&quot;:&quot;0&quot;,&quot;credit&quot;:&quot;&quot;,&quot;camera&quot;:&quot;&quot;,&quot;caption&quot;:&quot;&quot;,&quot;created_timestamp&quot;:&quot;0&quot;,&quot;copyright&quot;:&quot;&quot;,&quot;focal_length&quot;:&quot;0&quot;,&quot;iso&quot;:&quot;0&quot;,&quot;shutter_speed&quot;:&quot;0&quot;,&quot;title&quot;:&quot;&quot;,&quot;orientation&quot;:&quot;0&quot;}\" data-image-title=\"5\" data-image-description=\"\" data-image-caption=\"\" data-medium-file=\"https:\/\/www.paudalho.pe.gov.br\/portal\/wp-content\/uploads\/2019\/03\/5-350x230.jpeg\" data-large-file=\"https:\/\/www.paudalho.pe.gov.br\/portal\/wp-content\/uploads\/2019\/03\/5-800x450.jpeg\" src=\"https:\/\/i2.wp.com\/www.paudalho.pe.gov.br\/portal\/wp-content\/uploads\/2019\/03\/5.jpeg?resize=800%2C450&amp;ssl=1\" alt=\"\" data-id=\"6516\" data-link=\"https:\/\/www.paudalho.pe.gov.br\/portal\/?attachment_id=6516\" class=\"wp-image-6516\" srcset=\"https:\/\/www.paudalho.pe.gov.br\/portal\/wp-content\/uploads\/2019\/03\/5.jpeg 1280w, https:\/\/www.paudalho.pe.gov.br\/portal\/wp-content\/uploads\/2019\/03\/5-768x512.jpeg 768w\" sizes=\"auto, (max-width: 1280px) 100vw, 1280px\" \/><\/figure><\/li><li class=\"blocks-gallery-item\"><figure><img loading=\"lazy\" decoding=\"async\" width=\"1280\" height=\"853\" data-attachment-id=\"6517\" data-permalink=\"https:\/\/www.paudalho.pe.gov.br\/portal\/chuva-e-frevo-banham-milhares-de-folioes-no-1o-dia-do-carnaval-de-paudalho\/4-4\/\" data-orig-file=\"https:\/\/www.paudalho.pe.gov.br\/portal\/wp-content\/uploads\/2019\/03\/4.jpeg\" data-orig-size=\"1280,853\" data-comments-opened=\"1\" data-image-meta=\"{&quot;aperture&quot;:&quot;0&quot;,&quot;credit&quot;:&quot;&quot;,&quot;camera&quot;:&quot;&quot;,&quot;caption&quot;:&quot;&quot;,&quot;created_timestamp&quot;:&quot;0&quot;,&quot;copyright&quot;:&quot;&quot;,&quot;focal_length&quot;:&quot;0&quot;,&quot;iso&quot;:&quot;0&quot;,&quot;shutter_speed&quot;:&quot;0&quot;,&quot;title&quot;:&quot;&quot;,&quot;orientation&quot;:&quot;0&quot;}\" data-image-title=\"4\" data-image-description=\"\" data-image-caption=\"\" data-medium-file=\"https:\/\/www.paudalho.pe.gov.br\/portal\/wp-content\/uploads\/2019\/03\/4-350x230.jpeg\" data-large-file=\"https:\/\/www.paudalho.pe.gov.br\/portal\/wp-content\/uploads\/2019\/03\/4-800x450.jpeg\" src=\"https:\/\/i1.wp.com\/www.paudalho.pe.gov.br\/portal\/wp-content\/uploads\/2019\/03\/4.jpeg?resize=800%2C450&amp;ssl=1\" alt=\"\" data-id=\"6517\" data-link=\"https:\/\/www.paudalho.pe.gov.br\/portal\/?attachment_id=6517\" class=\"wp-image-6517\" srcset=\"https:\/\/www.paudalho.pe.gov.br\/portal\/wp-content\/uploads\/2019\/03\/4.jpeg 1280w, https:\/\/www.paudalho.pe.gov.br\/portal\/wp-content\/uploads\/2019\/03\/4-768x512.jpeg 768w\" sizes=\"auto, (max-width: 1280px) 100vw, 1280px\" \/><\/figure><\/li><li class=\"blocks-gallery-item\"><figure><img loading=\"lazy\" decoding=\"async\" width=\"1280\" height=\"853\" data-attachment-id=\"6518\" data-permalink=\"https:\/\/www.paudalho.pe.gov.br\/portal\/chuva-e-frevo-banham-milhares-de-folioes-no-1o-dia-do-carnaval-de-paudalho\/3-5\/\" data-orig-file=\"https:\/\/www.paudalho.pe.gov.br\/portal\/wp-content\/uploads\/2019\/03\/3.jpeg\" data-orig-size=\"1280,853\" data-comments-opened=\"1\" data-image-meta=\"{&quot;aperture&quot;:&quot;0&quot;,&quot;credit&quot;:&quot;&quot;,&quot;camera&quot;:&quot;&quot;,&quot;caption&quot;:&quot;&quot;,&quot;created_timestamp&quot;:&quot;0&quot;,&quot;copyright&quot;:&quot;&quot;,&quot;focal_length&quot;:&quot;0&quot;,&quot;iso&quot;:&quot;0&quot;,&quot;shutter_speed&quot;:&quot;0&quot;,&quot;title&quot;:&quot;&quot;,&quot;orientation&quot;:&quot;0&quot;}\" data-image-title=\"3\" data-image-description=\"\" data-image-caption=\"\" data-medium-file=\"https:\/\/www.paudalho.pe.gov.br\/portal\/wp-content\/uploads\/2019\/03\/3-350x230.jpeg\" data-large-file=\"https:\/\/www.paudalho.pe.gov.br\/portal\/wp-content\/uploads\/2019\/03\/3-800x450.jpeg\" src=\"https:\/\/i0.wp.com\/www.paudalho.pe.gov.br\/portal\/wp-content\/uploads\/2019\/03\/3.jpeg?resize=800%2C450&amp;ssl=1\" alt=\"\" data-id=\"6518\" data-link=\"https:\/\/www.paudalho.pe.gov.br\/portal\/?attachment_id=6518\" class=\"wp-image-6518\" srcset=\"https:\/\/www.paudalho.pe.gov.br\/portal\/wp-content\/uploads\/2019\/03\/3.jpeg 1280w, https:\/\/www.paudalho.pe.gov.br\/portal\/wp-content\/uploads\/2019\/03\/3-768x512.jpeg 768w\" sizes=\"auto, (max-width: 1280px) 100vw, 1280px\" \/><\/figure><\/li><li class=\"blocks-gallery-item\"><figure><img loading=\"lazy\" decoding=\"async\" width=\"1280\" height=\"853\" data-attachment-id=\"6519\" data-permalink=\"https:\/\/www.paudalho.pe.gov.br\/portal\/chuva-e-frevo-banham-milhares-de-folioes-no-1o-dia-do-carnaval-de-paudalho\/2-6\/\" data-orig-file=\"https:\/\/www.paudalho.pe.gov.br\/portal\/wp-content\/uploads\/2019\/03\/2.jpeg\" data-orig-size=\"1280,853\" data-comments-opened=\"1\" data-image-meta=\"{&quot;aperture&quot;:&quot;0&quot;,&quot;credit&quot;:&quot;&quot;,&quot;camera&quot;:&quot;&quot;,&quot;caption&quot;:&quot;&quot;,&quot;created_timestamp&quot;:&quot;0&quot;,&quot;copyright&quot;:&quot;&quot;,&quot;focal_length&quot;:&quot;0&quot;,&quot;iso&quot;:&quot;0&quot;,&quot;shutter_speed&quot;:&quot;0&quot;,&quot;title&quot;:&quot;&quot;,&quot;orientation&quot;:&quot;0&quot;}\" data-image-title=\"2\" data-image-description=\"\" data-image-caption=\"\" data-medium-file=\"https:\/\/www.paudalho.pe.gov.br\/portal\/wp-content\/uploads\/2019\/03\/2-350x230.jpeg\" data-large-file=\"https:\/\/www.paudalho.pe.gov.br\/portal\/wp-content\/uploads\/2019\/03\/2-800x450.jpeg\" src=\"https:\/\/i0.wp.com\/www.paudalho.pe.gov.br\/portal\/wp-content\/uploads\/2019\/03\/2.jpeg?resize=800%2C450&amp;ssl=1\" alt=\"\" data-id=\"6519\" data-link=\"https:\/\/www.paudalho.pe.gov.br\/portal\/?attachment_id=6519\" class=\"wp-image-6519\" srcset=\"https:\/\/www.paudalho.pe.gov.br\/portal\/wp-content\/uploads\/2019\/03\/2.jpeg 1280w, https:\/\/www.paudalho.pe.gov.br\/portal\/wp-content\/uploads\/2019\/03\/2-768x512.jpeg 768w\" sizes=\"auto, (max-width: 1280px) 100vw, 1280px\" \/><\/figure><\/li><li class=\"blocks-gallery-item\"><figure><img loading=\"lazy\" decoding=\"async\" width=\"1280\" height=\"853\" data-attachment-id=\"6520\" data-permalink=\"https:\/\/www.paudalho.pe.gov.br\/portal\/chuva-e-frevo-banham-milhares-de-folioes-no-1o-dia-do-carnaval-de-paudalho\/o\/\" data-orig-file=\"https:\/\/www.paudalho.pe.gov.br\/portal\/wp-content\/uploads\/2019\/03\/O.jpeg\" data-orig-size=\"1280,853\" data-comments-opened=\"1\" data-image-meta=\"{&quot;aperture&quot;:&quot;0&quot;,&quot;credit&quot;:&quot;&quot;,&quot;camera&quot;:&quot;&quot;,&quot;caption&quot;:&quot;&quot;,&quot;created_timestamp&quot;:&quot;0&quot;,&quot;copyright&quot;:&quot;&quot;,&quot;focal_length&quot;:&quot;0&quot;,&quot;iso&quot;:&quot;0&quot;,&quot;shutter_speed&quot;:&quot;0&quot;,&quot;title&quot;:&quot;&quot;,&quot;orientation&quot;:&quot;0&quot;}\" data-image-title=\"O\" data-image-description=\"\" data-image-caption=\"\" data-medium-file=\"https:\/\/www.paudalho.pe.gov.br\/portal\/wp-content\/uploads\/2019\/03\/O-350x230.jpeg\" data-large-file=\"https:\/\/www.paudalho.pe.gov.br\/portal\/wp-content\/uploads\/2019\/03\/O-800x450.jpeg\" src=\"https:\/\/i2.wp.com\/www.paudalho.pe.gov.br\/portal\/wp-content\/uploads\/2019\/03\/O.jpeg?resize=800%2C450&amp;ssl=1\" alt=\"\" data-id=\"6520\" data-link=\"https:\/\/www.paudalho.pe.gov.br\/portal\/?attachment_id=6520\" class=\"wp-image-6520\" srcset=\"https:\/\/www.paudalho.pe.gov.br\/portal\/wp-content\/uploads\/2019\/03\/O.jpeg 1280w, https:\/\/www.paudalho.pe.gov.br\/portal\/wp-content\/uploads\/2019\/03\/O-768x512.jpeg 768w\" sizes=\"auto, (max-width: 1280px) 100vw, 1280px\" \/><\/figure><\/li><\/ul>\n\n\n\n<p>Como comentou Joana Fl\u00e1via a programa\u00e7\u00e3o para os adultos come\u00e7ou logo em seguida. A tarde subiu ao palco o grupo Esta\u00e7\u00e3o Batukada e a Festa continuou com a Orquestra do Clube Lenhadores do Paudalho. A chuva era constante, mas mesmo assim as pessoas continuavam frevando e se divertindo. <\/p>\n\n\n\n<p>\u00c0s 16h foi a vez da cantora Elba Ramalho agitar o Polo Principal. A noite foi encerrada com a apresenta\u00e7\u00e3o de MC Elvis que trouxe o brega rom\u00e2ntico \u00e0 Festa. Francisco Andr\u00e9 mora em Jaboat\u00e3o dos Guararapes e participou dos festejos com a fam\u00edlia.&#8221;Eu gostei muito da festa e tudo est\u00e1 muito tranquilo. Trouxe minha fam\u00edlia e posso dizer que Paudalho tem o maior Carnaval do interior de Pernambuco. De acordo com a Secretaria de Cultura e Turismo a expectativa era que cerca de 30 mil pessoas participassem em cada dia. Mas, foi not\u00f3rio que o n\u00famero superou as expectativas.<\/p>\n\n\n\n<p><\/p>\n\n\n\n<p>A programa\u00e7\u00e3o continua nesta segunda-feira (4). \u00c0s 12h sobe ao palco o grupo Pagode Tudo Nosso. \u00c1s 14h \u00e9 a vez de o irreverente Almir Rouche tomar o palco do P\u00e1tio de Eventos Beira-Rio. A partir das 16h, a festa \u00e9 comandada pelo MC Troia. O segundo dia ser\u00e1 encerrado com a apresenta\u00e7\u00e3o da Orquestra do Clube Estrela do Paudalho a partir das 18h.&nbsp;<\/p>\n\n\n\n<p>Na ter\u00e7a-feira (3), quem abre os Festejos de Momo \u00e9 a Banda Perigosa, a partir das 12h. Em seguida, \u00e0s 14, se apresenta a Orquestra do Clube Cruzeiro do Sul. E tem mais anima\u00e7\u00e3o! \u00c0s 16h quem agita \u00e9 o cantor Andr\u00e9 Rio. Ap\u00f3s, \u00e0s 18h, a Banda Chicote El\u00e9trico encerra o dia de apresenta\u00e7\u00e3o.&nbsp;<\/p>\n\n\n\n<p>Ainda segundo a organiza\u00e7\u00e3o do evento, v\u00e3o ser usados, em 2019, 60 mil litros de \u00e1gua em 180 metros de cano. S\u00e3o tr\u00eas linhas de cano de 60 metros que recebem a \u00e1gua de tr\u00eas reservat\u00f3rios. A cada tr\u00eas metros, existe um aspersor de irriga\u00e7\u00e3o que distribui o jato de \u00e1gua nos foli\u00f5es. No liquido, al\u00e9m de \u00e1gua, ser\u00e1 misturada cerca de mil litros de ess\u00eancia de tutti frutti para que o banho fique arom\u00e1tico.<\/p>\n\n\n\n<h3 class=\"wp-block-heading\">Polo Cultural<\/h3>\n\n\n\n<p><\/p>\n\n\n\n<p>Al\u00e9m do Polo Principal, diversas atra\u00e7\u00f5es culturais como: bois, maracatus, escolas de samba e outras agremia\u00e7\u00f5es participaram desfilaram no palco montado na Pra\u00e7a Pedro Coutinho, no Centro da cidade. O prefeito Marcelo Gouveia destacou a import\u00e2ncia de ofertar ao p\u00fablico um Carnaval multicultural. &#8220;N\u00f3s estamos felizes com o resultado que conseguimos. Nossa Festa tem dois polos, o Cultural e o Banho de Frevo onde cantores e grupos de diversos estilos v\u00e3o participar. O nosso Carnaval \u00e9 multicultural e isso nos d\u00e1 orgulho. N\u00f3s temos o maior Carnaval do interior&#8221;, disse. <\/p>\n\n\n\n<ul class=\"wp-block-gallery columns-2 is-cropped wp-block-gallery-3 is-layout-flex wp-block-gallery-is-layout-flex\"><li class=\"blocks-gallery-item\"><figure><img loading=\"lazy\" decoding=\"async\" width=\"1280\" height=\"853\" data-attachment-id=\"6521\" data-permalink=\"https:\/\/www.paudalho.pe.gov.br\/portal\/chuva-e-frevo-banham-milhares-de-folioes-no-1o-dia-do-carnaval-de-paudalho\/14-5\/\" data-orig-file=\"https:\/\/www.paudalho.pe.gov.br\/portal\/wp-content\/uploads\/2019\/03\/14.jpeg\" data-orig-size=\"1280,853\" data-comments-opened=\"1\" data-image-meta=\"{&quot;aperture&quot;:&quot;0&quot;,&quot;credit&quot;:&quot;&quot;,&quot;camera&quot;:&quot;&quot;,&quot;caption&quot;:&quot;&quot;,&quot;created_timestamp&quot;:&quot;0&quot;,&quot;copyright&quot;:&quot;&quot;,&quot;focal_length&quot;:&quot;0&quot;,&quot;iso&quot;:&quot;0&quot;,&quot;shutter_speed&quot;:&quot;0&quot;,&quot;title&quot;:&quot;&quot;,&quot;orientation&quot;:&quot;0&quot;}\" data-image-title=\"14\" data-image-description=\"\" data-image-caption=\"\" data-medium-file=\"https:\/\/www.paudalho.pe.gov.br\/portal\/wp-content\/uploads\/2019\/03\/14-350x230.jpeg\" data-large-file=\"https:\/\/www.paudalho.pe.gov.br\/portal\/wp-content\/uploads\/2019\/03\/14-800x450.jpeg\" src=\"https:\/\/i0.wp.com\/www.paudalho.pe.gov.br\/portal\/wp-content\/uploads\/2019\/03\/14.jpeg?resize=800%2C450&amp;ssl=1\" alt=\"\" data-id=\"6521\" data-link=\"https:\/\/www.paudalho.pe.gov.br\/portal\/?attachment_id=6521\" class=\"wp-image-6521\" srcset=\"https:\/\/www.paudalho.pe.gov.br\/portal\/wp-content\/uploads\/2019\/03\/14.jpeg 1280w, https:\/\/www.paudalho.pe.gov.br\/portal\/wp-content\/uploads\/2019\/03\/14-768x512.jpeg 768w\" sizes=\"auto, (max-width: 1280px) 100vw, 1280px\" \/><figcaption>Agemiro J\u00fanior\/PMP <\/figcaption><\/figure><\/li><li class=\"blocks-gallery-item\"><figure><img loading=\"lazy\" decoding=\"async\" width=\"1280\" height=\"853\" data-attachment-id=\"6522\" data-permalink=\"https:\/\/www.paudalho.pe.gov.br\/portal\/chuva-e-frevo-banham-milhares-de-folioes-no-1o-dia-do-carnaval-de-paudalho\/13-5\/\" data-orig-file=\"https:\/\/www.paudalho.pe.gov.br\/portal\/wp-content\/uploads\/2019\/03\/13.jpeg\" data-orig-size=\"1280,853\" data-comments-opened=\"1\" data-image-meta=\"{&quot;aperture&quot;:&quot;0&quot;,&quot;credit&quot;:&quot;&quot;,&quot;camera&quot;:&quot;&quot;,&quot;caption&quot;:&quot;&quot;,&quot;created_timestamp&quot;:&quot;0&quot;,&quot;copyright&quot;:&quot;&quot;,&quot;focal_length&quot;:&quot;0&quot;,&quot;iso&quot;:&quot;0&quot;,&quot;shutter_speed&quot;:&quot;0&quot;,&quot;title&quot;:&quot;&quot;,&quot;orientation&quot;:&quot;0&quot;}\" data-image-title=\"13\" data-image-description=\"\" data-image-caption=\"\" data-medium-file=\"https:\/\/www.paudalho.pe.gov.br\/portal\/wp-content\/uploads\/2019\/03\/13-350x230.jpeg\" data-large-file=\"https:\/\/www.paudalho.pe.gov.br\/portal\/wp-content\/uploads\/2019\/03\/13-800x450.jpeg\" src=\"https:\/\/i1.wp.com\/www.paudalho.pe.gov.br\/portal\/wp-content\/uploads\/2019\/03\/13.jpeg?resize=800%2C450&amp;ssl=1\" alt=\"\" data-id=\"6522\" data-link=\"https:\/\/www.paudalho.pe.gov.br\/portal\/?attachment_id=6522\" class=\"wp-image-6522\" srcset=\"https:\/\/www.paudalho.pe.gov.br\/portal\/wp-content\/uploads\/2019\/03\/13.jpeg 1280w, https:\/\/www.paudalho.pe.gov.br\/portal\/wp-content\/uploads\/2019\/03\/13-768x512.jpeg 768w\" sizes=\"auto, (max-width: 1280px) 100vw, 1280px\" \/><figcaption>Agemiro J\u00fanior\/PMP <\/figcaption><\/figure><\/li><\/ul>\n\n\n\n<p>As atra\u00e7\u00f5es culturais v\u00e3o continuar se apresentando no Polo durante os dias de Carnaval:<\/p>\n\n\n\n<p><strong>Segunda-feira (04\/03\/2019)<\/strong><\/p>\n\n\n\n<p>Se apresentam no Polo Cultural os Bois Crian\u00e7a a Prova D \u00e1gua, da FL, Boi Moral, Boi Pobre, Boi Brilhoso, Boi Bole Bole, Boi Crian\u00e7a, Boi de Bronze, Boi Pipoquinha, Boi da Loca, Maracatu Beija-Flor de Nazar\u00e9 da Mata, Maracatu Cambinda Brasileira de Nazar\u00e9 da Mata, Maracatu Le\u00e3ozinho das Flores de Itamb\u00e9, Maracatu Cambinda Estrela de Itaquitinga, Maracatu Le\u00e3o Formoso de Tracunha\u00e9m, Maracatu Estrela da Tarde de Nazar\u00e9 da Mata, Maracatu Le\u00e3o das Cordilheiras de Alian\u00e7a, Maracatu Camelo Manso de Gloria do Goit\u00e1, Maracatu Le\u00e3o brilhante de Carpina, Maracatu Le\u00e3o Vencedor de Ch\u00e3 de Alegria, Maracatu Le\u00e3o Vencedor de Paudalho, Caboclinho Urub\u00e1, Bloco Caprichosos de S\u00e3o Miguel, Escola de Samba Esta\u00e7\u00e3o da Primavera, Bloco L\u00edrico Magia L\u00edrica, Bloco L\u00edrico Som de Serenata, Clube Cruzeiro do Sul, Clube Lenhadores do Paudalho.<\/p>\n\n\n\n<p><strong>Ter\u00e7a-feira (05\/03\/2019)<\/strong><\/p>\n\n\n\n<p>No \u00faltimo dia se apresentam no Polo Cultural os Bois Timbu, Alegria, Boi de Ouro, Boi do Cruzeiro, Boi Carinhoso, Maracatu Le\u00e3o da Fortaleza de Goiana, Maracatu Cambindinha de Ara\u00e7oiaba, Maracatu Estrela da Serra de Tracunha\u00e9m, Maracatu Gavi\u00e3o da Mata de Gloria do Goit\u00e1, Maracatu Le\u00e3o das Cordilheiras de Lagoa do Itaenga, Maracatu Le\u00e3ozinho de Itaquitinga, Maracatu Estrela de ouro de Alian\u00e7a, Maracatu Estrela de Tracunha\u00e9m, Maracatu Pav\u00e3o Dourado de Ch\u00e3 de Alegria, Maracatu Le\u00e3o da Floresta de Vic\u00eancia, Maracatu Le\u00e3o Mimoso de Paudalho, Samb\u00e3o Maravilha, Escola Gigante do Samba, Bloco L\u00edrico Magia L\u00edrica, Bloco L\u00edrico Som de Serenata, Clube Lenhadores do Paudalho, Clube Estrela do Paudalho.<\/p>\n","protected":false},"excerpt":{"rendered":"<p>Milhares de pessoas participaram neste domingo (3) da abertura do maior Carnaval do Interior, a Festa de Momo em Paudalho, na Mata Norte de Pernambuco. A programa\u00e7\u00e3o come\u00e7ou pela manh\u00e3 com o Banho de Frevo Infantil no P\u00e1tio de Eventos Beira-Rio, no Centro da cidade. Joana Fl\u00e1via levou as duas filhas, Maysa e Malu, de [&hellip;]<\/p>\n","protected":false},"author":4,"featured_media":6511,"comment_status":"open","ping_status":"open","sticky":false,"template":"","format":"standard","meta":{"_jetpack_newsletter_access":"","_jetpack_dont_email_post_to_subs":false,"_jetpack_newsletter_tier_id":0,"_jetpack_memberships_contains_paywalled_content":false,"_jetpack_memberships_contains_paid_content":false,"footnotes":""},"categories":[37,2,1],"tags":[442,445],"class_list":["post-6505","post","type-post","status-publish","format-standard","has-post-thumbnail","hentry","category-carnaval","category-destaque","category-noticias","tag-carnaval-2019","tag-elba-ramalho"],"jetpack_featured_media_url":"https:\/\/www.paudalho.pe.gov.br\/portal\/wp-content\/uploads\/2019\/03\/3F9A5830.jpg","jetpack_sharing_enabled":true,"jetpack_shortlink":"https:\/\/wp.me\/p98mS2-1GV","_links":{"self":[{"href":"https:\/\/www.paudalho.pe.gov.br\/portal\/wp-json\/wp\/v2\/posts\/6505","targetHints":{"allow":["GET"]}}],"collection":[{"href":"https:\/\/www.paudalho.pe.gov.br\/portal\/wp-json\/wp\/v2\/posts"}],"about":[{"href":"https:\/\/www.paudalho.pe.gov.br\/portal\/wp-json\/wp\/v2\/types\/post"}],"author":[{"embeddable":true,"href":"https:\/\/www.paudalho.pe.gov.br\/portal\/wp-json\/wp\/v2\/users\/4"}],"replies":[{"embeddable":true,"href":"https:\/\/www.paudalho.pe.gov.br\/portal\/wp-json\/wp\/v2\/comments?post=6505"}],"version-history":[{"count":8,"href":"https:\/\/www.paudalho.pe.gov.br\/portal\/wp-json\/wp\/v2\/posts\/6505\/revisions"}],"predecessor-version":[{"id":6525,"href":"https:\/\/www.paudalho.pe.gov.br\/portal\/wp-json\/wp\/v2\/posts\/6505\/revisions\/6525"}],"wp:featuredmedia":[{"embeddable":true,"href":"https:\/\/www.paudalho.pe.gov.br\/portal\/wp-json\/wp\/v2\/media\/6511"}],"wp:attachment":[{"href":"https:\/\/www.paudalho.pe.gov.br\/portal\/wp-json\/wp\/v2\/media?parent=6505"}],"wp:term":[{"taxonomy":"category","embeddable":true,"href":"https:\/\/www.paudalho.pe.gov.br\/portal\/wp-json\/wp\/v2\/categories?post=6505"},{"taxonomy":"post_tag","embeddable":true,"href":"https:\/\/www.paudalho.pe.gov.br\/portal\/wp-json\/wp\/v2\/tags?post=6505"}],"curies":[{"name":"wp","href":"https:\/\/api.w.org\/{rel}","templated":true}]}}