{"id":6498,"date":"2019-02-27T10:56:10","date_gmt":"2019-02-27T13:56:10","guid":{"rendered":"https:\/\/www.paudalho.pe.gov.br\/portal\/?p=6498"},"modified":"2019-02-27T10:56:16","modified_gmt":"2019-02-27T13:56:16","slug":"tradicional-carnaval-em-paudalho-tera-entre-as-atracoes-elba-ramalho-almir-rouche-e-andre-rio","status":"publish","type":"post","link":"https:\/\/www.paudalho.pe.gov.br\/portal\/tradicional-carnaval-em-paudalho-tera-entre-as-atracoes-elba-ramalho-almir-rouche-e-andre-rio\/","title":{"rendered":"Tradicional, Carnaval em Paudalho ter\u00e1, entre as atra\u00e7\u00f5es: Elba Ramalho, Almir Rouche e Andr\u00e9 Rio"},"content":{"rendered":"\n<p>Frevo no p\u00e9, celebra\u00e7\u00e3o e muita alegria no cora\u00e7\u00e3o. J\u00e1 est\u00e1 tudo\npreparado para a grande Festa de Momo no Munic\u00edpio do Paudalho, na Mata Norte\nde Pernambuco. A Prefeitura da Cidade preparou uma programa\u00e7\u00e3o diversificada.\nSer\u00e3o dois polos, o Cultural, na Pra\u00e7a Pedro Coutinho, no Centro, e o Polo\nPrincipal no P\u00e1tio de Eventos Beira-Rio. A programa\u00e7\u00e3o \u00e9 realizada pela\nSecretaria de Cultura e Turismo e a estimativa \u00e9 que, por dia, cerca de 30 mil\npessoas participem da festa no Munic\u00edpio.<\/p>\n\n\n\n<h3 class=\"wp-block-heading\">Banho de Frevo&nbsp;<\/h3>\n\n\n\n<p>O tradicional Banho de Frevo come\u00e7ar\u00e1 \u00e1s 12h. No domingo (3), a Esta\u00e7\u00e3o\nBatukada abre a programa\u00e7\u00e3o. Das 14h \u00e0s 16h quem se apresenta \u00e9 a Orquestra do\nClube Lenhadores do Paudalho. \u00c0s 16h \u00e9 a vez do \u201cfurac\u00e3o\u201d Elba Ramalho agitar a\nfolia com um show que promete muito frevo e energia. Encerrando o dia, o MC\nElvis se apresenta a partir das 18h.&nbsp;<\/p>\n\n\n\n<p>A programa\u00e7\u00e3o continua na segunda-feira (4). \u00c0s 12h sobe ao palco o\ngrupo Pagode Tudo Nosso. \u00c1s 14h \u00e9 a vez de o irreverente Almir Rouche tomar o\npalco do P\u00e1tio de Eventos Beira-Rio. A partir das 16h, a festa \u00e9 comandada pelo\nMC Troia. O segundo dia ser\u00e1 encerrado com a apresenta\u00e7\u00e3o da Orquestra do Clube\nEstrela do Paudalho a partir das 18h.&nbsp;<\/p>\n\n\n\n<p>Na ter\u00e7a-feira (3), quem abre os Festejos de Momo \u00e9 a Banda Perigosa, a\npartir das 12h. Em seguida, \u00e0s 14, se apresenta a Orquestra do Clube Cruzeiro\ndo Sul. E tem mais anima\u00e7\u00e3o! \u00c0s 16h quem agita \u00e9 o cantor Andr\u00e9 Rio. Ap\u00f3s, \u00e0s\n18h, a Banda Chicote El\u00e9trico encerra o dia de apresenta\u00e7\u00e3o.&nbsp;<\/p>\n\n\n\n<p>Segundo a organiza\u00e7\u00e3o do evento, v\u00e3o ser usados, em 2019, 60 mil litros\nde \u00e1gua em 180 metros de cano. S\u00e3o tr\u00eas linhas de cano de 60 metros que recebem\na \u00e1gua de tr\u00eas reservat\u00f3rios. A cada tr\u00eas metros, existe um aspersor de\nirriga\u00e7\u00e3o que distribui o jato de \u00e1gua nos foli\u00f5es. No liquido, al\u00e9m de \u00e1gua,\nser\u00e1 misturada cerca de mil litros de ess\u00eancia de tutti frutti para que o banho\nfique arom\u00e1tico.<\/p>\n\n\n\n<h3 class=\"wp-block-heading\">Banho de Frevo Infantil&nbsp;<\/h3>\n\n\n\n<p>E no objetivo de dar mais comodidade e seguran\u00e7a \u00e0s crian\u00e7as do\nMunic\u00edpio na hora de brincar o Carnaval, a Prefeitura do Paudalho realiza mais\numa vez o Banho de Frevo Infantil, tamb\u00e9m no Parque de Evento Beira-Rio. A\nprograma\u00e7\u00e3o come\u00e7ar\u00e1 no domingo (3) com a apresenta\u00e7\u00e3o do grupo \u201cBal\u00e3o da\nAlegria\u201d. Na segunda-feira (4), sobe ao palco \u201cA Barca Maluka\u201d e na ter\u00e7a-feira\n(5), o grupo \u201cBal\u00e3o M\u00e1gico\u201d se apresenta novamente.&nbsp; Todos os shows\nocorrer\u00e3o das 9h30 \u00e0s 11h30.&nbsp;<\/p>\n\n\n\n<h3 class=\"wp-block-heading\">Polo Cultural&nbsp;<\/h3>\n\n\n\n<p>O Carnaval do Paudalho \u00e9 centen\u00e1rio, diverso, ecl\u00e9tico e acolhedor. Al\u00e9m\nde toda a programa\u00e7\u00e3o no Polo Principal, a Prefeitura preparou um verdadeiro\ndesfile de cultura onde dezenas de agremia\u00e7\u00f5es e blocos ir\u00e3o se apresentar no\nPolo Cultural, que fica na Pra\u00e7a Pedro Coutinho, tamb\u00e9m no Centro. \u201cNosso maior\ncomprometimento \u00e9 de difundir a Cultura e faze-la cada vez mais lembrada. N\u00f3s\nsomos tradicionais no Carnaval e por isso fizemos uma festa t\u00e3o democr\u00e1tica\nonde brinca a crian\u00e7a, o jovem e o adulto. Estamos felizes\u201d, destacou o\nsecret\u00e1rio de Cultura e Turismo Jobson Oliveira.&nbsp;<\/p>\n\n\n\n<h3 class=\"wp-block-heading\">Confira a programa\u00e7\u00e3o completa:<\/h3>\n\n\n\n<p><strong>Domingo (03\/03\/2019)<\/strong><\/p>\n\n\n\n<p>Se apresentam no Polo Cultural os\nBois Crian\u00e7a a Prova D`\u00e1gua, Cangaceiro, Boi Malandro, Boi Legal, Boi da Monica,\nValdemar Ferreira, Maracatu Le\u00e3o da Fronteira de Itamb\u00e9, Maracatu Le\u00e3o Charmoso\nde Lagoa do Carro, Maracatu Le\u00e3o da Serra deVic\u00eancia, Maracatu Le\u00e3o Coroado de Ara\u00e7oiaba,\nMaracatu Estrela Brilhante de Limoeiro, Maracatu \u00c1guia de Ouro de Igarassu, Maracatu\nCambinda Nova de Lagoa do Itaenga, Maracatu le\u00e3o Mimoso de Buenos Aires, Maracatu\nEstrela da tarde de Lagoa do Carro, Maracatu Le\u00e3o Dourado de Lagoa do Carro, Maracatu\nfonte do Ita\u00edba de Paudalho, Maracatu Le\u00e3o Teimoso de Guadalajara, Caboclinho Reiamar,\nEscola de Samba Unidos da Primavera, Bloco L\u00edrico Magia L\u00edrica, Bloco L\u00edrico\nFlor do Tamarindo de Carpina, Bloco L\u00edrico Som de Serenata, Clube Estrela do\nPaudalho, Clube &nbsp;Cruzeiro do sul. <\/p>\n\n\n\n<p><strong>Segunda-feira (04\/03\/2019)<\/strong><\/p>\n\n\n\n<p>Se apresentam\nno Polo Cultural os Bois Crian\u00e7a a Prova D \u00e1gua, da FL, Boi Moral, Boi Pobre,\nBoi Brilhoso, Boi Bole Bole, Boi Crian\u00e7a, Boi de Bronze, Boi Pipoquinha, Boi da\nLoca, Maracatu Beija-Flor de Nazar\u00e9 da Mata, Maracatu Cambinda Brasileira de\nNazar\u00e9 da Mata, Maracatu Le\u00e3ozinho das Flores de Itamb\u00e9, Maracatu Cambinda\nEstrela de Itaquitinga, Maracatu Le\u00e3o Formoso de Tracunha\u00e9m, Maracatu Estrela\nda Tarde de Nazar\u00e9 da Mata, Maracatu Le\u00e3o das Cordilheiras de Alian\u00e7a, Maracatu\nCamelo Manso de Gloria do Goit\u00e1, Maracatu Le\u00e3o brilhante de Carpina, Maracatu\nLe\u00e3o Vencedor de Ch\u00e3 de Alegria, Maracatu Le\u00e3o Vencedor de Paudalho, Caboclinho\nUrub\u00e1, Bloco Caprichosos de S\u00e3o Miguel, Escola de Samba Esta\u00e7\u00e3o da Primavera,\nBloco L\u00edrico Magia L\u00edrica, Bloco L\u00edrico Som de Serenata, Clube Cruzeiro do Sul,\nClube Lenhadores do Paudalho.<\/p>\n\n\n\n<p><strong>Ter\u00e7a-feira (05\/03\/2019) <\/strong><\/p>\n\n\n\n<p>No \u00faltimo dia se apresentam no Polo Cultural os Bois Timbu, Alegria, Boi de Ouro, Boi do Cruzeiro, Boi Carinhoso, Maracatu Le\u00e3o da Fortaleza de Goiana, Maracatu Cambindinha de Ara\u00e7oiaba, Maracatu Estrela da Serra de Tracunha\u00e9m, Maracatu Gavi\u00e3o da Mata de Gloria do Goit\u00e1, Maracatu Le\u00e3o das Cordilheiras de Lagoa do Itaenga, Maracatu Le\u00e3ozinho de Itaquitinga, Maracatu Estrela de ouro de Alian\u00e7a, Maracatu Estrela de Tracunha\u00e9m, Maracatu Pav\u00e3o Dourado de Ch\u00e3 de Alegria, Maracatu Le\u00e3o da Floresta de Vic\u00eancia, Maracatu Le\u00e3o Mimoso de Paudalho, Samb\u00e3o Maravilha, Escola Gigante do Samba, Bloco L\u00edrico Magia L\u00edrica, Bloco L\u00edrico Som de Serenata, Clube Lenhadores do Paudalho, Clube Estrela do Paudalho.<\/p>\n\n\n\n<figure class=\"wp-block-image\"><img loading=\"lazy\" decoding=\"async\" width=\"1066\" height=\"1280\" data-attachment-id=\"6499\" data-permalink=\"https:\/\/www.paudalho.pe.gov.br\/portal\/tradicional-carnaval-em-paudalho-tera-entre-as-atracoes-elba-ramalho-almir-rouche-e-andre-rio\/a600aacf-9393-41f0-babd-c44922c64e17\/\" data-orig-file=\"https:\/\/www.paudalho.pe.gov.br\/portal\/wp-content\/uploads\/2019\/02\/a600aacf-9393-41f0-babd-c44922c64e17.jpg\" data-orig-size=\"1066,1280\" data-comments-opened=\"1\" data-image-meta=\"{&quot;aperture&quot;:&quot;0&quot;,&quot;credit&quot;:&quot;&quot;,&quot;camera&quot;:&quot;&quot;,&quot;caption&quot;:&quot;&quot;,&quot;created_timestamp&quot;:&quot;0&quot;,&quot;copyright&quot;:&quot;&quot;,&quot;focal_length&quot;:&quot;0&quot;,&quot;iso&quot;:&quot;0&quot;,&quot;shutter_speed&quot;:&quot;0&quot;,&quot;title&quot;:&quot;&quot;,&quot;orientation&quot;:&quot;0&quot;}\" data-image-title=\"a600aacf-9393-41f0-babd-c44922c64e17\" data-image-description=\"\" data-image-caption=\"\" data-medium-file=\"https:\/\/www.paudalho.pe.gov.br\/portal\/wp-content\/uploads\/2019\/02\/a600aacf-9393-41f0-babd-c44922c64e17.jpg\" data-large-file=\"https:\/\/www.paudalho.pe.gov.br\/portal\/wp-content\/uploads\/2019\/02\/a600aacf-9393-41f0-babd-c44922c64e17.jpg\" src=\"https:\/\/www.paudalho.pe.gov.br\/portal\/wp-content\/uploads\/2019\/02\/a600aacf-9393-41f0-babd-c44922c64e17.jpg\" alt=\"\" class=\"wp-image-6499\"\/><\/figure>\n","protected":false},"excerpt":{"rendered":"<p>Frevo no p\u00e9, celebra\u00e7\u00e3o e muita alegria no cora\u00e7\u00e3o. J\u00e1 est\u00e1 tudo preparado para a grande Festa de Momo no Munic\u00edpio do Paudalho, na Mata Norte de Pernambuco. A Prefeitura da Cidade preparou uma programa\u00e7\u00e3o diversificada. Ser\u00e3o dois polos, o Cultural, na Pra\u00e7a Pedro Coutinho, no Centro, e o Polo Principal no P\u00e1tio de Eventos [&hellip;]<\/p>\n","protected":false},"author":4,"featured_media":6501,"comment_status":"open","ping_status":"open","sticky":false,"template":"","format":"standard","meta":{"_jetpack_newsletter_access":"","_jetpack_dont_email_post_to_subs":false,"_jetpack_newsletter_tier_id":0,"_jetpack_memberships_contains_paywalled_content":false,"_jetpack_memberships_contains_paid_content":false,"footnotes":""},"categories":[37,2,1],"tags":[442,14],"class_list":["post-6498","post","type-post","status-publish","format-standard","has-post-thumbnail","hentry","category-carnaval","category-destaque","category-noticias","tag-carnaval-2019","tag-paudalho"],"jetpack_featured_media_url":"https:\/\/www.paudalho.pe.gov.br\/portal\/wp-content\/uploads\/2019\/02\/10704000_710902025624741_4986927914963874690_n.jpg","jetpack_sharing_enabled":true,"jetpack_shortlink":"https:\/\/wp.me\/p98mS2-1GO","_links":{"self":[{"href":"https:\/\/www.paudalho.pe.gov.br\/portal\/wp-json\/wp\/v2\/posts\/6498","targetHints":{"allow":["GET"]}}],"collection":[{"href":"https:\/\/www.paudalho.pe.gov.br\/portal\/wp-json\/wp\/v2\/posts"}],"about":[{"href":"https:\/\/www.paudalho.pe.gov.br\/portal\/wp-json\/wp\/v2\/types\/post"}],"author":[{"embeddable":true,"href":"https:\/\/www.paudalho.pe.gov.br\/portal\/wp-json\/wp\/v2\/users\/4"}],"replies":[{"embeddable":true,"href":"https:\/\/www.paudalho.pe.gov.br\/portal\/wp-json\/wp\/v2\/comments?post=6498"}],"version-history":[{"count":2,"href":"https:\/\/www.paudalho.pe.gov.br\/portal\/wp-json\/wp\/v2\/posts\/6498\/revisions"}],"predecessor-version":[{"id":6502,"href":"https:\/\/www.paudalho.pe.gov.br\/portal\/wp-json\/wp\/v2\/posts\/6498\/revisions\/6502"}],"wp:featuredmedia":[{"embeddable":true,"href":"https:\/\/www.paudalho.pe.gov.br\/portal\/wp-json\/wp\/v2\/media\/6501"}],"wp:attachment":[{"href":"https:\/\/www.paudalho.pe.gov.br\/portal\/wp-json\/wp\/v2\/media?parent=6498"}],"wp:term":[{"taxonomy":"category","embeddable":true,"href":"https:\/\/www.paudalho.pe.gov.br\/portal\/wp-json\/wp\/v2\/categories?post=6498"},{"taxonomy":"post_tag","embeddable":true,"href":"https:\/\/www.paudalho.pe.gov.br\/portal\/wp-json\/wp\/v2\/tags?post=6498"}],"curies":[{"name":"wp","href":"https:\/\/api.w.org\/{rel}","templated":true}]}}