{"id":6461,"date":"2019-02-20T10:52:37","date_gmt":"2019-02-20T13:52:37","guid":{"rendered":"https:\/\/www.paudalho.pe.gov.br\/portal\/?p=6461"},"modified":"2019-02-21T10:53:57","modified_gmt":"2019-02-21T13:53:57","slug":"prefeitura-do-paudalho-realiza-abertura-do-ano-letivo-na-rede-municipal-de-ensino","status":"publish","type":"post","link":"https:\/\/www.paudalho.pe.gov.br\/portal\/prefeitura-do-paudalho-realiza-abertura-do-ano-letivo-na-rede-municipal-de-ensino\/","title":{"rendered":"Prefeitura do Paudalho realiza abertura do ano letivo na Rede Municipal de Ensino"},"content":{"rendered":"\n<p>A expectativa para o in\u00edcio das aulas do ano letivo era grande para muito dos quase nove mil alunos da Rede Municipal de Ensino de Paudalho. As aulas de 2019 come\u00e7aram nesta segunda-feira (18) em todas as unidades. <\/p>\n\n\n\n<figure class=\"wp-block-image\"><img loading=\"lazy\" decoding=\"async\" width=\"5760\" height=\"3840\" data-attachment-id=\"6464\" data-permalink=\"https:\/\/www.paudalho.pe.gov.br\/portal\/prefeitura-do-paudalho-realiza-abertura-do-ano-letivo-na-rede-municipal-de-ensino\/3f9a0589\/\" data-orig-file=\"https:\/\/www.paudalho.pe.gov.br\/portal\/wp-content\/uploads\/2019\/02\/3F9A0589.jpg\" data-orig-size=\"5760,3840\" data-comments-opened=\"1\" data-image-meta=\"{&quot;aperture&quot;:&quot;4.5&quot;,&quot;credit&quot;:&quot;&quot;,&quot;camera&quot;:&quot;Canon EOS 5D Mark III&quot;,&quot;caption&quot;:&quot;&quot;,&quot;created_timestamp&quot;:&quot;1550571508&quot;,&quot;copyright&quot;:&quot;&quot;,&quot;focal_length&quot;:&quot;17&quot;,&quot;iso&quot;:&quot;800&quot;,&quot;shutter_speed&quot;:&quot;0.008&quot;,&quot;title&quot;:&quot;&quot;,&quot;orientation&quot;:&quot;0&quot;}\" data-image-title=\"3F9A0589\" data-image-description=\"\" data-image-caption=\"\" data-medium-file=\"https:\/\/www.paudalho.pe.gov.br\/portal\/wp-content\/uploads\/2019\/02\/3F9A0589-350x230.jpg\" data-large-file=\"https:\/\/www.paudalho.pe.gov.br\/portal\/wp-content\/uploads\/2019\/02\/3F9A0589-800x450.jpg\" src=\"https:\/\/i1.wp.com\/www.paudalho.pe.gov.br\/portal\/wp-content\/uploads\/2019\/02\/3F9A0589.jpg?resize=800%2C450&amp;ssl=1\" alt=\"\" class=\"wp-image-6464\" srcset=\"https:\/\/www.paudalho.pe.gov.br\/portal\/wp-content\/uploads\/2019\/02\/3F9A0589.jpg 5760w, https:\/\/www.paudalho.pe.gov.br\/portal\/wp-content\/uploads\/2019\/02\/3F9A0589-768x512.jpg 768w\" sizes=\"auto, (max-width: 5760px) 100vw, 5760px\" \/><figcaption>Foto: Josu\u00e9 Filho\/PMP<\/figcaption><\/figure>\n\n\n\n<p>O pequeno Eduardo Miguel, de seis anos, estuda na Escola Municipal Manoel da Rosa e n\u00e3o escondeu a alegria de voltar \u00e0 atividade escolar. <em>\u201cEu fa\u00e7o tarefa, pinto e brinco aqui. Estou muito feliz!\u201d<\/em>, disse. Em toda a Rede h\u00e1 cerca de 10.900 vagas. No comprometimento de melhorar ainda mais a educa\u00e7\u00e3o na cidade, novos professores, contratados atrav\u00e9s de uma Sele\u00e7\u00e3o P\u00fablica Simplificada j\u00e1 come\u00e7aram a trabalhar nas escolas.<\/p>\n\n\n\n<h3 class=\"wp-block-heading\">Nova escola, novos sonhos <\/h3>\n\n\n\n<p>A mudan\u00e7a alcan\u00e7a tanto os bairros pr\u00f3ximos ao Centro, quanto \u00e0 Zona Rural como a comunidade de Fonte de Aldeia. A popula\u00e7\u00e3o aguardava o in\u00edcio das aulas na Escola C\u00edcero Lopes da Silva, nova unidade de ensino que foi inaugurada em outubro de 2018. O local oferece ensino da Educa\u00e7\u00e3o Infantil e do primeiro ao quinto ano. Herivan Gomes de 11 anos estuda no local e lembra como era antes da unidade ser constru\u00edda na comunidade. <em>\u201cAntes eu estudava na Vila e demorava para chegar na escola, agora em alguns minutos eu j\u00e1 estou aqui. Eu dou nota 10!\u201d<\/em>, comentou.<\/p>\n\n\n\n<figure class=\"wp-block-image\"><img loading=\"lazy\" decoding=\"async\" width=\"5581\" height=\"3721\" data-attachment-id=\"6477\" data-permalink=\"https:\/\/www.paudalho.pe.gov.br\/portal\/prefeitura-do-paudalho-realiza-abertura-do-ano-letivo-na-rede-municipal-de-ensino\/3f9a0622\/\" data-orig-file=\"https:\/\/www.paudalho.pe.gov.br\/portal\/wp-content\/uploads\/2019\/02\/3F9A0622.jpg\" data-orig-size=\"5581,3721\" data-comments-opened=\"1\" data-image-meta=\"{&quot;aperture&quot;:&quot;14&quot;,&quot;credit&quot;:&quot;&quot;,&quot;camera&quot;:&quot;Canon EOS 5D Mark III&quot;,&quot;caption&quot;:&quot;&quot;,&quot;created_timestamp&quot;:&quot;1550572049&quot;,&quot;copyright&quot;:&quot;&quot;,&quot;focal_length&quot;:&quot;17&quot;,&quot;iso&quot;:&quot;1600&quot;,&quot;shutter_speed&quot;:&quot;0.0025&quot;,&quot;title&quot;:&quot;&quot;,&quot;orientation&quot;:&quot;0&quot;}\" data-image-title=\"3F9A0622\" data-image-description=\"\" data-image-caption=\"\" data-medium-file=\"https:\/\/www.paudalho.pe.gov.br\/portal\/wp-content\/uploads\/2019\/02\/3F9A0622-350x230.jpg\" data-large-file=\"https:\/\/www.paudalho.pe.gov.br\/portal\/wp-content\/uploads\/2019\/02\/3F9A0622-800x450.jpg\" src=\"https:\/\/i0.wp.com\/www.paudalho.pe.gov.br\/portal\/wp-content\/uploads\/2019\/02\/3F9A0622.jpg?resize=800%2C450&amp;ssl=1\" alt=\"\" class=\"wp-image-6477\" srcset=\"https:\/\/www.paudalho.pe.gov.br\/portal\/wp-content\/uploads\/2019\/02\/3F9A0622.jpg 5581w, https:\/\/www.paudalho.pe.gov.br\/portal\/wp-content\/uploads\/2019\/02\/3F9A0622-768x512.jpg 768w\" sizes=\"auto, (max-width: 5581px) 100vw, 5581px\" \/><figcaption> <br>Na foto a imagem da Escola Municipal C\u00edcero Lopes da Silva, em Fonte de Aldeia. <br>Foto: Josu\u00e9 Filho\/PMP  <\/figcaption><\/figure>\n\n\n\n<figure class=\"wp-block-image\"><img loading=\"lazy\" decoding=\"async\" width=\"5760\" height=\"3840\" data-attachment-id=\"6478\" data-permalink=\"https:\/\/www.paudalho.pe.gov.br\/portal\/prefeitura-do-paudalho-realiza-abertura-do-ano-letivo-na-rede-municipal-de-ensino\/3f9a0625-2\/\" data-orig-file=\"https:\/\/www.paudalho.pe.gov.br\/portal\/wp-content\/uploads\/2019\/02\/3F9A0625-1.jpg\" data-orig-size=\"5760,3840\" data-comments-opened=\"1\" data-image-meta=\"{&quot;aperture&quot;:&quot;14&quot;,&quot;credit&quot;:&quot;&quot;,&quot;camera&quot;:&quot;Canon EOS 5D Mark III&quot;,&quot;caption&quot;:&quot;&quot;,&quot;created_timestamp&quot;:&quot;1550572149&quot;,&quot;copyright&quot;:&quot;&quot;,&quot;focal_length&quot;:&quot;17&quot;,&quot;iso&quot;:&quot;1000&quot;,&quot;shutter_speed&quot;:&quot;0.003125&quot;,&quot;title&quot;:&quot;&quot;,&quot;orientation&quot;:&quot;1&quot;}\" data-image-title=\"3F9A0625\" data-image-description=\"\" data-image-caption=\"\" data-medium-file=\"https:\/\/www.paudalho.pe.gov.br\/portal\/wp-content\/uploads\/2019\/02\/3F9A0625-1-350x230.jpg\" data-large-file=\"https:\/\/www.paudalho.pe.gov.br\/portal\/wp-content\/uploads\/2019\/02\/3F9A0625-1-800x450.jpg\" src=\"https:\/\/i0.wp.com\/www.paudalho.pe.gov.br\/portal\/wp-content\/uploads\/2019\/02\/3F9A0625-1.jpg?resize=800%2C450&amp;ssl=1\" alt=\"\" class=\"wp-image-6478\" srcset=\"https:\/\/www.paudalho.pe.gov.br\/portal\/wp-content\/uploads\/2019\/02\/3F9A0625-1.jpg 5760w, https:\/\/www.paudalho.pe.gov.br\/portal\/wp-content\/uploads\/2019\/02\/3F9A0625-1-768x512.jpg 768w\" sizes=\"auto, (max-width: 5760px) 100vw, 5760px\" \/><\/figure>\n\n\n\n<figure class=\"wp-block-image\"><img loading=\"lazy\" decoding=\"async\" width=\"5314\" height=\"3543\" data-attachment-id=\"6467\" data-permalink=\"https:\/\/www.paudalho.pe.gov.br\/portal\/prefeitura-do-paudalho-realiza-abertura-do-ano-letivo-na-rede-municipal-de-ensino\/3f9a0603-2\/\" data-orig-file=\"https:\/\/www.paudalho.pe.gov.br\/portal\/wp-content\/uploads\/2019\/02\/3F9A0603-1.jpg\" data-orig-size=\"5314,3543\" data-comments-opened=\"1\" data-image-meta=\"{&quot;aperture&quot;:&quot;2.2&quot;,&quot;credit&quot;:&quot;&quot;,&quot;camera&quot;:&quot;Canon EOS 5D Mark III&quot;,&quot;caption&quot;:&quot;&quot;,&quot;created_timestamp&quot;:&quot;1550571678&quot;,&quot;copyright&quot;:&quot;&quot;,&quot;focal_length&quot;:&quot;85&quot;,&quot;iso&quot;:&quot;500&quot;,&quot;shutter_speed&quot;:&quot;0.01&quot;,&quot;title&quot;:&quot;&quot;,&quot;orientation&quot;:&quot;0&quot;}\" data-image-title=\"3F9A0603\" data-image-description=\"\" data-image-caption=\"\" data-medium-file=\"https:\/\/www.paudalho.pe.gov.br\/portal\/wp-content\/uploads\/2019\/02\/3F9A0603-1-350x230.jpg\" data-large-file=\"https:\/\/www.paudalho.pe.gov.br\/portal\/wp-content\/uploads\/2019\/02\/3F9A0603-1-800x450.jpg\" src=\"https:\/\/i1.wp.com\/www.paudalho.pe.gov.br\/portal\/wp-content\/uploads\/2019\/02\/3F9A0603-1.jpg?resize=800%2C450&amp;ssl=1\" alt=\"\" class=\"wp-image-6467\" srcset=\"https:\/\/www.paudalho.pe.gov.br\/portal\/wp-content\/uploads\/2019\/02\/3F9A0603-1.jpg 5314w, https:\/\/www.paudalho.pe.gov.br\/portal\/wp-content\/uploads\/2019\/02\/3F9A0603-1-768x512.jpg 768w\" sizes=\"auto, (max-width: 5314px) 100vw, 5314px\" \/><figcaption> <br>Na imagem o estudante Herivan Gomes se diverte com os colegas de classe. <br>Foto: Josu\u00e9 Filho\/PMP <\/figcaption><\/figure>\n","protected":false},"excerpt":{"rendered":"<p>A expectativa para o in\u00edcio das aulas do ano letivo era grande para muito dos quase nove mil alunos da Rede Municipal de Ensino de Paudalho. As aulas de 2019 come\u00e7aram nesta segunda-feira (18) em todas as unidades. O pequeno Eduardo Miguel, de seis anos, estuda na Escola Municipal Manoel da Rosa e n\u00e3o escondeu [&hellip;]<\/p>\n","protected":false},"author":4,"featured_media":6479,"comment_status":"open","ping_status":"open","sticky":false,"template":"","format":"standard","meta":{"_jetpack_newsletter_access":"","_jetpack_dont_email_post_to_subs":false,"_jetpack_newsletter_tier_id":0,"_jetpack_memberships_contains_paywalled_content":false,"_jetpack_memberships_contains_paid_content":false,"footnotes":""},"categories":[2,4,1],"tags":[136,30,374,439,440,106],"class_list":["post-6461","post","type-post","status-publish","format-standard","has-post-thumbnail","hentry","category-destaque","category-educacao","category-noticias","tag-aluno","tag-educacao","tag-escola","tag-nova-escola","tag-reconstrucao-de-escola","tag-secretaria-de-educacao"],"jetpack_featured_media_url":"https:\/\/www.paudalho.pe.gov.br\/portal\/wp-content\/uploads\/2019\/02\/3F9A0612.jpg","jetpack_sharing_enabled":true,"jetpack_shortlink":"https:\/\/wp.me\/p98mS2-1Gd","_links":{"self":[{"href":"https:\/\/www.paudalho.pe.gov.br\/portal\/wp-json\/wp\/v2\/posts\/6461","targetHints":{"allow":["GET"]}}],"collection":[{"href":"https:\/\/www.paudalho.pe.gov.br\/portal\/wp-json\/wp\/v2\/posts"}],"about":[{"href":"https:\/\/www.paudalho.pe.gov.br\/portal\/wp-json\/wp\/v2\/types\/post"}],"author":[{"embeddable":true,"href":"https:\/\/www.paudalho.pe.gov.br\/portal\/wp-json\/wp\/v2\/users\/4"}],"replies":[{"embeddable":true,"href":"https:\/\/www.paudalho.pe.gov.br\/portal\/wp-json\/wp\/v2\/comments?post=6461"}],"version-history":[{"count":4,"href":"https:\/\/www.paudalho.pe.gov.br\/portal\/wp-json\/wp\/v2\/posts\/6461\/revisions"}],"predecessor-version":[{"id":6483,"href":"https:\/\/www.paudalho.pe.gov.br\/portal\/wp-json\/wp\/v2\/posts\/6461\/revisions\/6483"}],"wp:featuredmedia":[{"embeddable":true,"href":"https:\/\/www.paudalho.pe.gov.br\/portal\/wp-json\/wp\/v2\/media\/6479"}],"wp:attachment":[{"href":"https:\/\/www.paudalho.pe.gov.br\/portal\/wp-json\/wp\/v2\/media?parent=6461"}],"wp:term":[{"taxonomy":"category","embeddable":true,"href":"https:\/\/www.paudalho.pe.gov.br\/portal\/wp-json\/wp\/v2\/categories?post=6461"},{"taxonomy":"post_tag","embeddable":true,"href":"https:\/\/www.paudalho.pe.gov.br\/portal\/wp-json\/wp\/v2\/tags?post=6461"}],"curies":[{"name":"wp","href":"https:\/\/api.w.org\/{rel}","templated":true}]}}