{"id":6348,"date":"2019-02-15T13:09:14","date_gmt":"2019-02-15T16:09:14","guid":{"rendered":"https:\/\/www.paudalho.pe.gov.br\/portal\/?p=6348"},"modified":"2019-02-15T16:12:57","modified_gmt":"2019-02-15T19:12:57","slug":"centro-de-parto-normal-de-paudalho-ultrapassa-a-marca-de-100-partos-humanizados-realizados","status":"publish","type":"post","link":"https:\/\/www.paudalho.pe.gov.br\/portal\/centro-de-parto-normal-de-paudalho-ultrapassa-a-marca-de-100-partos-humanizados-realizados\/","title":{"rendered":"Centro de Parto Normal  de Paudalho ultrapassa a marca de 100 partos humanizados realizados"},"content":{"rendered":"\n<p>O Centro de Parto Normal Gabrielly Ramos, no Munic\u00edpio de Paudalho, \u00e9 a primeira unidade totalmente voltada ao atendimento humanizado na Mata Norte de Pernambuco. O local possui uma a\u00e9rea de aproximadamente 502 metros quadrados onde, de acordo com a Prefeitura da cidade foram investidos cerca de R$ 1 Milh\u00e3o.<\/p>\n\n\n\n<p>Inaugurado em agosto de 2018, a unidade j\u00e1 faz hist\u00f3ria e devolveu o direito do paudalhense de nascer no Munic\u00edpio. No \u00faltimo dia oito de fevereiro, o Centro chegou \u00e0 marca de 100 partos realizados com o nascimento do pequeno Igor Mendes Gomes. A m\u00e3e da crian\u00e7a, Aniedja Maria Gomes, n\u00e3o escondeu a satisfa\u00e7\u00e3o em rela\u00e7\u00e3o ao atendimento. <em>\u201cEu gostei de tudo. Eu recomendaria as pessoas terem seus filhos no Centro porque a gente \u00e9 super bem atendida. Quando a gente vai ter a crian\u00e7a, a gente \u00e9 monitorada, ficam checando a nossa press\u00e3o e o batimento card\u00edaco do beb\u00ea. E era isso que eu queria: um parto Humanizado\u201d<\/em>,comentou.<\/p>\n\n\n\n<figure class=\"wp-block-image\"><img loading=\"lazy\" decoding=\"async\" width=\"1280\" height=\"853\" data-attachment-id=\"6351\" data-permalink=\"https:\/\/www.paudalho.pe.gov.br\/portal\/centro-de-parto-normal-de-paudalho-ultrapassa-a-marca-de-100-partos-humanizados-realizados\/92f4bfb0-d8df-4e93-9830-776b312c40f3-2\/\" data-orig-file=\"https:\/\/www.paudalho.pe.gov.br\/portal\/wp-content\/uploads\/2019\/02\/92f4bfb0-d8df-4e93-9830-776b312c40f3-1.jpg\" data-orig-size=\"1280,853\" data-comments-opened=\"1\" data-image-meta=\"{&quot;aperture&quot;:&quot;0&quot;,&quot;credit&quot;:&quot;&quot;,&quot;camera&quot;:&quot;&quot;,&quot;caption&quot;:&quot;&quot;,&quot;created_timestamp&quot;:&quot;0&quot;,&quot;copyright&quot;:&quot;&quot;,&quot;focal_length&quot;:&quot;0&quot;,&quot;iso&quot;:&quot;0&quot;,&quot;shutter_speed&quot;:&quot;0&quot;,&quot;title&quot;:&quot;&quot;,&quot;orientation&quot;:&quot;0&quot;}\" data-image-title=\"92f4bfb0-d8df-4e93-9830-776b312c40f3\" data-image-description=\"\" data-image-caption=\"\" data-medium-file=\"https:\/\/www.paudalho.pe.gov.br\/portal\/wp-content\/uploads\/2019\/02\/92f4bfb0-d8df-4e93-9830-776b312c40f3-1-350x230.jpg\" data-large-file=\"https:\/\/www.paudalho.pe.gov.br\/portal\/wp-content\/uploads\/2019\/02\/92f4bfb0-d8df-4e93-9830-776b312c40f3-1-800x450.jpg\" src=\"https:\/\/i0.wp.com\/www.paudalho.pe.gov.br\/portal\/wp-content\/uploads\/2019\/02\/92f4bfb0-d8df-4e93-9830-776b312c40f3-1.jpg?resize=800%2C450&amp;ssl=1\" alt=\"\" class=\"wp-image-6351\" srcset=\"https:\/\/www.paudalho.pe.gov.br\/portal\/wp-content\/uploads\/2019\/02\/92f4bfb0-d8df-4e93-9830-776b312c40f3-1.jpg 1280w, https:\/\/www.paudalho.pe.gov.br\/portal\/wp-content\/uploads\/2019\/02\/92f4bfb0-d8df-4e93-9830-776b312c40f3-1-768x512.jpg 768w\" sizes=\"auto, (max-width: 1280px) 100vw, 1280px\" \/><figcaption>Na imagem, o pequeno Igor Mendes. Foto: Thuannys Cabral.<\/figcaption><\/figure>\n\n\n\n<h2 class=\"wp-block-heading\">Pai da crian\u00e7a tamb\u00e9m participa <\/h2>\n\n\n\n<p>Outra preocupa\u00e7\u00e3o da unidade \u00e9 permitir a participa\u00e7\u00e3o do pai da crian\u00e7a em todo o processo. Segundo Aniedja Maria a atitude faz toda diferen\u00e7a. <em>\u201cMeu marido tamb\u00e9m gostou e eu gostei tamb\u00e9m porque ele p\u00f4de ficar comigo do come\u00e7o at\u00e9 o fim, me deu total apoio. Seria maravilhosa que toda a gestante tivesse o atendimento que eu tive\u201d<\/em>, disse. <\/p>\n\n\n\n<h2 class=\"wp-block-heading\">Superando a marca dos 100 partos <\/h2>\n\n\n\n<p>A pequena Emanuelly Sofia dos Santos foi outro beb\u00ea que marcou hist\u00f3ria na unidade. Filha de Elida Regina C\u00e2ndida dos Santos e Wendel Severino dos Santos, a crian\u00e7a foi o 101\u00ba beb\u00ea a nascer na unidade, na \u00faltima quarta-feira (13). A m\u00e3e da garotinha tamb\u00e9m comentou sobre o atendimento que recebeu. <em>\u201cEu achei tudo maravilhoso, estou sem palavras.\u201d<\/em>, comentou.               <\/p>\n\n\n\n<ul class=\"wp-block-gallery columns-1 is-cropped wp-block-gallery-1 is-layout-flex wp-block-gallery-is-layout-flex\"><li class=\"blocks-gallery-item\"><figure><img loading=\"lazy\" decoding=\"async\" width=\"1280\" height=\"853\" data-attachment-id=\"6352\" data-permalink=\"https:\/\/www.paudalho.pe.gov.br\/portal\/centro-de-parto-normal-de-paudalho-ultrapassa-a-marca-de-100-partos-humanizados-realizados\/f4247147-b389-48cb-ad00-11c82ddb3551\/\" data-orig-file=\"https:\/\/www.paudalho.pe.gov.br\/portal\/wp-content\/uploads\/2019\/02\/f4247147-b389-48cb-ad00-11c82ddb3551.jpg\" data-orig-size=\"1280,853\" data-comments-opened=\"1\" data-image-meta=\"{&quot;aperture&quot;:&quot;0&quot;,&quot;credit&quot;:&quot;&quot;,&quot;camera&quot;:&quot;&quot;,&quot;caption&quot;:&quot;&quot;,&quot;created_timestamp&quot;:&quot;0&quot;,&quot;copyright&quot;:&quot;&quot;,&quot;focal_length&quot;:&quot;0&quot;,&quot;iso&quot;:&quot;0&quot;,&quot;shutter_speed&quot;:&quot;0&quot;,&quot;title&quot;:&quot;&quot;,&quot;orientation&quot;:&quot;0&quot;}\" data-image-title=\"f4247147-b389-48cb-ad00-11c82ddb3551\" data-image-description=\"\" data-image-caption=\"\" data-medium-file=\"https:\/\/www.paudalho.pe.gov.br\/portal\/wp-content\/uploads\/2019\/02\/f4247147-b389-48cb-ad00-11c82ddb3551-350x230.jpg\" data-large-file=\"https:\/\/www.paudalho.pe.gov.br\/portal\/wp-content\/uploads\/2019\/02\/f4247147-b389-48cb-ad00-11c82ddb3551-800x450.jpg\" src=\"https:\/\/i0.wp.com\/www.paudalho.pe.gov.br\/portal\/wp-content\/uploads\/2019\/02\/f4247147-b389-48cb-ad00-11c82ddb3551.jpg?resize=800%2C450&amp;ssl=1\" alt=\"\" data-id=\"6352\" data-link=\"https:\/\/www.paudalho.pe.gov.br\/portal\/?attachment_id=6352\" class=\"wp-image-6352\" srcset=\"https:\/\/www.paudalho.pe.gov.br\/portal\/wp-content\/uploads\/2019\/02\/f4247147-b389-48cb-ad00-11c82ddb3551.jpg 1280w, https:\/\/www.paudalho.pe.gov.br\/portal\/wp-content\/uploads\/2019\/02\/f4247147-b389-48cb-ad00-11c82ddb3551-768x512.jpg 768w\" sizes=\"auto, (max-width: 1280px) 100vw, 1280px\" \/><figcaption> <br>Na imagem a pequena Emanuelly Sofia dos Santos.  <br>Foto: Thuannys Cabral. <\/figcaption><\/figure><\/li><\/ul>\n\n\n\n<h2 class=\"wp-block-heading\">Fam\u00edlias ganham ensaio fotogr\u00e1fico<\/h2>\n\n\n\n<p>Outro diferencial da unidade \u00e9 que as fam\u00edlias que desejarem ter o momento registratado podem ganhar um ensaio fotogr\u00e1fico com imagens do parto, totalmente gratuito. <\/p>\n\n\n\n<p>O servi\u00e7o \u00e9 disponibilizado pela Secretaria de Sa\u00fade na unidade. A fisioterapeuta e fot\u00f3grafa Thuannys Cabral \u00e9 respons\u00e1vel pelo ensaio e explica que as fotos s\u00e3o um presente \u00e0s fam\u00edlias.  <em>\u201cLogo que eu fui chamada para participar do projeto eu fiquei muito encantada. Quando eu vi a rea\u00e7\u00e3o das m\u00e3es ao verem as fotos, elas ficam encantadas. Elas achavam que era pago e a gente dizia que era um presente. As fotografias ainda ser\u00e3o colocadas no mural que existe no Centro, ou seja, vamos trocar as fotos antigas pelas crian\u00e7as que nasceram aqui. \u00c9 lindo, muito bonito e eu fico muito feliz em participar de tudo isso\u201d<\/em>, explicou. <\/p>\n\n\n\n<p><strong>Confira algumas fotos: <\/strong><\/p>\n\n\n\n<ul class=\"wp-block-gallery columns-3 is-cropped wp-block-gallery-2 is-layout-flex wp-block-gallery-is-layout-flex\"><li class=\"blocks-gallery-item\"><figure><img loading=\"lazy\" decoding=\"async\" width=\"1280\" height=\"853\" data-attachment-id=\"6354\" data-permalink=\"https:\/\/www.paudalho.pe.gov.br\/portal\/centro-de-parto-normal-de-paudalho-ultrapassa-a-marca-de-100-partos-humanizados-realizados\/2b146a46-b210-4c49-b2ef-c955688801f1\/\" data-orig-file=\"https:\/\/www.paudalho.pe.gov.br\/portal\/wp-content\/uploads\/2019\/02\/2b146a46-b210-4c49-b2ef-c955688801f1.jpg\" data-orig-size=\"1280,853\" data-comments-opened=\"1\" data-image-meta=\"{&quot;aperture&quot;:&quot;0&quot;,&quot;credit&quot;:&quot;&quot;,&quot;camera&quot;:&quot;&quot;,&quot;caption&quot;:&quot;&quot;,&quot;created_timestamp&quot;:&quot;0&quot;,&quot;copyright&quot;:&quot;&quot;,&quot;focal_length&quot;:&quot;0&quot;,&quot;iso&quot;:&quot;0&quot;,&quot;shutter_speed&quot;:&quot;0&quot;,&quot;title&quot;:&quot;&quot;,&quot;orientation&quot;:&quot;0&quot;}\" data-image-title=\"2b146a46-b210-4c49-b2ef-c955688801f1\" data-image-description=\"\" data-image-caption=\"\" data-medium-file=\"https:\/\/www.paudalho.pe.gov.br\/portal\/wp-content\/uploads\/2019\/02\/2b146a46-b210-4c49-b2ef-c955688801f1-350x230.jpg\" data-large-file=\"https:\/\/www.paudalho.pe.gov.br\/portal\/wp-content\/uploads\/2019\/02\/2b146a46-b210-4c49-b2ef-c955688801f1-800x450.jpg\" src=\"https:\/\/i0.wp.com\/www.paudalho.pe.gov.br\/portal\/wp-content\/uploads\/2019\/02\/2b146a46-b210-4c49-b2ef-c955688801f1.jpg?resize=800%2C450&amp;ssl=1\" alt=\"\" data-id=\"6354\" data-link=\"https:\/\/www.paudalho.pe.gov.br\/portal\/?attachment_id=6354\" class=\"wp-image-6354\" srcset=\"https:\/\/www.paudalho.pe.gov.br\/portal\/wp-content\/uploads\/2019\/02\/2b146a46-b210-4c49-b2ef-c955688801f1.jpg 1280w, https:\/\/www.paudalho.pe.gov.br\/portal\/wp-content\/uploads\/2019\/02\/2b146a46-b210-4c49-b2ef-c955688801f1-768x512.jpg 768w\" sizes=\"auto, (max-width: 1280px) 100vw, 1280px\" \/><\/figure><\/li><li class=\"blocks-gallery-item\"><figure><img loading=\"lazy\" decoding=\"async\" width=\"1280\" height=\"853\" data-attachment-id=\"6355\" data-permalink=\"https:\/\/www.paudalho.pe.gov.br\/portal\/centro-de-parto-normal-de-paudalho-ultrapassa-a-marca-de-100-partos-humanizados-realizados\/5e4b34ba-3098-49fb-bf7d-7c9fe2e28a0a\/\" data-orig-file=\"https:\/\/www.paudalho.pe.gov.br\/portal\/wp-content\/uploads\/2019\/02\/5e4b34ba-3098-49fb-bf7d-7c9fe2e28a0a.jpg\" data-orig-size=\"1280,853\" data-comments-opened=\"1\" data-image-meta=\"{&quot;aperture&quot;:&quot;0&quot;,&quot;credit&quot;:&quot;&quot;,&quot;camera&quot;:&quot;&quot;,&quot;caption&quot;:&quot;&quot;,&quot;created_timestamp&quot;:&quot;0&quot;,&quot;copyright&quot;:&quot;&quot;,&quot;focal_length&quot;:&quot;0&quot;,&quot;iso&quot;:&quot;0&quot;,&quot;shutter_speed&quot;:&quot;0&quot;,&quot;title&quot;:&quot;&quot;,&quot;orientation&quot;:&quot;0&quot;}\" data-image-title=\"5e4b34ba-3098-49fb-bf7d-7c9fe2e28a0a\" data-image-description=\"\" data-image-caption=\"\" data-medium-file=\"https:\/\/www.paudalho.pe.gov.br\/portal\/wp-content\/uploads\/2019\/02\/5e4b34ba-3098-49fb-bf7d-7c9fe2e28a0a-350x230.jpg\" data-large-file=\"https:\/\/www.paudalho.pe.gov.br\/portal\/wp-content\/uploads\/2019\/02\/5e4b34ba-3098-49fb-bf7d-7c9fe2e28a0a-800x450.jpg\" src=\"https:\/\/i1.wp.com\/www.paudalho.pe.gov.br\/portal\/wp-content\/uploads\/2019\/02\/5e4b34ba-3098-49fb-bf7d-7c9fe2e28a0a.jpg?resize=800%2C450&amp;ssl=1\" alt=\"\" data-id=\"6355\" data-link=\"https:\/\/www.paudalho.pe.gov.br\/portal\/?attachment_id=6355\" class=\"wp-image-6355\" srcset=\"https:\/\/www.paudalho.pe.gov.br\/portal\/wp-content\/uploads\/2019\/02\/5e4b34ba-3098-49fb-bf7d-7c9fe2e28a0a.jpg 1280w, https:\/\/www.paudalho.pe.gov.br\/portal\/wp-content\/uploads\/2019\/02\/5e4b34ba-3098-49fb-bf7d-7c9fe2e28a0a-768x512.jpg 768w\" sizes=\"auto, (max-width: 1280px) 100vw, 1280px\" \/><\/figure><\/li><li class=\"blocks-gallery-item\"><figure><img loading=\"lazy\" decoding=\"async\" width=\"1280\" height=\"853\" data-attachment-id=\"6356\" data-permalink=\"https:\/\/www.paudalho.pe.gov.br\/portal\/centro-de-parto-normal-de-paudalho-ultrapassa-a-marca-de-100-partos-humanizados-realizados\/6d55f271-eb30-4ebc-98bb-963ca0312e72\/\" data-orig-file=\"https:\/\/www.paudalho.pe.gov.br\/portal\/wp-content\/uploads\/2019\/02\/6d55f271-eb30-4ebc-98bb-963ca0312e72.jpg\" data-orig-size=\"1280,853\" data-comments-opened=\"1\" data-image-meta=\"{&quot;aperture&quot;:&quot;0&quot;,&quot;credit&quot;:&quot;&quot;,&quot;camera&quot;:&quot;&quot;,&quot;caption&quot;:&quot;&quot;,&quot;created_timestamp&quot;:&quot;0&quot;,&quot;copyright&quot;:&quot;&quot;,&quot;focal_length&quot;:&quot;0&quot;,&quot;iso&quot;:&quot;0&quot;,&quot;shutter_speed&quot;:&quot;0&quot;,&quot;title&quot;:&quot;&quot;,&quot;orientation&quot;:&quot;0&quot;}\" data-image-title=\"6d55f271-eb30-4ebc-98bb-963ca0312e72\" data-image-description=\"\" data-image-caption=\"\" data-medium-file=\"https:\/\/www.paudalho.pe.gov.br\/portal\/wp-content\/uploads\/2019\/02\/6d55f271-eb30-4ebc-98bb-963ca0312e72-350x230.jpg\" data-large-file=\"https:\/\/www.paudalho.pe.gov.br\/portal\/wp-content\/uploads\/2019\/02\/6d55f271-eb30-4ebc-98bb-963ca0312e72-800x450.jpg\" src=\"https:\/\/i2.wp.com\/www.paudalho.pe.gov.br\/portal\/wp-content\/uploads\/2019\/02\/6d55f271-eb30-4ebc-98bb-963ca0312e72.jpg?resize=800%2C450&amp;ssl=1\" alt=\"\" data-id=\"6356\" data-link=\"https:\/\/www.paudalho.pe.gov.br\/portal\/?attachment_id=6356\" class=\"wp-image-6356\" srcset=\"https:\/\/www.paudalho.pe.gov.br\/portal\/wp-content\/uploads\/2019\/02\/6d55f271-eb30-4ebc-98bb-963ca0312e72.jpg 1280w, https:\/\/www.paudalho.pe.gov.br\/portal\/wp-content\/uploads\/2019\/02\/6d55f271-eb30-4ebc-98bb-963ca0312e72-768x512.jpg 768w\" sizes=\"auto, (max-width: 1280px) 100vw, 1280px\" \/><\/figure><\/li><li class=\"blocks-gallery-item\"><figure><img loading=\"lazy\" decoding=\"async\" width=\"1280\" height=\"973\" data-attachment-id=\"6357\" data-permalink=\"https:\/\/www.paudalho.pe.gov.br\/portal\/centro-de-parto-normal-de-paudalho-ultrapassa-a-marca-de-100-partos-humanizados-realizados\/8d489558-a24d-4836-ab74-5843dc7cf540\/\" data-orig-file=\"https:\/\/www.paudalho.pe.gov.br\/portal\/wp-content\/uploads\/2019\/02\/8d489558-a24d-4836-ab74-5843dc7cf540.jpg\" data-orig-size=\"1280,973\" data-comments-opened=\"1\" data-image-meta=\"{&quot;aperture&quot;:&quot;0&quot;,&quot;credit&quot;:&quot;&quot;,&quot;camera&quot;:&quot;&quot;,&quot;caption&quot;:&quot;&quot;,&quot;created_timestamp&quot;:&quot;0&quot;,&quot;copyright&quot;:&quot;&quot;,&quot;focal_length&quot;:&quot;0&quot;,&quot;iso&quot;:&quot;0&quot;,&quot;shutter_speed&quot;:&quot;0&quot;,&quot;title&quot;:&quot;&quot;,&quot;orientation&quot;:&quot;0&quot;}\" data-image-title=\"8d489558-a24d-4836-ab74-5843dc7cf540\" data-image-description=\"\" data-image-caption=\"\" data-medium-file=\"https:\/\/www.paudalho.pe.gov.br\/portal\/wp-content\/uploads\/2019\/02\/8d489558-a24d-4836-ab74-5843dc7cf540-350x230.jpg\" data-large-file=\"https:\/\/www.paudalho.pe.gov.br\/portal\/wp-content\/uploads\/2019\/02\/8d489558-a24d-4836-ab74-5843dc7cf540-800x450.jpg\" src=\"https:\/\/i0.wp.com\/www.paudalho.pe.gov.br\/portal\/wp-content\/uploads\/2019\/02\/8d489558-a24d-4836-ab74-5843dc7cf540.jpg?resize=800%2C450&amp;ssl=1\" alt=\"\" data-id=\"6357\" data-link=\"https:\/\/www.paudalho.pe.gov.br\/portal\/?attachment_id=6357\" class=\"wp-image-6357\" srcset=\"https:\/\/www.paudalho.pe.gov.br\/portal\/wp-content\/uploads\/2019\/02\/8d489558-a24d-4836-ab74-5843dc7cf540.jpg 1280w, https:\/\/www.paudalho.pe.gov.br\/portal\/wp-content\/uploads\/2019\/02\/8d489558-a24d-4836-ab74-5843dc7cf540-768x584.jpg 768w\" sizes=\"auto, (max-width: 1280px) 100vw, 1280px\" \/><\/figure><\/li><li class=\"blocks-gallery-item\"><figure><img loading=\"lazy\" decoding=\"async\" width=\"1280\" height=\"853\" data-attachment-id=\"6358\" data-permalink=\"https:\/\/www.paudalho.pe.gov.br\/portal\/centro-de-parto-normal-de-paudalho-ultrapassa-a-marca-de-100-partos-humanizados-realizados\/11a2b1ce-0c2b-48a3-b587-8737f9206682\/\" data-orig-file=\"https:\/\/www.paudalho.pe.gov.br\/portal\/wp-content\/uploads\/2019\/02\/11a2b1ce-0c2b-48a3-b587-8737f9206682.jpg\" data-orig-size=\"1280,853\" data-comments-opened=\"1\" data-image-meta=\"{&quot;aperture&quot;:&quot;0&quot;,&quot;credit&quot;:&quot;&quot;,&quot;camera&quot;:&quot;&quot;,&quot;caption&quot;:&quot;&quot;,&quot;created_timestamp&quot;:&quot;0&quot;,&quot;copyright&quot;:&quot;&quot;,&quot;focal_length&quot;:&quot;0&quot;,&quot;iso&quot;:&quot;0&quot;,&quot;shutter_speed&quot;:&quot;0&quot;,&quot;title&quot;:&quot;&quot;,&quot;orientation&quot;:&quot;0&quot;}\" data-image-title=\"11a2b1ce-0c2b-48a3-b587-8737f9206682\" data-image-description=\"\" data-image-caption=\"\" data-medium-file=\"https:\/\/www.paudalho.pe.gov.br\/portal\/wp-content\/uploads\/2019\/02\/11a2b1ce-0c2b-48a3-b587-8737f9206682-350x230.jpg\" data-large-file=\"https:\/\/www.paudalho.pe.gov.br\/portal\/wp-content\/uploads\/2019\/02\/11a2b1ce-0c2b-48a3-b587-8737f9206682-800x450.jpg\" src=\"https:\/\/i2.wp.com\/www.paudalho.pe.gov.br\/portal\/wp-content\/uploads\/2019\/02\/11a2b1ce-0c2b-48a3-b587-8737f9206682.jpg?resize=800%2C450&amp;ssl=1\" alt=\"\" data-id=\"6358\" data-link=\"https:\/\/www.paudalho.pe.gov.br\/portal\/?attachment_id=6358\" class=\"wp-image-6358\" srcset=\"https:\/\/www.paudalho.pe.gov.br\/portal\/wp-content\/uploads\/2019\/02\/11a2b1ce-0c2b-48a3-b587-8737f9206682.jpg 1280w, https:\/\/www.paudalho.pe.gov.br\/portal\/wp-content\/uploads\/2019\/02\/11a2b1ce-0c2b-48a3-b587-8737f9206682-768x512.jpg 768w\" sizes=\"auto, (max-width: 1280px) 100vw, 1280px\" \/><\/figure><\/li><li class=\"blocks-gallery-item\"><figure><img loading=\"lazy\" decoding=\"async\" width=\"1280\" height=\"853\" data-attachment-id=\"6359\" data-permalink=\"https:\/\/www.paudalho.pe.gov.br\/portal\/centro-de-parto-normal-de-paudalho-ultrapassa-a-marca-de-100-partos-humanizados-realizados\/015e390a-37d0-46e8-b92c-28a750e649dc\/\" data-orig-file=\"https:\/\/www.paudalho.pe.gov.br\/portal\/wp-content\/uploads\/2019\/02\/015e390a-37d0-46e8-b92c-28a750e649dc.jpg\" data-orig-size=\"1280,853\" data-comments-opened=\"1\" data-image-meta=\"{&quot;aperture&quot;:&quot;0&quot;,&quot;credit&quot;:&quot;&quot;,&quot;camera&quot;:&quot;&quot;,&quot;caption&quot;:&quot;&quot;,&quot;created_timestamp&quot;:&quot;0&quot;,&quot;copyright&quot;:&quot;&quot;,&quot;focal_length&quot;:&quot;0&quot;,&quot;iso&quot;:&quot;0&quot;,&quot;shutter_speed&quot;:&quot;0&quot;,&quot;title&quot;:&quot;&quot;,&quot;orientation&quot;:&quot;0&quot;}\" data-image-title=\"015e390a-37d0-46e8-b92c-28a750e649dc\" data-image-description=\"\" data-image-caption=\"\" data-medium-file=\"https:\/\/www.paudalho.pe.gov.br\/portal\/wp-content\/uploads\/2019\/02\/015e390a-37d0-46e8-b92c-28a750e649dc-350x230.jpg\" data-large-file=\"https:\/\/www.paudalho.pe.gov.br\/portal\/wp-content\/uploads\/2019\/02\/015e390a-37d0-46e8-b92c-28a750e649dc-800x450.jpg\" src=\"https:\/\/i2.wp.com\/www.paudalho.pe.gov.br\/portal\/wp-content\/uploads\/2019\/02\/015e390a-37d0-46e8-b92c-28a750e649dc.jpg?resize=800%2C450&amp;ssl=1\" alt=\"\" data-id=\"6359\" data-link=\"https:\/\/www.paudalho.pe.gov.br\/portal\/?attachment_id=6359\" class=\"wp-image-6359\" srcset=\"https:\/\/www.paudalho.pe.gov.br\/portal\/wp-content\/uploads\/2019\/02\/015e390a-37d0-46e8-b92c-28a750e649dc.jpg 1280w, https:\/\/www.paudalho.pe.gov.br\/portal\/wp-content\/uploads\/2019\/02\/015e390a-37d0-46e8-b92c-28a750e649dc-768x512.jpg 768w\" sizes=\"auto, (max-width: 1280px) 100vw, 1280px\" \/><\/figure><\/li><li class=\"blocks-gallery-item\"><figure><img loading=\"lazy\" decoding=\"async\" width=\"1280\" height=\"818\" data-attachment-id=\"6360\" data-permalink=\"https:\/\/www.paudalho.pe.gov.br\/portal\/centro-de-parto-normal-de-paudalho-ultrapassa-a-marca-de-100-partos-humanizados-realizados\/19b3efa4-7cda-41ac-a688-ce33e40a466a\/\" data-orig-file=\"https:\/\/www.paudalho.pe.gov.br\/portal\/wp-content\/uploads\/2019\/02\/19b3efa4-7cda-41ac-a688-ce33e40a466a.jpg\" data-orig-size=\"1280,818\" data-comments-opened=\"1\" data-image-meta=\"{&quot;aperture&quot;:&quot;0&quot;,&quot;credit&quot;:&quot;&quot;,&quot;camera&quot;:&quot;&quot;,&quot;caption&quot;:&quot;&quot;,&quot;created_timestamp&quot;:&quot;0&quot;,&quot;copyright&quot;:&quot;&quot;,&quot;focal_length&quot;:&quot;0&quot;,&quot;iso&quot;:&quot;0&quot;,&quot;shutter_speed&quot;:&quot;0&quot;,&quot;title&quot;:&quot;&quot;,&quot;orientation&quot;:&quot;0&quot;}\" data-image-title=\"19b3efa4-7cda-41ac-a688-ce33e40a466a\" data-image-description=\"\" data-image-caption=\"\" data-medium-file=\"https:\/\/www.paudalho.pe.gov.br\/portal\/wp-content\/uploads\/2019\/02\/19b3efa4-7cda-41ac-a688-ce33e40a466a-350x230.jpg\" data-large-file=\"https:\/\/www.paudalho.pe.gov.br\/portal\/wp-content\/uploads\/2019\/02\/19b3efa4-7cda-41ac-a688-ce33e40a466a-800x450.jpg\" src=\"https:\/\/i0.wp.com\/www.paudalho.pe.gov.br\/portal\/wp-content\/uploads\/2019\/02\/19b3efa4-7cda-41ac-a688-ce33e40a466a.jpg?resize=800%2C450&amp;ssl=1\" alt=\"\" data-id=\"6360\" data-link=\"https:\/\/www.paudalho.pe.gov.br\/portal\/?attachment_id=6360\" class=\"wp-image-6360\" srcset=\"https:\/\/www.paudalho.pe.gov.br\/portal\/wp-content\/uploads\/2019\/02\/19b3efa4-7cda-41ac-a688-ce33e40a466a.jpg 1280w, https:\/\/www.paudalho.pe.gov.br\/portal\/wp-content\/uploads\/2019\/02\/19b3efa4-7cda-41ac-a688-ce33e40a466a-768x491.jpg 768w\" sizes=\"auto, (max-width: 1280px) 100vw, 1280px\" \/><\/figure><\/li><li class=\"blocks-gallery-item\"><figure><img loading=\"lazy\" decoding=\"async\" width=\"927\" height=\"1280\" data-attachment-id=\"6361\" data-permalink=\"https:\/\/www.paudalho.pe.gov.br\/portal\/centro-de-parto-normal-de-paudalho-ultrapassa-a-marca-de-100-partos-humanizados-realizados\/41b3389c-4649-4f95-8917-0f583ca07406\/\" data-orig-file=\"https:\/\/www.paudalho.pe.gov.br\/portal\/wp-content\/uploads\/2019\/02\/41b3389c-4649-4f95-8917-0f583ca07406.jpg\" data-orig-size=\"927,1280\" data-comments-opened=\"1\" data-image-meta=\"{&quot;aperture&quot;:&quot;0&quot;,&quot;credit&quot;:&quot;&quot;,&quot;camera&quot;:&quot;&quot;,&quot;caption&quot;:&quot;&quot;,&quot;created_timestamp&quot;:&quot;0&quot;,&quot;copyright&quot;:&quot;&quot;,&quot;focal_length&quot;:&quot;0&quot;,&quot;iso&quot;:&quot;0&quot;,&quot;shutter_speed&quot;:&quot;0&quot;,&quot;title&quot;:&quot;&quot;,&quot;orientation&quot;:&quot;0&quot;}\" data-image-title=\"41b3389c-4649-4f95-8917-0f583ca07406\" data-image-description=\"\" data-image-caption=\"\" data-medium-file=\"https:\/\/www.paudalho.pe.gov.br\/portal\/wp-content\/uploads\/2019\/02\/41b3389c-4649-4f95-8917-0f583ca07406-350x230.jpg\" data-large-file=\"https:\/\/www.paudalho.pe.gov.br\/portal\/wp-content\/uploads\/2019\/02\/41b3389c-4649-4f95-8917-0f583ca07406-800x450.jpg\" src=\"https:\/\/i1.wp.com\/www.paudalho.pe.gov.br\/portal\/wp-content\/uploads\/2019\/02\/41b3389c-4649-4f95-8917-0f583ca07406.jpg?resize=800%2C450&amp;ssl=1\" alt=\"\" data-id=\"6361\" data-link=\"https:\/\/www.paudalho.pe.gov.br\/portal\/?attachment_id=6361\" class=\"wp-image-6361\" srcset=\"https:\/\/www.paudalho.pe.gov.br\/portal\/wp-content\/uploads\/2019\/02\/41b3389c-4649-4f95-8917-0f583ca07406.jpg 927w, https:\/\/www.paudalho.pe.gov.br\/portal\/wp-content\/uploads\/2019\/02\/41b3389c-4649-4f95-8917-0f583ca07406-768x1060.jpg 768w\" sizes=\"auto, (max-width: 927px) 100vw, 927px\" \/><\/figure><\/li><li class=\"blocks-gallery-item\"><figure><img loading=\"lazy\" decoding=\"async\" width=\"1280\" height=\"853\" data-attachment-id=\"6362\" data-permalink=\"https:\/\/www.paudalho.pe.gov.br\/portal\/centro-de-parto-normal-de-paudalho-ultrapassa-a-marca-de-100-partos-humanizados-realizados\/64e73e01-b164-478c-b00a-1ef1bacadc92\/\" data-orig-file=\"https:\/\/www.paudalho.pe.gov.br\/portal\/wp-content\/uploads\/2019\/02\/64e73e01-b164-478c-b00a-1ef1bacadc92.jpg\" data-orig-size=\"1280,853\" data-comments-opened=\"1\" data-image-meta=\"{&quot;aperture&quot;:&quot;0&quot;,&quot;credit&quot;:&quot;&quot;,&quot;camera&quot;:&quot;&quot;,&quot;caption&quot;:&quot;&quot;,&quot;created_timestamp&quot;:&quot;0&quot;,&quot;copyright&quot;:&quot;&quot;,&quot;focal_length&quot;:&quot;0&quot;,&quot;iso&quot;:&quot;0&quot;,&quot;shutter_speed&quot;:&quot;0&quot;,&quot;title&quot;:&quot;&quot;,&quot;orientation&quot;:&quot;0&quot;}\" data-image-title=\"64e73e01-b164-478c-b00a-1ef1bacadc92\" data-image-description=\"\" data-image-caption=\"\" data-medium-file=\"https:\/\/www.paudalho.pe.gov.br\/portal\/wp-content\/uploads\/2019\/02\/64e73e01-b164-478c-b00a-1ef1bacadc92-350x230.jpg\" data-large-file=\"https:\/\/www.paudalho.pe.gov.br\/portal\/wp-content\/uploads\/2019\/02\/64e73e01-b164-478c-b00a-1ef1bacadc92-800x450.jpg\" src=\"https:\/\/i2.wp.com\/www.paudalho.pe.gov.br\/portal\/wp-content\/uploads\/2019\/02\/64e73e01-b164-478c-b00a-1ef1bacadc92.jpg?resize=800%2C450&amp;ssl=1\" alt=\"\" data-id=\"6362\" data-link=\"https:\/\/www.paudalho.pe.gov.br\/portal\/?attachment_id=6362\" class=\"wp-image-6362\" srcset=\"https:\/\/www.paudalho.pe.gov.br\/portal\/wp-content\/uploads\/2019\/02\/64e73e01-b164-478c-b00a-1ef1bacadc92.jpg 1280w, https:\/\/www.paudalho.pe.gov.br\/portal\/wp-content\/uploads\/2019\/02\/64e73e01-b164-478c-b00a-1ef1bacadc92-768x512.jpg 768w\" sizes=\"auto, (max-width: 1280px) 100vw, 1280px\" \/><\/figure><\/li><li class=\"blocks-gallery-item\"><figure><img loading=\"lazy\" decoding=\"async\" width=\"1280\" height=\"853\" data-attachment-id=\"6363\" data-permalink=\"https:\/\/www.paudalho.pe.gov.br\/portal\/centro-de-parto-normal-de-paudalho-ultrapassa-a-marca-de-100-partos-humanizados-realizados\/72ef13e3-36c2-4ee5-a8fb-b8bd0c4d0150\/\" data-orig-file=\"https:\/\/www.paudalho.pe.gov.br\/portal\/wp-content\/uploads\/2019\/02\/72ef13e3-36c2-4ee5-a8fb-b8bd0c4d0150.jpg\" data-orig-size=\"1280,853\" data-comments-opened=\"1\" data-image-meta=\"{&quot;aperture&quot;:&quot;0&quot;,&quot;credit&quot;:&quot;&quot;,&quot;camera&quot;:&quot;&quot;,&quot;caption&quot;:&quot;&quot;,&quot;created_timestamp&quot;:&quot;0&quot;,&quot;copyright&quot;:&quot;&quot;,&quot;focal_length&quot;:&quot;0&quot;,&quot;iso&quot;:&quot;0&quot;,&quot;shutter_speed&quot;:&quot;0&quot;,&quot;title&quot;:&quot;&quot;,&quot;orientation&quot;:&quot;0&quot;}\" data-image-title=\"72ef13e3-36c2-4ee5-a8fb-b8bd0c4d0150\" data-image-description=\"\" data-image-caption=\"\" data-medium-file=\"https:\/\/www.paudalho.pe.gov.br\/portal\/wp-content\/uploads\/2019\/02\/72ef13e3-36c2-4ee5-a8fb-b8bd0c4d0150-350x230.jpg\" data-large-file=\"https:\/\/www.paudalho.pe.gov.br\/portal\/wp-content\/uploads\/2019\/02\/72ef13e3-36c2-4ee5-a8fb-b8bd0c4d0150-800x450.jpg\" src=\"https:\/\/i0.wp.com\/www.paudalho.pe.gov.br\/portal\/wp-content\/uploads\/2019\/02\/72ef13e3-36c2-4ee5-a8fb-b8bd0c4d0150.jpg?resize=800%2C450&amp;ssl=1\" alt=\"\" data-id=\"6363\" data-link=\"https:\/\/www.paudalho.pe.gov.br\/portal\/?attachment_id=6363\" class=\"wp-image-6363\" srcset=\"https:\/\/www.paudalho.pe.gov.br\/portal\/wp-content\/uploads\/2019\/02\/72ef13e3-36c2-4ee5-a8fb-b8bd0c4d0150.jpg 1280w, https:\/\/www.paudalho.pe.gov.br\/portal\/wp-content\/uploads\/2019\/02\/72ef13e3-36c2-4ee5-a8fb-b8bd0c4d0150-768x512.jpg 768w\" sizes=\"auto, (max-width: 1280px) 100vw, 1280px\" \/><\/figure><\/li><li class=\"blocks-gallery-item\"><figure><img loading=\"lazy\" decoding=\"async\" width=\"1280\" height=\"853\" data-attachment-id=\"6364\" data-permalink=\"https:\/\/www.paudalho.pe.gov.br\/portal\/centro-de-parto-normal-de-paudalho-ultrapassa-a-marca-de-100-partos-humanizados-realizados\/94dfaaa9-f2c9-49ff-bd7f-85c9cbffa85c\/\" data-orig-file=\"https:\/\/www.paudalho.pe.gov.br\/portal\/wp-content\/uploads\/2019\/02\/94dfaaa9-f2c9-49ff-bd7f-85c9cbffa85c.jpg\" data-orig-size=\"1280,853\" data-comments-opened=\"1\" data-image-meta=\"{&quot;aperture&quot;:&quot;0&quot;,&quot;credit&quot;:&quot;&quot;,&quot;camera&quot;:&quot;&quot;,&quot;caption&quot;:&quot;&quot;,&quot;created_timestamp&quot;:&quot;0&quot;,&quot;copyright&quot;:&quot;&quot;,&quot;focal_length&quot;:&quot;0&quot;,&quot;iso&quot;:&quot;0&quot;,&quot;shutter_speed&quot;:&quot;0&quot;,&quot;title&quot;:&quot;&quot;,&quot;orientation&quot;:&quot;0&quot;}\" data-image-title=\"94dfaaa9-f2c9-49ff-bd7f-85c9cbffa85c\" data-image-description=\"\" data-image-caption=\"\" data-medium-file=\"https:\/\/www.paudalho.pe.gov.br\/portal\/wp-content\/uploads\/2019\/02\/94dfaaa9-f2c9-49ff-bd7f-85c9cbffa85c-350x230.jpg\" data-large-file=\"https:\/\/www.paudalho.pe.gov.br\/portal\/wp-content\/uploads\/2019\/02\/94dfaaa9-f2c9-49ff-bd7f-85c9cbffa85c-800x450.jpg\" src=\"https:\/\/i1.wp.com\/www.paudalho.pe.gov.br\/portal\/wp-content\/uploads\/2019\/02\/94dfaaa9-f2c9-49ff-bd7f-85c9cbffa85c.jpg?resize=800%2C450&amp;ssl=1\" alt=\"\" data-id=\"6364\" data-link=\"https:\/\/www.paudalho.pe.gov.br\/portal\/?attachment_id=6364\" class=\"wp-image-6364\" srcset=\"https:\/\/www.paudalho.pe.gov.br\/portal\/wp-content\/uploads\/2019\/02\/94dfaaa9-f2c9-49ff-bd7f-85c9cbffa85c.jpg 1280w, https:\/\/www.paudalho.pe.gov.br\/portal\/wp-content\/uploads\/2019\/02\/94dfaaa9-f2c9-49ff-bd7f-85c9cbffa85c-768x512.jpg 768w\" sizes=\"auto, (max-width: 1280px) 100vw, 1280px\" \/><\/figure><\/li><li class=\"blocks-gallery-item\"><figure><img loading=\"lazy\" decoding=\"async\" width=\"1280\" height=\"853\" data-attachment-id=\"6365\" data-permalink=\"https:\/\/www.paudalho.pe.gov.br\/portal\/centro-de-parto-normal-de-paudalho-ultrapassa-a-marca-de-100-partos-humanizados-realizados\/480b84e0-0127-4258-b043-7764d26657b7\/\" data-orig-file=\"https:\/\/www.paudalho.pe.gov.br\/portal\/wp-content\/uploads\/2019\/02\/480b84e0-0127-4258-b043-7764d26657b7.jpg\" data-orig-size=\"1280,853\" data-comments-opened=\"1\" data-image-meta=\"{&quot;aperture&quot;:&quot;0&quot;,&quot;credit&quot;:&quot;&quot;,&quot;camera&quot;:&quot;&quot;,&quot;caption&quot;:&quot;&quot;,&quot;created_timestamp&quot;:&quot;0&quot;,&quot;copyright&quot;:&quot;&quot;,&quot;focal_length&quot;:&quot;0&quot;,&quot;iso&quot;:&quot;0&quot;,&quot;shutter_speed&quot;:&quot;0&quot;,&quot;title&quot;:&quot;&quot;,&quot;orientation&quot;:&quot;0&quot;}\" data-image-title=\"480b84e0-0127-4258-b043-7764d26657b7\" data-image-description=\"\" data-image-caption=\"\" data-medium-file=\"https:\/\/www.paudalho.pe.gov.br\/portal\/wp-content\/uploads\/2019\/02\/480b84e0-0127-4258-b043-7764d26657b7-350x230.jpg\" data-large-file=\"https:\/\/www.paudalho.pe.gov.br\/portal\/wp-content\/uploads\/2019\/02\/480b84e0-0127-4258-b043-7764d26657b7-800x450.jpg\" src=\"https:\/\/i1.wp.com\/www.paudalho.pe.gov.br\/portal\/wp-content\/uploads\/2019\/02\/480b84e0-0127-4258-b043-7764d26657b7.jpg?resize=800%2C450&amp;ssl=1\" alt=\"\" data-id=\"6365\" data-link=\"https:\/\/www.paudalho.pe.gov.br\/portal\/?attachment_id=6365\" class=\"wp-image-6365\" srcset=\"https:\/\/www.paudalho.pe.gov.br\/portal\/wp-content\/uploads\/2019\/02\/480b84e0-0127-4258-b043-7764d26657b7.jpg 1280w, https:\/\/www.paudalho.pe.gov.br\/portal\/wp-content\/uploads\/2019\/02\/480b84e0-0127-4258-b043-7764d26657b7-768x512.jpg 768w\" sizes=\"auto, (max-width: 1280px) 100vw, 1280px\" \/><\/figure><\/li><li class=\"blocks-gallery-item\"><figure><img loading=\"lazy\" decoding=\"async\" width=\"1280\" height=\"853\" data-attachment-id=\"6366\" data-permalink=\"https:\/\/www.paudalho.pe.gov.br\/portal\/centro-de-parto-normal-de-paudalho-ultrapassa-a-marca-de-100-partos-humanizados-realizados\/1770e71c-e58e-40ac-a0a4-0a1c74f23080\/\" data-orig-file=\"https:\/\/www.paudalho.pe.gov.br\/portal\/wp-content\/uploads\/2019\/02\/1770e71c-e58e-40ac-a0a4-0a1c74f23080.jpg\" data-orig-size=\"1280,853\" data-comments-opened=\"1\" data-image-meta=\"{&quot;aperture&quot;:&quot;0&quot;,&quot;credit&quot;:&quot;&quot;,&quot;camera&quot;:&quot;&quot;,&quot;caption&quot;:&quot;&quot;,&quot;created_timestamp&quot;:&quot;0&quot;,&quot;copyright&quot;:&quot;&quot;,&quot;focal_length&quot;:&quot;0&quot;,&quot;iso&quot;:&quot;0&quot;,&quot;shutter_speed&quot;:&quot;0&quot;,&quot;title&quot;:&quot;&quot;,&quot;orientation&quot;:&quot;0&quot;}\" data-image-title=\"1770e71c-e58e-40ac-a0a4-0a1c74f23080\" data-image-description=\"\" data-image-caption=\"\" data-medium-file=\"https:\/\/www.paudalho.pe.gov.br\/portal\/wp-content\/uploads\/2019\/02\/1770e71c-e58e-40ac-a0a4-0a1c74f23080-350x230.jpg\" data-large-file=\"https:\/\/www.paudalho.pe.gov.br\/portal\/wp-content\/uploads\/2019\/02\/1770e71c-e58e-40ac-a0a4-0a1c74f23080-800x450.jpg\" src=\"https:\/\/i1.wp.com\/www.paudalho.pe.gov.br\/portal\/wp-content\/uploads\/2019\/02\/1770e71c-e58e-40ac-a0a4-0a1c74f23080.jpg?resize=800%2C450&amp;ssl=1\" alt=\"\" data-id=\"6366\" data-link=\"https:\/\/www.paudalho.pe.gov.br\/portal\/?attachment_id=6366\" class=\"wp-image-6366\" srcset=\"https:\/\/www.paudalho.pe.gov.br\/portal\/wp-content\/uploads\/2019\/02\/1770e71c-e58e-40ac-a0a4-0a1c74f23080.jpg 1280w, https:\/\/www.paudalho.pe.gov.br\/portal\/wp-content\/uploads\/2019\/02\/1770e71c-e58e-40ac-a0a4-0a1c74f23080-768x512.jpg 768w\" sizes=\"auto, (max-width: 1280px) 100vw, 1280px\" \/><\/figure><\/li><li class=\"blocks-gallery-item\"><figure><img loading=\"lazy\" decoding=\"async\" width=\"1280\" height=\"853\" data-attachment-id=\"6367\" data-permalink=\"https:\/\/www.paudalho.pe.gov.br\/portal\/centro-de-parto-normal-de-paudalho-ultrapassa-a-marca-de-100-partos-humanizados-realizados\/a2ccb95e-9f82-4912-a21a-722ee4b47049\/\" data-orig-file=\"https:\/\/www.paudalho.pe.gov.br\/portal\/wp-content\/uploads\/2019\/02\/a2ccb95e-9f82-4912-a21a-722ee4b47049.jpg\" data-orig-size=\"1280,853\" data-comments-opened=\"1\" data-image-meta=\"{&quot;aperture&quot;:&quot;0&quot;,&quot;credit&quot;:&quot;&quot;,&quot;camera&quot;:&quot;&quot;,&quot;caption&quot;:&quot;&quot;,&quot;created_timestamp&quot;:&quot;0&quot;,&quot;copyright&quot;:&quot;&quot;,&quot;focal_length&quot;:&quot;0&quot;,&quot;iso&quot;:&quot;0&quot;,&quot;shutter_speed&quot;:&quot;0&quot;,&quot;title&quot;:&quot;&quot;,&quot;orientation&quot;:&quot;0&quot;}\" data-image-title=\"a2ccb95e-9f82-4912-a21a-722ee4b47049\" data-image-description=\"\" data-image-caption=\"\" data-medium-file=\"https:\/\/www.paudalho.pe.gov.br\/portal\/wp-content\/uploads\/2019\/02\/a2ccb95e-9f82-4912-a21a-722ee4b47049-350x230.jpg\" data-large-file=\"https:\/\/www.paudalho.pe.gov.br\/portal\/wp-content\/uploads\/2019\/02\/a2ccb95e-9f82-4912-a21a-722ee4b47049-800x450.jpg\" src=\"https:\/\/i1.wp.com\/www.paudalho.pe.gov.br\/portal\/wp-content\/uploads\/2019\/02\/a2ccb95e-9f82-4912-a21a-722ee4b47049.jpg?resize=800%2C450&amp;ssl=1\" alt=\"\" data-id=\"6367\" data-link=\"https:\/\/www.paudalho.pe.gov.br\/portal\/?attachment_id=6367\" class=\"wp-image-6367\" srcset=\"https:\/\/www.paudalho.pe.gov.br\/portal\/wp-content\/uploads\/2019\/02\/a2ccb95e-9f82-4912-a21a-722ee4b47049.jpg 1280w, https:\/\/www.paudalho.pe.gov.br\/portal\/wp-content\/uploads\/2019\/02\/a2ccb95e-9f82-4912-a21a-722ee4b47049-768x512.jpg 768w\" sizes=\"auto, (max-width: 1280px) 100vw, 1280px\" \/><\/figure><\/li><li class=\"blocks-gallery-item\"><figure><img loading=\"lazy\" decoding=\"async\" width=\"853\" height=\"1280\" data-attachment-id=\"6368\" data-permalink=\"https:\/\/www.paudalho.pe.gov.br\/portal\/centro-de-parto-normal-de-paudalho-ultrapassa-a-marca-de-100-partos-humanizados-realizados\/a7efefd2-0568-433c-8707-01e71a323e60\/\" data-orig-file=\"https:\/\/www.paudalho.pe.gov.br\/portal\/wp-content\/uploads\/2019\/02\/a7efefd2-0568-433c-8707-01e71a323e60.jpg\" data-orig-size=\"853,1280\" data-comments-opened=\"1\" data-image-meta=\"{&quot;aperture&quot;:&quot;0&quot;,&quot;credit&quot;:&quot;&quot;,&quot;camera&quot;:&quot;&quot;,&quot;caption&quot;:&quot;&quot;,&quot;created_timestamp&quot;:&quot;0&quot;,&quot;copyright&quot;:&quot;&quot;,&quot;focal_length&quot;:&quot;0&quot;,&quot;iso&quot;:&quot;0&quot;,&quot;shutter_speed&quot;:&quot;0&quot;,&quot;title&quot;:&quot;&quot;,&quot;orientation&quot;:&quot;0&quot;}\" data-image-title=\"a7efefd2-0568-433c-8707-01e71a323e60\" data-image-description=\"\" data-image-caption=\"\" data-medium-file=\"https:\/\/www.paudalho.pe.gov.br\/portal\/wp-content\/uploads\/2019\/02\/a7efefd2-0568-433c-8707-01e71a323e60-350x230.jpg\" data-large-file=\"https:\/\/www.paudalho.pe.gov.br\/portal\/wp-content\/uploads\/2019\/02\/a7efefd2-0568-433c-8707-01e71a323e60-800x450.jpg\" src=\"https:\/\/i0.wp.com\/www.paudalho.pe.gov.br\/portal\/wp-content\/uploads\/2019\/02\/a7efefd2-0568-433c-8707-01e71a323e60.jpg?resize=800%2C450&amp;ssl=1\" alt=\"\" data-id=\"6368\" data-link=\"https:\/\/www.paudalho.pe.gov.br\/portal\/?attachment_id=6368\" class=\"wp-image-6368\" srcset=\"https:\/\/www.paudalho.pe.gov.br\/portal\/wp-content\/uploads\/2019\/02\/a7efefd2-0568-433c-8707-01e71a323e60.jpg 853w, https:\/\/www.paudalho.pe.gov.br\/portal\/wp-content\/uploads\/2019\/02\/a7efefd2-0568-433c-8707-01e71a323e60-768x1152.jpg 768w\" sizes=\"auto, (max-width: 853px) 100vw, 853px\" \/><\/figure><\/li><li class=\"blocks-gallery-item\"><figure><img loading=\"lazy\" decoding=\"async\" width=\"853\" height=\"1280\" data-attachment-id=\"6369\" data-permalink=\"https:\/\/www.paudalho.pe.gov.br\/portal\/centro-de-parto-normal-de-paudalho-ultrapassa-a-marca-de-100-partos-humanizados-realizados\/aedf1fd3-30f1-4d2d-b8bf-0576ff78f00a\/\" data-orig-file=\"https:\/\/www.paudalho.pe.gov.br\/portal\/wp-content\/uploads\/2019\/02\/aedf1fd3-30f1-4d2d-b8bf-0576ff78f00a.jpg\" data-orig-size=\"853,1280\" data-comments-opened=\"1\" data-image-meta=\"{&quot;aperture&quot;:&quot;0&quot;,&quot;credit&quot;:&quot;&quot;,&quot;camera&quot;:&quot;&quot;,&quot;caption&quot;:&quot;&quot;,&quot;created_timestamp&quot;:&quot;0&quot;,&quot;copyright&quot;:&quot;&quot;,&quot;focal_length&quot;:&quot;0&quot;,&quot;iso&quot;:&quot;0&quot;,&quot;shutter_speed&quot;:&quot;0&quot;,&quot;title&quot;:&quot;&quot;,&quot;orientation&quot;:&quot;0&quot;}\" data-image-title=\"aedf1fd3-30f1-4d2d-b8bf-0576ff78f00a\" data-image-description=\"\" data-image-caption=\"\" data-medium-file=\"https:\/\/www.paudalho.pe.gov.br\/portal\/wp-content\/uploads\/2019\/02\/aedf1fd3-30f1-4d2d-b8bf-0576ff78f00a-350x230.jpg\" data-large-file=\"https:\/\/www.paudalho.pe.gov.br\/portal\/wp-content\/uploads\/2019\/02\/aedf1fd3-30f1-4d2d-b8bf-0576ff78f00a-800x450.jpg\" src=\"https:\/\/i2.wp.com\/www.paudalho.pe.gov.br\/portal\/wp-content\/uploads\/2019\/02\/aedf1fd3-30f1-4d2d-b8bf-0576ff78f00a.jpg?resize=800%2C450&amp;ssl=1\" alt=\"\" data-id=\"6369\" data-link=\"https:\/\/www.paudalho.pe.gov.br\/portal\/?attachment_id=6369\" class=\"wp-image-6369\" srcset=\"https:\/\/www.paudalho.pe.gov.br\/portal\/wp-content\/uploads\/2019\/02\/aedf1fd3-30f1-4d2d-b8bf-0576ff78f00a.jpg 853w, https:\/\/www.paudalho.pe.gov.br\/portal\/wp-content\/uploads\/2019\/02\/aedf1fd3-30f1-4d2d-b8bf-0576ff78f00a-768x1152.jpg 768w\" sizes=\"auto, (max-width: 853px) 100vw, 853px\" \/><\/figure><\/li><li class=\"blocks-gallery-item\"><figure><img loading=\"lazy\" decoding=\"async\" width=\"1280\" height=\"853\" data-attachment-id=\"6370\" data-permalink=\"https:\/\/www.paudalho.pe.gov.br\/portal\/centro-de-parto-normal-de-paudalho-ultrapassa-a-marca-de-100-partos-humanizados-realizados\/d9e13edb-2372-43c0-86e1-7a820066231e\/\" data-orig-file=\"https:\/\/www.paudalho.pe.gov.br\/portal\/wp-content\/uploads\/2019\/02\/d9e13edb-2372-43c0-86e1-7a820066231e.jpg\" data-orig-size=\"1280,853\" data-comments-opened=\"1\" data-image-meta=\"{&quot;aperture&quot;:&quot;0&quot;,&quot;credit&quot;:&quot;&quot;,&quot;camera&quot;:&quot;&quot;,&quot;caption&quot;:&quot;&quot;,&quot;created_timestamp&quot;:&quot;0&quot;,&quot;copyright&quot;:&quot;&quot;,&quot;focal_length&quot;:&quot;0&quot;,&quot;iso&quot;:&quot;0&quot;,&quot;shutter_speed&quot;:&quot;0&quot;,&quot;title&quot;:&quot;&quot;,&quot;orientation&quot;:&quot;0&quot;}\" data-image-title=\"d9e13edb-2372-43c0-86e1-7a820066231e\" data-image-description=\"\" data-image-caption=\"\" data-medium-file=\"https:\/\/www.paudalho.pe.gov.br\/portal\/wp-content\/uploads\/2019\/02\/d9e13edb-2372-43c0-86e1-7a820066231e-350x230.jpg\" data-large-file=\"https:\/\/www.paudalho.pe.gov.br\/portal\/wp-content\/uploads\/2019\/02\/d9e13edb-2372-43c0-86e1-7a820066231e-800x450.jpg\" src=\"https:\/\/i2.wp.com\/www.paudalho.pe.gov.br\/portal\/wp-content\/uploads\/2019\/02\/d9e13edb-2372-43c0-86e1-7a820066231e.jpg?resize=800%2C450&amp;ssl=1\" alt=\"\" data-id=\"6370\" data-link=\"https:\/\/www.paudalho.pe.gov.br\/portal\/?attachment_id=6370\" class=\"wp-image-6370\" srcset=\"https:\/\/www.paudalho.pe.gov.br\/portal\/wp-content\/uploads\/2019\/02\/d9e13edb-2372-43c0-86e1-7a820066231e.jpg 1280w, https:\/\/www.paudalho.pe.gov.br\/portal\/wp-content\/uploads\/2019\/02\/d9e13edb-2372-43c0-86e1-7a820066231e-768x512.jpg 768w\" sizes=\"auto, (max-width: 1280px) 100vw, 1280px\" \/><\/figure><\/li><\/ul>\n\n\n\n<h2 class=\"wp-block-heading\">Refer\u00eancia para a Mata Norte <\/h2>\n\n\n\n<p>Quem pensa que unidade s\u00f3 atende a popula\u00e7\u00e3o paudalhense se engana. O Centro do Parto j\u00e1 se tornou refer\u00eancia para toda regi\u00e3o da Mata Norte. Exemplo disso \u00e9 a hist\u00f3ria da moradora da cidade de Jo\u00e3o Alfredo, Simony Lins. No dia 12 de janeiro de 2019, a enfermeira estava gr\u00e1vida e entrou em trabalho de parto. Ela e o companheiro, Will Batista, iriam para uma unidade de sa\u00fade particular quando o parto avan\u00e7ou e foi necess\u00e1rio escolher uma unidade mais pr\u00f3xima.<\/p>\n\n\n\n<p>O casal optou por Paudalho pela humaniza\u00e7\u00e3o do servi\u00e7o ofertado e foi recebido em nosso Centro de Parto Normal Gabrielly Ramos. O parto foi realizado pelas enfermeiras obstetras, Raine Souza e La\u00eds Veras. Ap\u00f3s seis horas, o t\u00e3o esperado Kalel nasceu. <em>\u201cExcelentes profissionais. Tudo foi maravilhoso. Eu escolhi o Centro por causa da humaniza\u00e7\u00e3o e foi perfeito\u201d<\/em>, disse a m\u00e3e. <\/p>\n\n\n\n<figure class=\"wp-block-image\"><img loading=\"lazy\" decoding=\"async\" width=\"1280\" height=\"906\" data-attachment-id=\"6371\" data-permalink=\"https:\/\/www.paudalho.pe.gov.br\/portal\/centro-de-parto-normal-de-paudalho-ultrapassa-a-marca-de-100-partos-humanizados-realizados\/ef3741b2-8522-4636-868b-4e17fdc07d23\/\" data-orig-file=\"https:\/\/www.paudalho.pe.gov.br\/portal\/wp-content\/uploads\/2019\/02\/ef3741b2-8522-4636-868b-4e17fdc07d23.jpg\" data-orig-size=\"1280,906\" data-comments-opened=\"1\" data-image-meta=\"{&quot;aperture&quot;:&quot;0&quot;,&quot;credit&quot;:&quot;&quot;,&quot;camera&quot;:&quot;&quot;,&quot;caption&quot;:&quot;&quot;,&quot;created_timestamp&quot;:&quot;0&quot;,&quot;copyright&quot;:&quot;&quot;,&quot;focal_length&quot;:&quot;0&quot;,&quot;iso&quot;:&quot;0&quot;,&quot;shutter_speed&quot;:&quot;0&quot;,&quot;title&quot;:&quot;&quot;,&quot;orientation&quot;:&quot;0&quot;}\" data-image-title=\"ef3741b2-8522-4636-868b-4e17fdc07d23\" data-image-description=\"\" data-image-caption=\"\" data-medium-file=\"https:\/\/www.paudalho.pe.gov.br\/portal\/wp-content\/uploads\/2019\/02\/ef3741b2-8522-4636-868b-4e17fdc07d23-350x230.jpg\" data-large-file=\"https:\/\/www.paudalho.pe.gov.br\/portal\/wp-content\/uploads\/2019\/02\/ef3741b2-8522-4636-868b-4e17fdc07d23-800x450.jpg\" src=\"https:\/\/i1.wp.com\/www.paudalho.pe.gov.br\/portal\/wp-content\/uploads\/2019\/02\/ef3741b2-8522-4636-868b-4e17fdc07d23.jpg?resize=800%2C450&amp;ssl=1\" alt=\"\" class=\"wp-image-6371\" srcset=\"https:\/\/www.paudalho.pe.gov.br\/portal\/wp-content\/uploads\/2019\/02\/ef3741b2-8522-4636-868b-4e17fdc07d23.jpg 1280w, https:\/\/www.paudalho.pe.gov.br\/portal\/wp-content\/uploads\/2019\/02\/ef3741b2-8522-4636-868b-4e17fdc07d23-768x544.jpg 768w\" sizes=\"auto, (max-width: 1280px) 100vw, 1280px\" \/><figcaption>Na foto, o casal Will Batista e Simony Lins seguram o pequeno Kalel. <br>Foto: Thuannys Cabral. <\/figcaption><\/figure>\n\n\n\n<p><strong>O momento foi registrado tamb\u00e9m pela fam\u00edlia. Confira no v\u00eddeo: <\/strong><\/p>\n\n\n\n<figure class=\"wp-block-embed-facebook wp-block-embed is-type-video is-provider-facebook\"><div class=\"wp-block-embed__wrapper\">\n<div class=\"fb-video\" data-allowfullscreen=\"true\" data-href=\"https:\/\/www.facebook.com\/PrefeituraPaudalho\/videos\/365079874331487\/\" style=\"background-color: #fff; display: inline-block;\"><\/div>\n<\/div><\/figure>\n\n\n\n<h2 class=\"wp-block-heading\">Estrutura <\/h2>\n\n\n\n<p>Cada quarto tem referencia \u201cPPP\u201d, ou seja: pr\u00e9-parto, parto e puerp\u00e9rio e ainda conta com equipamentos de \u00faltima gera\u00e7\u00e3o, wifi e Smarts TVs com servi\u00e7os de streaming. A unidade ainda possui uma banheira especializada para o processo. O objetivo \u00e9 respeitar a vontade da m\u00e3e, por isso no momento a gestante pode escolher usufruir de musicoterapia, massagens, liberdade de posi\u00e7\u00e3o, clampeamento tardio de cord\u00e3o umbilical, contato pele e pele imediato, amamenta\u00e7\u00e3o na primeira hora de vida, entre outros procedimentos.<\/p>\n\n\n\n<figure class=\"wp-block-image\"><img loading=\"lazy\" decoding=\"async\" width=\"1270\" height=\"958\" data-attachment-id=\"6380\" data-permalink=\"https:\/\/www.paudalho.pe.gov.br\/portal\/centro-de-parto-normal-de-paudalho-ultrapassa-a-marca-de-100-partos-humanizados-realizados\/dd4c991a-8551-4cd7-ab1f-c833468f5c63\/\" data-orig-file=\"https:\/\/www.paudalho.pe.gov.br\/portal\/wp-content\/uploads\/2019\/02\/dd4c991a-8551-4cd7-ab1f-c833468f5c63.jpg\" data-orig-size=\"1270,958\" data-comments-opened=\"1\" data-image-meta=\"{&quot;aperture&quot;:&quot;0&quot;,&quot;credit&quot;:&quot;&quot;,&quot;camera&quot;:&quot;&quot;,&quot;caption&quot;:&quot;&quot;,&quot;created_timestamp&quot;:&quot;0&quot;,&quot;copyright&quot;:&quot;&quot;,&quot;focal_length&quot;:&quot;0&quot;,&quot;iso&quot;:&quot;0&quot;,&quot;shutter_speed&quot;:&quot;0&quot;,&quot;title&quot;:&quot;&quot;,&quot;orientation&quot;:&quot;0&quot;}\" data-image-title=\"dd4c991a-8551-4cd7-ab1f-c833468f5c63\" data-image-description=\"\" data-image-caption=\"\" data-medium-file=\"https:\/\/www.paudalho.pe.gov.br\/portal\/wp-content\/uploads\/2019\/02\/dd4c991a-8551-4cd7-ab1f-c833468f5c63-350x230.jpg\" data-large-file=\"https:\/\/www.paudalho.pe.gov.br\/portal\/wp-content\/uploads\/2019\/02\/dd4c991a-8551-4cd7-ab1f-c833468f5c63-800x450.jpg\" src=\"https:\/\/i2.wp.com\/www.paudalho.pe.gov.br\/portal\/wp-content\/uploads\/2019\/02\/dd4c991a-8551-4cd7-ab1f-c833468f5c63.jpg?resize=800%2C450&amp;ssl=1\" alt=\"\" class=\"wp-image-6380\" srcset=\"https:\/\/www.paudalho.pe.gov.br\/portal\/wp-content\/uploads\/2019\/02\/dd4c991a-8551-4cd7-ab1f-c833468f5c63.jpg 1270w, https:\/\/www.paudalho.pe.gov.br\/portal\/wp-content\/uploads\/2019\/02\/dd4c991a-8551-4cd7-ab1f-c833468f5c63-768x579.jpg 768w\" sizes=\"auto, (max-width: 1270px) 100vw, 1270px\" \/><figcaption>Equipe do Centro de Parto Normal Gabrielly Ramos. <br>Foto: Thuannys Cabral. <\/figcaption><\/figure>\n\n\n\n<ul class=\"wp-block-gallery columns-3 is-cropped wp-block-gallery-3 is-layout-flex wp-block-gallery-is-layout-flex\"><li class=\"blocks-gallery-item\"><figure><img loading=\"lazy\" decoding=\"async\" width=\"800\" height=\"450\" data-attachment-id=\"3650\" data-permalink=\"https:\/\/www.paudalho.pe.gov.br\/portal\/com-estrutura-impressionante-centro-de-parto-normal-do-paudalho-gabrielly-ramos-e-inaugurado\/davi9845\/\" data-orig-file=\"https:\/\/www.paudalho.pe.gov.br\/portal\/wp-content\/uploads\/2018\/08\/DAVI9845.jpg\" data-orig-size=\"5760,3840\" data-comments-opened=\"1\" data-image-meta=\"{&quot;aperture&quot;:&quot;4.5&quot;,&quot;credit&quot;:&quot;&quot;,&quot;camera&quot;:&quot;Canon EOS 5D Mark III&quot;,&quot;caption&quot;:&quot;&quot;,&quot;created_timestamp&quot;:&quot;1534019296&quot;,&quot;copyright&quot;:&quot;&quot;,&quot;focal_length&quot;:&quot;24&quot;,&quot;iso&quot;:&quot;1600&quot;,&quot;shutter_speed&quot;:&quot;0.05&quot;,&quot;title&quot;:&quot;&quot;,&quot;orientation&quot;:&quot;0&quot;}\" data-image-title=\"DAVI9845\" data-image-description=\"\" data-image-caption=\"\" data-medium-file=\"https:\/\/www.paudalho.pe.gov.br\/portal\/wp-content\/uploads\/2018\/08\/DAVI9845-350x230.jpg\" data-large-file=\"https:\/\/www.paudalho.pe.gov.br\/portal\/wp-content\/uploads\/2018\/08\/DAVI9845-800x450.jpg\" src=\"https:\/\/www.paudalho.pe.gov.br\/portal\/wp-content\/uploads\/2018\/08\/DAVI9845-800x450.jpg\" alt=\"\" data-id=\"3650\" data-link=\"https:\/\/www.paudalho.pe.gov.br\/portal\/com-estrutura-impressionante-centro-de-parto-normal-do-paudalho-gabrielly-ramos-e-inaugurado\/davi9845\/\" class=\"wp-image-3650\"\/><\/figure><\/li><li class=\"blocks-gallery-item\"><figure><img loading=\"lazy\" decoding=\"async\" width=\"800\" height=\"450\" data-attachment-id=\"3652\" data-permalink=\"https:\/\/www.paudalho.pe.gov.br\/portal\/com-estrutura-impressionante-centro-de-parto-normal-do-paudalho-gabrielly-ramos-e-inaugurado\/9db787d9-b058-4b75-aca2-13c7222be78b\/\" data-orig-file=\"https:\/\/www.paudalho.pe.gov.br\/portal\/wp-content\/uploads\/2018\/08\/9db787d9-b058-4b75-aca2-13c7222be78b.jpg\" data-orig-size=\"1280,853\" data-comments-opened=\"1\" data-image-meta=\"{&quot;aperture&quot;:&quot;0&quot;,&quot;credit&quot;:&quot;&quot;,&quot;camera&quot;:&quot;&quot;,&quot;caption&quot;:&quot;&quot;,&quot;created_timestamp&quot;:&quot;0&quot;,&quot;copyright&quot;:&quot;&quot;,&quot;focal_length&quot;:&quot;0&quot;,&quot;iso&quot;:&quot;0&quot;,&quot;shutter_speed&quot;:&quot;0&quot;,&quot;title&quot;:&quot;&quot;,&quot;orientation&quot;:&quot;0&quot;}\" data-image-title=\"9db787d9-b058-4b75-aca2-13c7222be78b\" data-image-description=\"\" data-image-caption=\"\" data-medium-file=\"https:\/\/www.paudalho.pe.gov.br\/portal\/wp-content\/uploads\/2018\/08\/9db787d9-b058-4b75-aca2-13c7222be78b-350x230.jpg\" data-large-file=\"https:\/\/www.paudalho.pe.gov.br\/portal\/wp-content\/uploads\/2018\/08\/9db787d9-b058-4b75-aca2-13c7222be78b-800x450.jpg\" src=\"https:\/\/www.paudalho.pe.gov.br\/portal\/wp-content\/uploads\/2018\/08\/9db787d9-b058-4b75-aca2-13c7222be78b-800x450.jpg\" alt=\"\" data-id=\"3652\" data-link=\"https:\/\/www.paudalho.pe.gov.br\/portal\/com-estrutura-impressionante-centro-de-parto-normal-do-paudalho-gabrielly-ramos-e-inaugurado\/9db787d9-b058-4b75-aca2-13c7222be78b\/\" class=\"wp-image-3652\"\/><\/figure><\/li><li class=\"blocks-gallery-item\"><figure><img loading=\"lazy\" decoding=\"async\" width=\"800\" height=\"450\" data-attachment-id=\"3653\" data-permalink=\"https:\/\/www.paudalho.pe.gov.br\/portal\/com-estrutura-impressionante-centro-de-parto-normal-do-paudalho-gabrielly-ramos-e-inaugurado\/5697128b-2cbc-402f-af4c-0398ca844720\/\" data-orig-file=\"https:\/\/www.paudalho.pe.gov.br\/portal\/wp-content\/uploads\/2018\/08\/5697128b-2cbc-402f-af4c-0398ca844720.jpg\" data-orig-size=\"1280,853\" data-comments-opened=\"1\" data-image-meta=\"{&quot;aperture&quot;:&quot;0&quot;,&quot;credit&quot;:&quot;&quot;,&quot;camera&quot;:&quot;&quot;,&quot;caption&quot;:&quot;&quot;,&quot;created_timestamp&quot;:&quot;0&quot;,&quot;copyright&quot;:&quot;&quot;,&quot;focal_length&quot;:&quot;0&quot;,&quot;iso&quot;:&quot;0&quot;,&quot;shutter_speed&quot;:&quot;0&quot;,&quot;title&quot;:&quot;&quot;,&quot;orientation&quot;:&quot;0&quot;}\" data-image-title=\"5697128b-2cbc-402f-af4c-0398ca844720\" data-image-description=\"\" data-image-caption=\"\" data-medium-file=\"https:\/\/www.paudalho.pe.gov.br\/portal\/wp-content\/uploads\/2018\/08\/5697128b-2cbc-402f-af4c-0398ca844720-350x230.jpg\" data-large-file=\"https:\/\/www.paudalho.pe.gov.br\/portal\/wp-content\/uploads\/2018\/08\/5697128b-2cbc-402f-af4c-0398ca844720-800x450.jpg\" src=\"https:\/\/www.paudalho.pe.gov.br\/portal\/wp-content\/uploads\/2018\/08\/5697128b-2cbc-402f-af4c-0398ca844720-800x450.jpg\" alt=\"\" data-id=\"3653\" data-link=\"https:\/\/www.paudalho.pe.gov.br\/portal\/com-estrutura-impressionante-centro-de-parto-normal-do-paudalho-gabrielly-ramos-e-inaugurado\/5697128b-2cbc-402f-af4c-0398ca844720\/\" class=\"wp-image-3653\"\/><\/figure><\/li><li class=\"blocks-gallery-item\"><figure><img loading=\"lazy\" decoding=\"async\" width=\"800\" height=\"450\" data-attachment-id=\"3655\" data-permalink=\"https:\/\/www.paudalho.pe.gov.br\/portal\/com-estrutura-impressionante-centro-de-parto-normal-do-paudalho-gabrielly-ramos-e-inaugurado\/davi9785\/\" data-orig-file=\"https:\/\/www.paudalho.pe.gov.br\/portal\/wp-content\/uploads\/2018\/08\/DAVI9785.jpg\" data-orig-size=\"5605,3737\" data-comments-opened=\"1\" data-image-meta=\"{&quot;aperture&quot;:&quot;3.5&quot;,&quot;credit&quot;:&quot;&quot;,&quot;camera&quot;:&quot;Canon EOS 5D Mark III&quot;,&quot;caption&quot;:&quot;&quot;,&quot;created_timestamp&quot;:&quot;1534013968&quot;,&quot;copyright&quot;:&quot;&quot;,&quot;focal_length&quot;:&quot;24&quot;,&quot;iso&quot;:&quot;500&quot;,&quot;shutter_speed&quot;:&quot;0.033333333333333&quot;,&quot;title&quot;:&quot;&quot;,&quot;orientation&quot;:&quot;0&quot;}\" data-image-title=\"DAVI9785\" data-image-description=\"\" data-image-caption=\"\" data-medium-file=\"https:\/\/www.paudalho.pe.gov.br\/portal\/wp-content\/uploads\/2018\/08\/DAVI9785-350x230.jpg\" data-large-file=\"https:\/\/www.paudalho.pe.gov.br\/portal\/wp-content\/uploads\/2018\/08\/DAVI9785-800x450.jpg\" src=\"https:\/\/www.paudalho.pe.gov.br\/portal\/wp-content\/uploads\/2018\/08\/DAVI9785-800x450.jpg\" alt=\"\" data-id=\"3655\" data-link=\"https:\/\/www.paudalho.pe.gov.br\/portal\/com-estrutura-impressionante-centro-de-parto-normal-do-paudalho-gabrielly-ramos-e-inaugurado\/davi9785\/\" class=\"wp-image-3655\"\/><\/figure><\/li><li class=\"blocks-gallery-item\"><figure><img loading=\"lazy\" decoding=\"async\" width=\"800\" height=\"450\" data-attachment-id=\"3657\" data-permalink=\"https:\/\/www.paudalho.pe.gov.br\/portal\/com-estrutura-impressionante-centro-de-parto-normal-do-paudalho-gabrielly-ramos-e-inaugurado\/davi9786\/\" data-orig-file=\"https:\/\/www.paudalho.pe.gov.br\/portal\/wp-content\/uploads\/2018\/08\/DAVI9786.jpg\" data-orig-size=\"5760,3840\" data-comments-opened=\"1\" data-image-meta=\"{&quot;aperture&quot;:&quot;3.5&quot;,&quot;credit&quot;:&quot;&quot;,&quot;camera&quot;:&quot;Canon EOS 5D Mark III&quot;,&quot;caption&quot;:&quot;&quot;,&quot;created_timestamp&quot;:&quot;1534013982&quot;,&quot;copyright&quot;:&quot;&quot;,&quot;focal_length&quot;:&quot;32&quot;,&quot;iso&quot;:&quot;500&quot;,&quot;shutter_speed&quot;:&quot;0.033333333333333&quot;,&quot;title&quot;:&quot;&quot;,&quot;orientation&quot;:&quot;0&quot;}\" data-image-title=\"DAVI9786\" data-image-description=\"\" data-image-caption=\"\" data-medium-file=\"https:\/\/www.paudalho.pe.gov.br\/portal\/wp-content\/uploads\/2018\/08\/DAVI9786-350x230.jpg\" data-large-file=\"https:\/\/www.paudalho.pe.gov.br\/portal\/wp-content\/uploads\/2018\/08\/DAVI9786-800x450.jpg\" src=\"https:\/\/www.paudalho.pe.gov.br\/portal\/wp-content\/uploads\/2018\/08\/DAVI9786-800x450.jpg\" alt=\"\" data-id=\"3657\" data-link=\"https:\/\/www.paudalho.pe.gov.br\/portal\/com-estrutura-impressionante-centro-de-parto-normal-do-paudalho-gabrielly-ramos-e-inaugurado\/davi9786\/\" class=\"wp-image-3657\"\/><\/figure><\/li><li class=\"blocks-gallery-item\"><figure><img loading=\"lazy\" decoding=\"async\" width=\"800\" height=\"450\" data-attachment-id=\"3658\" data-permalink=\"https:\/\/www.paudalho.pe.gov.br\/portal\/com-estrutura-impressionante-centro-de-parto-normal-do-paudalho-gabrielly-ramos-e-inaugurado\/davi9787\/\" data-orig-file=\"https:\/\/www.paudalho.pe.gov.br\/portal\/wp-content\/uploads\/2018\/08\/DAVI9787.jpg\" data-orig-size=\"5760,3840\" data-comments-opened=\"1\" data-image-meta=\"{&quot;aperture&quot;:&quot;3.5&quot;,&quot;credit&quot;:&quot;&quot;,&quot;camera&quot;:&quot;Canon EOS 5D Mark III&quot;,&quot;caption&quot;:&quot;&quot;,&quot;created_timestamp&quot;:&quot;1534014005&quot;,&quot;copyright&quot;:&quot;&quot;,&quot;focal_length&quot;:&quot;24&quot;,&quot;iso&quot;:&quot;500&quot;,&quot;shutter_speed&quot;:&quot;0.033333333333333&quot;,&quot;title&quot;:&quot;&quot;,&quot;orientation&quot;:&quot;0&quot;}\" data-image-title=\"DAVI9787\" data-image-description=\"\" data-image-caption=\"\" data-medium-file=\"https:\/\/www.paudalho.pe.gov.br\/portal\/wp-content\/uploads\/2018\/08\/DAVI9787-350x230.jpg\" data-large-file=\"https:\/\/www.paudalho.pe.gov.br\/portal\/wp-content\/uploads\/2018\/08\/DAVI9787-800x450.jpg\" src=\"https:\/\/www.paudalho.pe.gov.br\/portal\/wp-content\/uploads\/2018\/08\/DAVI9787-800x450.jpg\" alt=\"\" data-id=\"3658\" data-link=\"https:\/\/www.paudalho.pe.gov.br\/portal\/com-estrutura-impressionante-centro-de-parto-normal-do-paudalho-gabrielly-ramos-e-inaugurado\/davi9787\/\" class=\"wp-image-3658\"\/><\/figure><\/li><li class=\"blocks-gallery-item\"><figure><img loading=\"lazy\" decoding=\"async\" width=\"800\" height=\"450\" data-attachment-id=\"3659\" data-permalink=\"https:\/\/www.paudalho.pe.gov.br\/portal\/com-estrutura-impressionante-centro-de-parto-normal-do-paudalho-gabrielly-ramos-e-inaugurado\/davi9790\/\" data-orig-file=\"https:\/\/www.paudalho.pe.gov.br\/portal\/wp-content\/uploads\/2018\/08\/DAVI9790.jpg\" data-orig-size=\"5760,3840\" data-comments-opened=\"1\" data-image-meta=\"{&quot;aperture&quot;:&quot;3.5&quot;,&quot;credit&quot;:&quot;&quot;,&quot;camera&quot;:&quot;Canon EOS 5D Mark III&quot;,&quot;caption&quot;:&quot;&quot;,&quot;created_timestamp&quot;:&quot;1534014054&quot;,&quot;copyright&quot;:&quot;&quot;,&quot;focal_length&quot;:&quot;24&quot;,&quot;iso&quot;:&quot;500&quot;,&quot;shutter_speed&quot;:&quot;0.02&quot;,&quot;title&quot;:&quot;&quot;,&quot;orientation&quot;:&quot;0&quot;}\" data-image-title=\"DAVI9790\" data-image-description=\"\" data-image-caption=\"\" data-medium-file=\"https:\/\/www.paudalho.pe.gov.br\/portal\/wp-content\/uploads\/2018\/08\/DAVI9790-350x230.jpg\" data-large-file=\"https:\/\/www.paudalho.pe.gov.br\/portal\/wp-content\/uploads\/2018\/08\/DAVI9790-800x450.jpg\" src=\"https:\/\/www.paudalho.pe.gov.br\/portal\/wp-content\/uploads\/2018\/08\/DAVI9790-800x450.jpg\" alt=\"\" data-id=\"3659\" data-link=\"https:\/\/www.paudalho.pe.gov.br\/portal\/com-estrutura-impressionante-centro-de-parto-normal-do-paudalho-gabrielly-ramos-e-inaugurado\/davi9790\/\" class=\"wp-image-3659\"\/><\/figure><\/li><li class=\"blocks-gallery-item\"><figure><img loading=\"lazy\" decoding=\"async\" width=\"800\" height=\"450\" data-attachment-id=\"3660\" data-permalink=\"https:\/\/www.paudalho.pe.gov.br\/portal\/com-estrutura-impressionante-centro-de-parto-normal-do-paudalho-gabrielly-ramos-e-inaugurado\/davi9792\/\" data-orig-file=\"https:\/\/www.paudalho.pe.gov.br\/portal\/wp-content\/uploads\/2018\/08\/DAVI9792.jpg\" data-orig-size=\"5760,3840\" data-comments-opened=\"1\" data-image-meta=\"{&quot;aperture&quot;:&quot;3.5&quot;,&quot;credit&quot;:&quot;&quot;,&quot;camera&quot;:&quot;Canon EOS 5D Mark III&quot;,&quot;caption&quot;:&quot;&quot;,&quot;created_timestamp&quot;:&quot;1534014072&quot;,&quot;copyright&quot;:&quot;&quot;,&quot;focal_length&quot;:&quot;24&quot;,&quot;iso&quot;:&quot;500&quot;,&quot;shutter_speed&quot;:&quot;0.033333333333333&quot;,&quot;title&quot;:&quot;&quot;,&quot;orientation&quot;:&quot;0&quot;}\" data-image-title=\"DAVI9792\" data-image-description=\"\" data-image-caption=\"\" data-medium-file=\"https:\/\/www.paudalho.pe.gov.br\/portal\/wp-content\/uploads\/2018\/08\/DAVI9792-350x230.jpg\" data-large-file=\"https:\/\/www.paudalho.pe.gov.br\/portal\/wp-content\/uploads\/2018\/08\/DAVI9792-800x450.jpg\" src=\"https:\/\/www.paudalho.pe.gov.br\/portal\/wp-content\/uploads\/2018\/08\/DAVI9792-800x450.jpg\" alt=\"\" data-id=\"3660\" data-link=\"https:\/\/www.paudalho.pe.gov.br\/portal\/com-estrutura-impressionante-centro-de-parto-normal-do-paudalho-gabrielly-ramos-e-inaugurado\/davi9792\/\" class=\"wp-image-3660\"\/><\/figure><\/li><li class=\"blocks-gallery-item\"><figure><img loading=\"lazy\" decoding=\"async\" width=\"800\" height=\"450\" data-attachment-id=\"3661\" data-permalink=\"https:\/\/www.paudalho.pe.gov.br\/portal\/com-estrutura-impressionante-centro-de-parto-normal-do-paudalho-gabrielly-ramos-e-inaugurado\/davi9796\/\" data-orig-file=\"https:\/\/www.paudalho.pe.gov.br\/portal\/wp-content\/uploads\/2018\/08\/DAVI9796.jpg\" data-orig-size=\"5760,3840\" data-comments-opened=\"1\" data-image-meta=\"{&quot;aperture&quot;:&quot;4.5&quot;,&quot;credit&quot;:&quot;&quot;,&quot;camera&quot;:&quot;Canon EOS 5D Mark III&quot;,&quot;caption&quot;:&quot;&quot;,&quot;created_timestamp&quot;:&quot;1534014178&quot;,&quot;copyright&quot;:&quot;&quot;,&quot;focal_length&quot;:&quot;24&quot;,&quot;iso&quot;:&quot;500&quot;,&quot;shutter_speed&quot;:&quot;0.05&quot;,&quot;title&quot;:&quot;&quot;,&quot;orientation&quot;:&quot;0&quot;}\" data-image-title=\"DAVI9796\" data-image-description=\"\" data-image-caption=\"\" data-medium-file=\"https:\/\/www.paudalho.pe.gov.br\/portal\/wp-content\/uploads\/2018\/08\/DAVI9796-350x230.jpg\" data-large-file=\"https:\/\/www.paudalho.pe.gov.br\/portal\/wp-content\/uploads\/2018\/08\/DAVI9796-800x450.jpg\" src=\"https:\/\/www.paudalho.pe.gov.br\/portal\/wp-content\/uploads\/2018\/08\/DAVI9796-800x450.jpg\" alt=\"\" data-id=\"3661\" data-link=\"https:\/\/www.paudalho.pe.gov.br\/portal\/com-estrutura-impressionante-centro-de-parto-normal-do-paudalho-gabrielly-ramos-e-inaugurado\/davi9796\/\" class=\"wp-image-3661\"\/><\/figure><\/li><li class=\"blocks-gallery-item\"><figure><img loading=\"lazy\" decoding=\"async\" width=\"800\" height=\"450\" data-attachment-id=\"3663\" data-permalink=\"https:\/\/www.paudalho.pe.gov.br\/portal\/com-estrutura-impressionante-centro-de-parto-normal-do-paudalho-gabrielly-ramos-e-inaugurado\/davi9800\/\" data-orig-file=\"https:\/\/www.paudalho.pe.gov.br\/portal\/wp-content\/uploads\/2018\/08\/DAVI9800.jpg\" data-orig-size=\"5760,3840\" data-comments-opened=\"1\" data-image-meta=\"{&quot;aperture&quot;:&quot;4.5&quot;,&quot;credit&quot;:&quot;&quot;,&quot;camera&quot;:&quot;Canon EOS 5D Mark III&quot;,&quot;caption&quot;:&quot;&quot;,&quot;created_timestamp&quot;:&quot;1534014214&quot;,&quot;copyright&quot;:&quot;&quot;,&quot;focal_length&quot;:&quot;24&quot;,&quot;iso&quot;:&quot;500&quot;,&quot;shutter_speed&quot;:&quot;0.033333333333333&quot;,&quot;title&quot;:&quot;&quot;,&quot;orientation&quot;:&quot;0&quot;}\" data-image-title=\"DAVI9800\" data-image-description=\"\" data-image-caption=\"\" data-medium-file=\"https:\/\/www.paudalho.pe.gov.br\/portal\/wp-content\/uploads\/2018\/08\/DAVI9800-350x230.jpg\" data-large-file=\"https:\/\/www.paudalho.pe.gov.br\/portal\/wp-content\/uploads\/2018\/08\/DAVI9800-800x450.jpg\" src=\"https:\/\/www.paudalho.pe.gov.br\/portal\/wp-content\/uploads\/2018\/08\/DAVI9800-800x450.jpg\" alt=\"\" data-id=\"3663\" data-link=\"https:\/\/www.paudalho.pe.gov.br\/portal\/com-estrutura-impressionante-centro-de-parto-normal-do-paudalho-gabrielly-ramos-e-inaugurado\/davi9800\/\" class=\"wp-image-3663\"\/><\/figure><\/li><li class=\"blocks-gallery-item\"><figure><img loading=\"lazy\" decoding=\"async\" width=\"800\" height=\"450\" data-attachment-id=\"3664\" data-permalink=\"https:\/\/www.paudalho.pe.gov.br\/portal\/com-estrutura-impressionante-centro-de-parto-normal-do-paudalho-gabrielly-ramos-e-inaugurado\/davi9805\/\" data-orig-file=\"https:\/\/www.paudalho.pe.gov.br\/portal\/wp-content\/uploads\/2018\/08\/DAVI9805.jpg\" data-orig-size=\"5760,3840\" data-comments-opened=\"1\" data-image-meta=\"{&quot;aperture&quot;:&quot;4.5&quot;,&quot;credit&quot;:&quot;&quot;,&quot;camera&quot;:&quot;Canon EOS 5D Mark III&quot;,&quot;caption&quot;:&quot;&quot;,&quot;created_timestamp&quot;:&quot;1534014275&quot;,&quot;copyright&quot;:&quot;&quot;,&quot;focal_length&quot;:&quot;24&quot;,&quot;iso&quot;:&quot;500&quot;,&quot;shutter_speed&quot;:&quot;0.033333333333333&quot;,&quot;title&quot;:&quot;&quot;,&quot;orientation&quot;:&quot;0&quot;}\" data-image-title=\"DAVI9805\" data-image-description=\"\" data-image-caption=\"\" data-medium-file=\"https:\/\/www.paudalho.pe.gov.br\/portal\/wp-content\/uploads\/2018\/08\/DAVI9805-350x230.jpg\" data-large-file=\"https:\/\/www.paudalho.pe.gov.br\/portal\/wp-content\/uploads\/2018\/08\/DAVI9805-800x450.jpg\" src=\"https:\/\/www.paudalho.pe.gov.br\/portal\/wp-content\/uploads\/2018\/08\/DAVI9805-800x450.jpg\" alt=\"\" data-id=\"3664\" data-link=\"https:\/\/www.paudalho.pe.gov.br\/portal\/com-estrutura-impressionante-centro-de-parto-normal-do-paudalho-gabrielly-ramos-e-inaugurado\/davi9805\/\" class=\"wp-image-3664\"\/><\/figure><\/li><\/ul>\n\n\n\n<p>O prefeito Marcelo Gouveia comentou da alegria de ver um sonho realizado. <em>\u201c\u00c9 muita felicidade a gente perceber que hoje, em t\u00e3o pouco tempo, o nosso Centro de Parto j\u00e1 faz hist\u00f3ria. Quero dizer que a gente continua firme e n\u00f3s n\u00e3o vamos descansar porque tem muito ainda a ser realizado\u201d<\/em>, finalizou.<\/p>\n","protected":false},"excerpt":{"rendered":"<p>O Centro de Parto Normal Gabrielly Ramos, no Munic\u00edpio de Paudalho, \u00e9 a primeira unidade totalmente voltada ao atendimento humanizado na Mata Norte de Pernambuco. O local possui uma a\u00e9rea de aproximadamente 502 metros quadrados onde, de acordo com a Prefeitura da cidade foram investidos cerca de R$ 1 Milh\u00e3o. Inaugurado em agosto de 2018, [&hellip;]<\/p>\n","protected":false},"author":4,"featured_media":6349,"comment_status":"open","ping_status":"open","sticky":false,"template":"","format":"standard","meta":{"_jetpack_newsletter_access":"","_jetpack_dont_email_post_to_subs":false,"_jetpack_newsletter_tier_id":0,"_jetpack_memberships_contains_paywalled_content":false,"_jetpack_memberships_contains_paid_content":false,"footnotes":""},"categories":[2,1,3],"tags":[436,16],"class_list":["post-6348","post","type-post","status-publish","format-standard","has-post-thumbnail","hentry","category-destaque","category-noticias","category-saude","tag-centro-de-parto-normal-gabrielly-ramos","tag-saude"],"jetpack_featured_media_url":"https:\/\/www.paudalho.pe.gov.br\/portal\/wp-content\/uploads\/2019\/02\/84d374d9-0fd2-440e-bcb6-31153af4b456-1.jpg","jetpack_sharing_enabled":true,"jetpack_shortlink":"https:\/\/wp.me\/p98mS2-1Eo","_links":{"self":[{"href":"https:\/\/www.paudalho.pe.gov.br\/portal\/wp-json\/wp\/v2\/posts\/6348","targetHints":{"allow":["GET"]}}],"collection":[{"href":"https:\/\/www.paudalho.pe.gov.br\/portal\/wp-json\/wp\/v2\/posts"}],"about":[{"href":"https:\/\/www.paudalho.pe.gov.br\/portal\/wp-json\/wp\/v2\/types\/post"}],"author":[{"embeddable":true,"href":"https:\/\/www.paudalho.pe.gov.br\/portal\/wp-json\/wp\/v2\/users\/4"}],"replies":[{"embeddable":true,"href":"https:\/\/www.paudalho.pe.gov.br\/portal\/wp-json\/wp\/v2\/comments?post=6348"}],"version-history":[{"count":9,"href":"https:\/\/www.paudalho.pe.gov.br\/portal\/wp-json\/wp\/v2\/posts\/6348\/revisions"}],"predecessor-version":[{"id":6456,"href":"https:\/\/www.paudalho.pe.gov.br\/portal\/wp-json\/wp\/v2\/posts\/6348\/revisions\/6456"}],"wp:featuredmedia":[{"embeddable":true,"href":"https:\/\/www.paudalho.pe.gov.br\/portal\/wp-json\/wp\/v2\/media\/6349"}],"wp:attachment":[{"href":"https:\/\/www.paudalho.pe.gov.br\/portal\/wp-json\/wp\/v2\/media?parent=6348"}],"wp:term":[{"taxonomy":"category","embeddable":true,"href":"https:\/\/www.paudalho.pe.gov.br\/portal\/wp-json\/wp\/v2\/categories?post=6348"},{"taxonomy":"post_tag","embeddable":true,"href":"https:\/\/www.paudalho.pe.gov.br\/portal\/wp-json\/wp\/v2\/tags?post=6348"}],"curies":[{"name":"wp","href":"https:\/\/api.w.org\/{rel}","templated":true}]}}