{"id":634,"date":"2017-08-23T14:30:17","date_gmt":"2017-08-23T17:30:17","guid":{"rendered":"http:\/\/www.paudalho.pe.gov.br\/portal\/?p=634"},"modified":"2017-09-20T00:42:36","modified_gmt":"2017-09-20T03:42:36","slug":"e-uma-maravilha-comenta-estudante-sobre-atendimento-publico-odontologico-em-paudalho","status":"publish","type":"post","link":"https:\/\/www.paudalho.pe.gov.br\/portal\/e-uma-maravilha-comenta-estudante-sobre-atendimento-publico-odontologico-em-paudalho\/","title":{"rendered":"\u201c\u00c9 uma maravilha\u201d, comenta estudante sobre atendimento p\u00fablico odontol\u00f3gico em Paudalho"},"content":{"rendered":"<p>Postos de Sa\u00fade sem estrutura f\u00edsica, falta de m\u00e9dicos, dentistas e materiais j\u00e1 foram realidades na cidade de Paudalho, mas, a gest\u00e3o atual tem se preocupado e mudado essas situa\u00e7\u00f5es.\u00a0Atualmente a sa\u00fade bucal do munic\u00edpio conta com 15 equipes funcionando, com dentista e auxiliar de sa\u00fade bucal (ASB). A prefeitura disponibiliza todo o material para o atendimento.\u00a0 A cidade ainda possui uma dentista de refer\u00eancia, a doutora Ericka Paz, conhecida como l\u00edngua pregada, que atua no bairro do Boboc\u00e3o e realiza at\u00e9 a cirurgia de frenectomia.<\/p>\n<p>A estudante de 23 anos, Daiane Maria, \u00e9 atendida no bairro da Asa Branca e comenta sobre a satisfa\u00e7\u00e3o em rela\u00e7\u00e3o ao servi\u00e7o prestado no munic\u00edpio. \u201c\u00c9 uma maravilha, \u00e9 \u00f3timo o atendimento dele. Al\u00e9m de ser um \u00f3timo profissional, \u00e9 uma pessoa super boa\u201d, comentou sobre o dentista, Diogo Viana, que atende no bairro.<\/p>\n<h3><strong>Ou\u00e7a o relato no \u00e1udio a baixo:<\/strong><\/h3>\n<p>O coordenador de Sa\u00fade Bucal da Cidade de Paudalho, Pietro Reis, esclareceu que quando assumiu a dire\u00e7\u00e3o foram necess\u00e1rias algumas articula\u00e7\u00f5es. &#8220;O primeiro parceiro nosso foi o SESC, trouxemos o OdontoSESC&#8230; uma unidade m\u00f3vel com quatro equipes odontol\u00f3gicas que atendiam \u00e0 popula\u00e7\u00e3o todos os dias&#8230;e dentro desse atendimento foram realizados mais de 2.000 consultas e 2.500 procedimentos foram feitos&#8221;, comentou.<\/p>\n<p>Pietro Reis ainda destacou que o trabalho continua. No planejamento para os projetos futuros est\u00e1 a implanta\u00e7\u00e3o de mais tr\u00eas equipes de sa\u00fade bucal, na Primavera I, Guadalajara III, al\u00e9m do posto de Bel\u00e9m. &#8220;Outro projeto nosso que n\u00f3s queremos implantar aqui em Paudalho \u00e9 o CEO tipo um, que \u00e9 um centro de especialidade odontol\u00f3gica que contempla a parte de canal, faz a limpeza dos dentes, cirurgia e atendimento de pacientes especiais. O nosso \u00faltimo projeto, que est\u00e1 tamb\u00e9m em an\u00e1lise no Minist\u00e9rio da Sa\u00fade junto com o CEO \u00e9 o laborat\u00f3rio de pr\u00f3tese&#8221;, detalhou. \u00a0Al\u00e9m disso, uma parceria com o Projeto &#8220;Um Sorriso do Tamanho do Brasil&#8221; da Associa\u00e7\u00e3o Brasileira de Odontologia e Colgate vai beneficiar centenas de pessoas. No dia 31 deste m\u00eas, a equipe de sa\u00fade bucal vai estar no \u00a0Cidadania em A\u00e7\u00e3o: a Prefeitura \u00e0 servi\u00e7o do povo, oferecendo informa\u00e7\u00e3o e distribuindo quatro mil escovas de dentes.<\/p>\n<p><a href=\"http:\/\/www.paudalho.pe.gov.br\/portal\/mais-de-2-mil-atendimentos-sao-ofertados-pela-prefeitura-no-projeto-cidadania-em-acao\/\">Leia mais: Mais de 2 mil atendimentos s\u00e3o ofertados pela Prefeitura no projeto Cidadania em A\u00e7\u00e3o<\/a><\/p>\n<p>&nbsp;<\/p>\n<p><strong>\u00a0Odontolengos<\/strong><\/p>\n<p>Usando a criatividade na hora de informar a crian\u00e7ada sobre a necessidade do cuidado bucal, os profissionais formaram uma trupe de teatro com bonecos mamulengos para encenar a pe\u00e7a \u201cZ\u00e9 Escovinha e Marinha Pastinha apresentam seus amiguinhos\u201d. O grupo orientado pelo coordenador de Sa\u00fade Bucal da Cidade de Paudalho, Pietro Reis, \u00e9 formado pelos dentistas, Ericka Paz (Boboc\u00e3o), Diego Viana (Asa Branca), Marina Vilasana (Ch\u00e3 de Pinheiro) e Jardillany Duarte (Centro), al\u00e9m de uma das idealizadoras, a auxiliar, Jaqueline Durand que \u00e9 a escritora do texto da encena\u00e7\u00e3o. Ela comenta que j\u00e1 trabalhou como ASB em outras gest\u00f5es, mas percebe um grande avan\u00e7o na atual administra\u00e7\u00e3o: \u201cEstou muito feliz com a sa\u00fade bucal atual, feliz com o carinho que Marcelo tem com a gente\u201d, disse.<\/p>\n<p><img loading=\"lazy\" decoding=\"async\" data-attachment-id=\"639\" data-permalink=\"https:\/\/www.paudalho.pe.gov.br\/portal\/e-uma-maravilha-comenta-estudante-sobre-atendimento-publico-odontologico-em-paudalho\/b55d56e7-d188-4b18-8f61-a22956001b4d\/\" data-orig-file=\"https:\/\/www.paudalho.pe.gov.br\/portal\/wp-content\/uploads\/2017\/08\/b55d56e7-d188-4b18-8f61-a22956001b4d.jpg\" data-orig-size=\"480,480\" data-comments-opened=\"1\" data-image-meta=\"{&quot;aperture&quot;:&quot;0&quot;,&quot;credit&quot;:&quot;&quot;,&quot;camera&quot;:&quot;&quot;,&quot;caption&quot;:&quot;&quot;,&quot;created_timestamp&quot;:&quot;0&quot;,&quot;copyright&quot;:&quot;&quot;,&quot;focal_length&quot;:&quot;0&quot;,&quot;iso&quot;:&quot;0&quot;,&quot;shutter_speed&quot;:&quot;0&quot;,&quot;title&quot;:&quot;&quot;,&quot;orientation&quot;:&quot;0&quot;}\" data-image-title=\"\" data-image-description=\"\" data-image-caption=\"\" data-medium-file=\"https:\/\/www.paudalho.pe.gov.br\/portal\/wp-content\/uploads\/2017\/08\/b55d56e7-d188-4b18-8f61-a22956001b4d-350x230.jpg\" data-large-file=\"https:\/\/www.paudalho.pe.gov.br\/portal\/wp-content\/uploads\/2017\/08\/b55d56e7-d188-4b18-8f61-a22956001b4d-480x450.jpg\" class=\"alignnone wp-image-639\" src=\"http:\/\/www.paudalho.pe.gov.br\/portal\/wp-content\/uploads\/2017\/08\/b55d56e7-d188-4b18-8f61-a22956001b4d-350x230.jpg\" alt=\"\" width=\"493\" height=\"324\" \/><\/p>\n<p>Jaqueline Dutra detalha o projeto dos odontolengos que vai estrear no dia 31 de agosto, no projeto &#8220;Cidadania em A\u00e7\u00e3o&#8221;. \u00c9 a prefeitura \u00e0 servi\u00e7o do povo, em Ch\u00e3 de Cruz.<strong> Confira:<\/strong><\/p>\n<p>&nbsp;<\/p>\n<p>&nbsp;<\/p>\n<p>&nbsp;<\/p>\n<p>&nbsp;<\/p>\n<p>&nbsp;<\/p>\n<p>&nbsp;<\/p>\n<p>&nbsp;<\/p>\n<p>&nbsp;<\/p>\n","protected":false},"excerpt":{"rendered":"<p>Postos de Sa\u00fade sem estrutura f\u00edsica, falta de m\u00e9dicos, dentistas e materiais j\u00e1 foram realidades na cidade de Paudalho, mas, a gest\u00e3o atual tem se preocupado e mudado essas situa\u00e7\u00f5es.\u00a0Atualmente a sa\u00fade bucal do munic\u00edpio conta com 15 equipes funcionando, com dentista e auxiliar de sa\u00fade bucal (ASB). A prefeitura disponibiliza todo o material para [&hellip;]<\/p>\n","protected":false},"author":4,"featured_media":635,"comment_status":"open","ping_status":"open","sticky":false,"template":"","format":"standard","meta":{"_jetpack_newsletter_access":"","_jetpack_dont_email_post_to_subs":false,"_jetpack_newsletter_tier_id":0,"_jetpack_memberships_contains_paywalled_content":false,"_jetpack_memberships_contains_paid_content":false,"footnotes":""},"categories":[2,3],"tags":[71,14,70],"class_list":["post-634","post","type-post","status-publish","format-standard","has-post-thumbnail","hentry","category-destaque","category-saude","tag-dentistas","tag-paudalho","tag-saude-bucal"],"jetpack_featured_media_url":"https:\/\/www.paudalho.pe.gov.br\/portal\/wp-content\/uploads\/2017\/08\/saude-bucal.jpg","jetpack_sharing_enabled":true,"jetpack_shortlink":"https:\/\/wp.me\/p98mS2-ae","_links":{"self":[{"href":"https:\/\/www.paudalho.pe.gov.br\/portal\/wp-json\/wp\/v2\/posts\/634","targetHints":{"allow":["GET"]}}],"collection":[{"href":"https:\/\/www.paudalho.pe.gov.br\/portal\/wp-json\/wp\/v2\/posts"}],"about":[{"href":"https:\/\/www.paudalho.pe.gov.br\/portal\/wp-json\/wp\/v2\/types\/post"}],"author":[{"embeddable":true,"href":"https:\/\/www.paudalho.pe.gov.br\/portal\/wp-json\/wp\/v2\/users\/4"}],"replies":[{"embeddable":true,"href":"https:\/\/www.paudalho.pe.gov.br\/portal\/wp-json\/wp\/v2\/comments?post=634"}],"version-history":[{"count":11,"href":"https:\/\/www.paudalho.pe.gov.br\/portal\/wp-json\/wp\/v2\/posts\/634\/revisions"}],"predecessor-version":[{"id":1175,"href":"https:\/\/www.paudalho.pe.gov.br\/portal\/wp-json\/wp\/v2\/posts\/634\/revisions\/1175"}],"wp:featuredmedia":[{"embeddable":true,"href":"https:\/\/www.paudalho.pe.gov.br\/portal\/wp-json\/wp\/v2\/media\/635"}],"wp:attachment":[{"href":"https:\/\/www.paudalho.pe.gov.br\/portal\/wp-json\/wp\/v2\/media?parent=634"}],"wp:term":[{"taxonomy":"category","embeddable":true,"href":"https:\/\/www.paudalho.pe.gov.br\/portal\/wp-json\/wp\/v2\/categories?post=634"},{"taxonomy":"post_tag","embeddable":true,"href":"https:\/\/www.paudalho.pe.gov.br\/portal\/wp-json\/wp\/v2\/tags?post=634"}],"curies":[{"name":"wp","href":"https:\/\/api.w.org\/{rel}","templated":true}]}}