{"id":6282,"date":"2019-02-15T09:03:18","date_gmt":"2019-02-15T12:03:18","guid":{"rendered":"https:\/\/www.paudalho.pe.gov.br\/portal\/?p=6282"},"modified":"2019-02-15T10:21:00","modified_gmt":"2019-02-15T13:21:00","slug":"confira-o-resultado-final-da-selecao-simplificada-publica-para-a-seduc-paudalho","status":"publish","type":"post","link":"https:\/\/www.paudalho.pe.gov.br\/portal\/confira-o-resultado-final-da-selecao-simplificada-publica-para-a-seduc-paudalho\/","title":{"rendered":"Confira o resultado final da Sele\u00e7\u00e3o Simplificada P\u00fablica para a SEDUC Paudalho"},"content":{"rendered":"\n<p>A Secretaria Municipal de Educa\u00e7\u00e3o divulgou nesta sexta-feira (15) o resultado final da Sele\u00e7\u00e3o Simplificada P\u00fablica para a Secretaria Municipal de Educa\u00e7\u00e3o do Paudalho. O processo seletivo simplificado visa a contrata\u00e7\u00e3o tempor\u00e1ria de 142 profissionais, que entre eles est\u00e3o professores da Educa\u00e7\u00e3o Infantil, Anos Iniciais e Finais. <\/p>\n\n\n\n<p>Os novos professores j\u00e1 come\u00e7am a trabalhar na pr\u00f3xima segunda-feira (18), in\u00edcio das aulas nas unidades Municipais da cidade. O objetivo \u00e9 de melhorar ainda mais a qualidade do ensino e refor\u00e7ar o quadro de profissionais da Educa\u00e7\u00e3o. A Rede Municipal conta com a Creche Leonel Francisco Soares e escolas em diversos bairros do Paudalho. No total, h\u00e1 vagas para mais de 10 mil alunos.<\/p>\n\n\n\n<p><strong>Confira o resultado:<\/strong><\/p>\n\n\n\n<p>\n<h2><a href=\"https:\/\/www.paudalho.pe.gov.br\/portal\/wp-content\/uploads\/2019\/02\/SELETIVO-001-2019-LISTA-FINAL-SELE\u00c7AO-SIMPLIFICADA-15-02-2019.pdf\" target=\"_black\" class=\"btn btn-primary\"><i class=\"fas fa-tasks\"><\/i> RESULTADO FINAL<\/a>\n<br><br><\/p>\n\n\n\n<h2 class=\"wp-block-heading\">Prefeitura no Combate \u00e0 exclus\u00e3o escolar<\/h2>\n\n\n\n<p><a href=\"https:\/\/www.paudalho.pe.gov.br\/portal\/em-parceria-com-a-unicef-prefeitura-do-paudalho-combate-a-exclusao-escolar-no-municipio\/\">A  Prefeitura do Paudalho por meio da Secretaria de Educa\u00e7\u00e3o aderiu o Programa Busca Ativa Escolar. <\/a>A plataforma foi desenvolvida pelo Fundo das Na\u00e7\u00f5es Unidas para a Inf\u00e2ncia (UNICEF) em parceria com a Uni\u00e3o Nacional dos Dirigentes Municipais de Educa\u00e7\u00e3o (Undime), o Colegiado Nacional de Gestores Municipais de Assist\u00eancia Social (Congemas) e o Instituto TIM.<a href=\"https:\/\/buscaativaescolar.org.br\/\">&nbsp;o Programa Busca Ativa Escolar pode ser acessado pelo aqui!<\/a><\/p>\n\n\n\n<p>Por meio da plataforma online \u00e9 poss\u00edvel identificar o registro, o controle e o acompanhamento de crian\u00e7as e adolescentes que est\u00e3o fora da escola ou em risco de evas\u00e3o no Munic\u00edpio. V\u00e1rias a\u00e7\u00f5es mobilizadoras e formativas j\u00e1 foram realizadas atrav\u00e9s da Pasta, como por exemplo: encontros intersetoriais que permitiram constituir uma rede coesa e integrada de agentes implicados na garantia do direito de aprender de cada crian\u00e7a e adolescente. <\/p>\n\n\n\n<p>\n\nO trabalho em campo \u00e9 realizado atrav\u00e9s da parceria da Secretaria de Educa\u00e7\u00e3o com as Secretarias de Sa\u00fade e de Desenvolvimento e Assist\u00eancia Social. Os agentes comunit\u00e1rios de Sa\u00fade B\u00e1sica recebem capacita\u00e7\u00e3o para visitar lares e aplicar question\u00e1rios de alerta juntos \u00e0s fam\u00edlias. J\u00e1 a Secretaria de Desenvolvimento e Assist\u00eancia Social encontra-se pronta para agir nas causas de crian\u00e7as que n\u00e3o estejam frequentando a escola devido \u00e0 vulnerabilidade social.\n\n<\/p>\n","protected":false},"excerpt":{"rendered":"<p>A Secretaria Municipal de Educa\u00e7\u00e3o divulgou nesta sexta-feira (15) o resultado final da Sele\u00e7\u00e3o Simplificada P\u00fablica para a Secretaria Municipal de Educa\u00e7\u00e3o do Paudalho. O processo seletivo simplificado visa a contrata\u00e7\u00e3o tempor\u00e1ria de 142 profissionais, que entre eles est\u00e3o professores da Educa\u00e7\u00e3o Infantil, Anos Iniciais e Finais. Os novos professores j\u00e1 come\u00e7am a trabalhar na [&hellip;]<\/p>\n","protected":false},"author":4,"featured_media":6283,"comment_status":"open","ping_status":"open","sticky":false,"template":"","format":"standard","meta":{"_jetpack_newsletter_access":"","_jetpack_dont_email_post_to_subs":false,"_jetpack_newsletter_tier_id":0,"_jetpack_memberships_contains_paywalled_content":false,"_jetpack_memberships_contains_paid_content":false,"footnotes":""},"categories":[2,4,1],"tags":[30,435,427],"class_list":["post-6282","post","type-post","status-publish","format-standard","has-post-thumbnail","hentry","category-destaque","category-educacao","category-noticias","tag-educacao","tag-seduc-paudalho","tag-selecao-simplificada-publica"],"jetpack_featured_media_url":"https:\/\/www.paudalho.pe.gov.br\/portal\/wp-content\/uploads\/2019\/02\/8f9a4205-c7a8-4985-984f-fb03eb8348fe.jpg","jetpack_sharing_enabled":true,"jetpack_shortlink":"https:\/\/wp.me\/p98mS2-1Dk","_links":{"self":[{"href":"https:\/\/www.paudalho.pe.gov.br\/portal\/wp-json\/wp\/v2\/posts\/6282","targetHints":{"allow":["GET"]}}],"collection":[{"href":"https:\/\/www.paudalho.pe.gov.br\/portal\/wp-json\/wp\/v2\/posts"}],"about":[{"href":"https:\/\/www.paudalho.pe.gov.br\/portal\/wp-json\/wp\/v2\/types\/post"}],"author":[{"embeddable":true,"href":"https:\/\/www.paudalho.pe.gov.br\/portal\/wp-json\/wp\/v2\/users\/4"}],"replies":[{"embeddable":true,"href":"https:\/\/www.paudalho.pe.gov.br\/portal\/wp-json\/wp\/v2\/comments?post=6282"}],"version-history":[{"count":6,"href":"https:\/\/www.paudalho.pe.gov.br\/portal\/wp-json\/wp\/v2\/posts\/6282\/revisions"}],"predecessor-version":[{"id":6309,"href":"https:\/\/www.paudalho.pe.gov.br\/portal\/wp-json\/wp\/v2\/posts\/6282\/revisions\/6309"}],"wp:featuredmedia":[{"embeddable":true,"href":"https:\/\/www.paudalho.pe.gov.br\/portal\/wp-json\/wp\/v2\/media\/6283"}],"wp:attachment":[{"href":"https:\/\/www.paudalho.pe.gov.br\/portal\/wp-json\/wp\/v2\/media?parent=6282"}],"wp:term":[{"taxonomy":"category","embeddable":true,"href":"https:\/\/www.paudalho.pe.gov.br\/portal\/wp-json\/wp\/v2\/categories?post=6282"},{"taxonomy":"post_tag","embeddable":true,"href":"https:\/\/www.paudalho.pe.gov.br\/portal\/wp-json\/wp\/v2\/tags?post=6282"}],"curies":[{"name":"wp","href":"https:\/\/api.w.org\/{rel}","templated":true}]}}