{"id":6109,"date":"2019-02-11T13:55:40","date_gmt":"2019-02-11T16:55:40","guid":{"rendered":"https:\/\/www.paudalho.pe.gov.br\/portal\/?p=6109"},"modified":"2019-02-13T11:31:41","modified_gmt":"2019-02-13T14:31:41","slug":"tradicional-corrida-de-sao-sebastiao-e-realizada-em-paudalho-e-supera-expectativas","status":"publish","type":"post","link":"https:\/\/www.paudalho.pe.gov.br\/portal\/tradicional-corrida-de-sao-sebastiao-e-realizada-em-paudalho-e-supera-expectativas\/","title":{"rendered":"Tradicional Corrida de S\u00e3o Sebasti\u00e3o \u00e9 realizada em Paudalho e supera expectativas"},"content":{"rendered":"\n<p>Noventa e dois atletas participaram no \u00faltimo domingo (10), da 20\u00ba Corrida de S\u00e3o Sebasti\u00e3o. &nbsp;Tradicional, a competi\u00e7\u00e3o ainda contou com corredores de outras localidades, como do estado da Para\u00edba. A edi\u00e7\u00e3o de 2019 se estendeu por diversas ruas do Munic\u00edpio em um percurso de sete quil\u00f4metros.<\/p>\n\n\n\n<h3 class=\"wp-block-heading\">Corrida superou expectativas <\/h3>\n\n\n\n<p>De acordo com a Secretaria de Esportes, Juventude, Lazer e Desenvolvimento Econ\u00f4mico houve um aumento na participa\u00e7\u00e3o dos paudalhenses, na Corrida em 2019. Ao todo, competiram 22 atletas da cidade. J\u00e1 Em 2017 e 2018 o n\u00famero foi de cinco e dez atletas respectivamente. <\/p>\n\n\n\n<p>O secret\u00e1rio executivo da Pasta, Di\u00f3genes Porf\u00edrio, comemorou. \u201cEstamos felizes em realizar mais uma edi\u00e7\u00e3o da Corrida de S\u00e3o Sebasti\u00e3o. Al\u00e9m de toda programa\u00e7\u00e3o log\u00edstica e divulga\u00e7\u00e3o do evento tivemos um bom n\u00famero de participantes e estamos tornando o evento esportivo cada vez mais forte em nosso Munic\u00edpio e em Pernambuco. Vale destacar que grandes atletas do nosso estado e de outros est\u00e3o participando com a gente. Isso mostra o compromisso do nosso trabalho em difundir os esportes na cidade\u201d, disse. <\/p>\n\n\n\n<p>O evento premiou os primeiros, segundos e terceiros\nlugares das categorias feminina e masculina com medalhas, trof\u00e9us e gratifica\u00e7\u00f5es.\nAl\u00e9m disso, todos os competidores receberam medalhas. <\/p>\n\n\n\n<h3 class=\"wp-block-heading\">Confira os vencedores: <\/h3>\n\n\n\n<p><strong>Prova Geral &#8211; Masculino <\/strong><\/p>\n\n\n\n<p>1\u00b0 &#8211; Lucas Paulo &#8211; S\u00e3o Caetano &#8211; PE<\/p>\n\n\n\n<p>2\u00b0 &#8211; \u00canio Cleiton &#8211; S\u00e3o Caetano &#8211; PE<\/p>\n\n\n\n<p>3\u00b0 &#8211; Michael Gabriel &#8211; Olinda &#8211; PE<\/p>\n\n\n\n<p>4\u00b0 &#8211; Jadson Andr\u00e9 &#8211; Campo Formoso &#8211; PE<\/p>\n\n\n\n<p>5\u00b0 &#8211; Clebson dos Santos &#8211; Macaparana &#8211; PE<\/p>\n\n\n\n<p>&nbsp;<strong>Prova Geral &#8211; Feminino <\/strong><\/p>\n\n\n\n<p>1\u00b0 &#8211; Maria de F\u00e1tima &#8211; Caruaru &#8211; PE<\/p>\n\n\n\n<p>2\u00b0 &#8211; Maria Lucineida &#8211; Pesqueira &#8211; PE<\/p>\n\n\n\n<p>3\u00b0 &#8211; Sandra Maria &#8211; Cuit\u00e9 &#8211; PB<\/p>\n\n\n\n<p>4\u00b0 &#8211; Mirelli Leite &#8211; Pesqueira &#8211; PE<\/p>\n\n\n\n<p>5\u00b0 &#8211; Maria Jos\u00e9 Santos &#8211; Limoeiro &#8211; PE<\/p>\n\n\n\n<p>&nbsp;<strong>Prova Local &#8211; Masculino <\/strong><\/p>\n\n\n\n<p>1\u00b0 &#8211; Glausionildo Pereira<\/p>\n\n\n\n<p>2\u00b0 &#8211; Wil Souza<\/p>\n\n\n\n<p>3\u00b0 &#8211; Lindberg Jos\u00e9<\/p>\n\n\n\n<p>4\u00b0 &#8211; Edilson Soares<\/p>\n\n\n\n<p>5\u00b0 &#8211; Edson Oliveira<\/p>\n\n\n\n<p>&nbsp;<strong>Prova Local &#8211; Feminino <\/strong><\/p>\n\n\n\n<p>1\u00b0 &#8211; Rosilda Maria<\/p>\n\n\n\n<p>2\u00b0 &#8211; Manuela Soares<\/p>\n\n\n\n<p><strong>Confira as fotos: <\/strong><\/p>\n\n\n\n<ul class=\"wp-block-gallery columns-3 is-cropped wp-block-gallery-1 is-layout-flex wp-block-gallery-is-layout-flex\"><li class=\"blocks-gallery-item\"><figure><img loading=\"lazy\" decoding=\"async\" width=\"800\" height=\"450\" data-attachment-id=\"6123\" data-permalink=\"https:\/\/www.paudalho.pe.gov.br\/portal\/tradicional-corrida-de-sao-sebastiao-e-realizada-em-paudalho-e-supera-expectativas\/1-6\/\" data-orig-file=\"https:\/\/www.paudalho.pe.gov.br\/portal\/wp-content\/uploads\/2019\/02\/1.jpg\" data-orig-size=\"3747,5620\" data-comments-opened=\"1\" data-image-meta=\"{&quot;aperture&quot;:&quot;5&quot;,&quot;credit&quot;:&quot;&quot;,&quot;camera&quot;:&quot;Canon EOS 5D Mark III&quot;,&quot;caption&quot;:&quot;&quot;,&quot;created_timestamp&quot;:&quot;1549813364&quot;,&quot;copyright&quot;:&quot;&quot;,&quot;focal_length&quot;:&quot;200&quot;,&quot;iso&quot;:&quot;320&quot;,&quot;shutter_speed&quot;:&quot;0.00125&quot;,&quot;title&quot;:&quot;&quot;,&quot;orientation&quot;:&quot;0&quot;}\" data-image-title=\"1\" data-image-description=\"\" data-image-caption=\"&lt;p&gt;Foto: Josu\u00e9 Filho\/PMP&lt;\/p&gt;\n\" data-medium-file=\"https:\/\/www.paudalho.pe.gov.br\/portal\/wp-content\/uploads\/2019\/02\/1-350x230.jpg\" data-large-file=\"https:\/\/www.paudalho.pe.gov.br\/portal\/wp-content\/uploads\/2019\/02\/1-800x450.jpg\" src=\"https:\/\/www.paudalho.pe.gov.br\/portal\/wp-content\/uploads\/2019\/02\/1-800x450.jpg\" alt=\"\" data-id=\"6123\" data-link=\"https:\/\/www.paudalho.pe.gov.br\/portal\/tradicional-corrida-de-sao-sebastiao-e-realizada-em-paudalho-e-supera-expectativas\/1-6\/\" class=\"wp-image-6123\"\/><figcaption>Foto: Josu\u00e9 Filho\/PMP<\/figcaption><\/figure><\/li><li class=\"blocks-gallery-item\"><figure><img loading=\"lazy\" decoding=\"async\" width=\"800\" height=\"450\" data-attachment-id=\"6124\" data-permalink=\"https:\/\/www.paudalho.pe.gov.br\/portal\/tradicional-corrida-de-sao-sebastiao-e-realizada-em-paudalho-e-supera-expectativas\/2-4\/\" data-orig-file=\"https:\/\/www.paudalho.pe.gov.br\/portal\/wp-content\/uploads\/2019\/02\/2.jpg\" data-orig-size=\"2944,4416\" data-comments-opened=\"1\" data-image-meta=\"{&quot;aperture&quot;:&quot;5&quot;,&quot;credit&quot;:&quot;&quot;,&quot;camera&quot;:&quot;Canon EOS 5D Mark III&quot;,&quot;caption&quot;:&quot;&quot;,&quot;created_timestamp&quot;:&quot;1549813370&quot;,&quot;copyright&quot;:&quot;&quot;,&quot;focal_length&quot;:&quot;200&quot;,&quot;iso&quot;:&quot;320&quot;,&quot;shutter_speed&quot;:&quot;0.00125&quot;,&quot;title&quot;:&quot;&quot;,&quot;orientation&quot;:&quot;0&quot;}\" data-image-title=\"2\" data-image-description=\"\" data-image-caption=\"&lt;p&gt;Foto: Josu\u00e9 Filho\/PMP&lt;\/p&gt;\n\" data-medium-file=\"https:\/\/www.paudalho.pe.gov.br\/portal\/wp-content\/uploads\/2019\/02\/2-350x230.jpg\" data-large-file=\"https:\/\/www.paudalho.pe.gov.br\/portal\/wp-content\/uploads\/2019\/02\/2-800x450.jpg\" src=\"https:\/\/www.paudalho.pe.gov.br\/portal\/wp-content\/uploads\/2019\/02\/2-800x450.jpg\" alt=\"\" data-id=\"6124\" data-link=\"https:\/\/www.paudalho.pe.gov.br\/portal\/tradicional-corrida-de-sao-sebastiao-e-realizada-em-paudalho-e-supera-expectativas\/2-4\/\" class=\"wp-image-6124\"\/><figcaption>Foto: Josu\u00e9 Filho\/PMP<\/figcaption><\/figure><\/li><li class=\"blocks-gallery-item\"><figure><img loading=\"lazy\" decoding=\"async\" width=\"800\" height=\"450\" data-attachment-id=\"6125\" data-permalink=\"https:\/\/www.paudalho.pe.gov.br\/portal\/tradicional-corrida-de-sao-sebastiao-e-realizada-em-paudalho-e-supera-expectativas\/3-3\/\" data-orig-file=\"https:\/\/www.paudalho.pe.gov.br\/portal\/wp-content\/uploads\/2019\/02\/3.jpg\" data-orig-size=\"2304,3200\" data-comments-opened=\"1\" data-image-meta=\"{&quot;aperture&quot;:&quot;4.5&quot;,&quot;credit&quot;:&quot;&quot;,&quot;camera&quot;:&quot;Canon EOS 5D Mark III&quot;,&quot;caption&quot;:&quot;&quot;,&quot;created_timestamp&quot;:&quot;1549813701&quot;,&quot;copyright&quot;:&quot;&quot;,&quot;focal_length&quot;:&quot;200&quot;,&quot;iso&quot;:&quot;200&quot;,&quot;shutter_speed&quot;:&quot;0.001&quot;,&quot;title&quot;:&quot;&quot;,&quot;orientation&quot;:&quot;0&quot;}\" data-image-title=\"3\" data-image-description=\"\" data-image-caption=\"&lt;p&gt;Foto: Josu\u00e9 Filho\/PMP&lt;\/p&gt;\n\" data-medium-file=\"https:\/\/www.paudalho.pe.gov.br\/portal\/wp-content\/uploads\/2019\/02\/3-350x230.jpg\" data-large-file=\"https:\/\/www.paudalho.pe.gov.br\/portal\/wp-content\/uploads\/2019\/02\/3-800x450.jpg\" src=\"https:\/\/www.paudalho.pe.gov.br\/portal\/wp-content\/uploads\/2019\/02\/3-800x450.jpg\" alt=\"\" data-id=\"6125\" data-link=\"https:\/\/www.paudalho.pe.gov.br\/portal\/tradicional-corrida-de-sao-sebastiao-e-realizada-em-paudalho-e-supera-expectativas\/3-3\/\" class=\"wp-image-6125\"\/><figcaption>Foto: Josu\u00e9 Filho\/PMP<\/figcaption><\/figure><\/li><li class=\"blocks-gallery-item\"><figure><img loading=\"lazy\" decoding=\"async\" width=\"800\" height=\"450\" data-attachment-id=\"6134\" data-permalink=\"https:\/\/www.paudalho.pe.gov.br\/portal\/tradicional-corrida-de-sao-sebastiao-e-realizada-em-paudalho-e-supera-expectativas\/attachment\/7\/\" data-orig-file=\"https:\/\/www.paudalho.pe.gov.br\/portal\/wp-content\/uploads\/2019\/02\/7.jpg\" data-orig-size=\"3840,5760\" data-comments-opened=\"1\" data-image-meta=\"{&quot;aperture&quot;:&quot;3.5&quot;,&quot;credit&quot;:&quot;&quot;,&quot;camera&quot;:&quot;Canon EOS 5D Mark III&quot;,&quot;caption&quot;:&quot;&quot;,&quot;created_timestamp&quot;:&quot;1549813919&quot;,&quot;copyright&quot;:&quot;&quot;,&quot;focal_length&quot;:&quot;200&quot;,&quot;iso&quot;:&quot;125&quot;,&quot;shutter_speed&quot;:&quot;0.001&quot;,&quot;title&quot;:&quot;&quot;,&quot;orientation&quot;:&quot;0&quot;}\" data-image-title=\"7\" data-image-description=\"\" data-image-caption=\"&lt;p&gt;Foto: Josu\u00e9 Filho\/PMP&lt;\/p&gt;\n\" data-medium-file=\"https:\/\/www.paudalho.pe.gov.br\/portal\/wp-content\/uploads\/2019\/02\/7-350x230.jpg\" data-large-file=\"https:\/\/www.paudalho.pe.gov.br\/portal\/wp-content\/uploads\/2019\/02\/7-800x450.jpg\" src=\"https:\/\/www.paudalho.pe.gov.br\/portal\/wp-content\/uploads\/2019\/02\/7-800x450.jpg\" alt=\"\" data-id=\"6134\" data-link=\"https:\/\/www.paudalho.pe.gov.br\/portal\/tradicional-corrida-de-sao-sebastiao-e-realizada-em-paudalho-e-supera-expectativas\/attachment\/7\/\" class=\"wp-image-6134\"\/><figcaption>Foto: Josu\u00e9 Filho\/PMP<\/figcaption><\/figure><\/li><li class=\"blocks-gallery-item\"><figure><img loading=\"lazy\" decoding=\"async\" width=\"800\" height=\"450\" data-attachment-id=\"6138\" data-permalink=\"https:\/\/www.paudalho.pe.gov.br\/portal\/tradicional-corrida-de-sao-sebastiao-e-realizada-em-paudalho-e-supera-expectativas\/11-4\/\" data-orig-file=\"https:\/\/www.paudalho.pe.gov.br\/portal\/wp-content\/uploads\/2019\/02\/11.jpg\" data-orig-size=\"5760,3840\" data-comments-opened=\"1\" data-image-meta=\"{&quot;aperture&quot;:&quot;3.5&quot;,&quot;credit&quot;:&quot;&quot;,&quot;camera&quot;:&quot;Canon EOS 5D Mark III&quot;,&quot;caption&quot;:&quot;&quot;,&quot;created_timestamp&quot;:&quot;1549812457&quot;,&quot;copyright&quot;:&quot;&quot;,&quot;focal_length&quot;:&quot;200&quot;,&quot;iso&quot;:&quot;200&quot;,&quot;shutter_speed&quot;:&quot;0.00125&quot;,&quot;title&quot;:&quot;&quot;,&quot;orientation&quot;:&quot;0&quot;}\" data-image-title=\"11\" data-image-description=\"\" data-image-caption=\"&lt;p&gt;Foto: Josu\u00e9 Filho\/PMP&lt;\/p&gt;\n\" data-medium-file=\"https:\/\/www.paudalho.pe.gov.br\/portal\/wp-content\/uploads\/2019\/02\/11-350x230.jpg\" data-large-file=\"https:\/\/www.paudalho.pe.gov.br\/portal\/wp-content\/uploads\/2019\/02\/11-800x450.jpg\" src=\"https:\/\/www.paudalho.pe.gov.br\/portal\/wp-content\/uploads\/2019\/02\/11-800x450.jpg\" alt=\"\" data-id=\"6138\" data-link=\"https:\/\/www.paudalho.pe.gov.br\/portal\/tradicional-corrida-de-sao-sebastiao-e-realizada-em-paudalho-e-supera-expectativas\/11-4\/\" class=\"wp-image-6138\"\/><figcaption>Foto: Josu\u00e9 Filho\/PMP<\/figcaption><\/figure><\/li><li class=\"blocks-gallery-item\"><figure><img loading=\"lazy\" decoding=\"async\" width=\"800\" height=\"450\" data-attachment-id=\"6137\" data-permalink=\"https:\/\/www.paudalho.pe.gov.br\/portal\/tradicional-corrida-de-sao-sebastiao-e-realizada-em-paudalho-e-supera-expectativas\/10-3\/\" data-orig-file=\"https:\/\/www.paudalho.pe.gov.br\/portal\/wp-content\/uploads\/2019\/02\/10.jpg\" data-orig-size=\"3840,5760\" data-comments-opened=\"1\" data-image-meta=\"{&quot;aperture&quot;:&quot;3.2&quot;,&quot;credit&quot;:&quot;&quot;,&quot;camera&quot;:&quot;Canon EOS 5D Mark III&quot;,&quot;caption&quot;:&quot;&quot;,&quot;created_timestamp&quot;:&quot;1549814804&quot;,&quot;copyright&quot;:&quot;&quot;,&quot;focal_length&quot;:&quot;135&quot;,&quot;iso&quot;:&quot;250&quot;,&quot;shutter_speed&quot;:&quot;0.0015625&quot;,&quot;title&quot;:&quot;&quot;,&quot;orientation&quot;:&quot;0&quot;}\" data-image-title=\"10\" data-image-description=\"\" data-image-caption=\"&lt;p&gt;Foto: Josu\u00e9 Filho\/PMP&lt;\/p&gt;\n\" data-medium-file=\"https:\/\/www.paudalho.pe.gov.br\/portal\/wp-content\/uploads\/2019\/02\/10-350x230.jpg\" data-large-file=\"https:\/\/www.paudalho.pe.gov.br\/portal\/wp-content\/uploads\/2019\/02\/10-800x450.jpg\" src=\"https:\/\/www.paudalho.pe.gov.br\/portal\/wp-content\/uploads\/2019\/02\/10-800x450.jpg\" alt=\"\" data-id=\"6137\" data-link=\"https:\/\/www.paudalho.pe.gov.br\/portal\/tradicional-corrida-de-sao-sebastiao-e-realizada-em-paudalho-e-supera-expectativas\/10-3\/\" class=\"wp-image-6137\"\/><figcaption>Foto: Josu\u00e9 Filho\/PMP<\/figcaption><\/figure><\/li><li class=\"blocks-gallery-item\"><figure><img loading=\"lazy\" decoding=\"async\" width=\"800\" height=\"450\" data-attachment-id=\"6139\" data-permalink=\"https:\/\/www.paudalho.pe.gov.br\/portal\/tradicional-corrida-de-sao-sebastiao-e-realizada-em-paudalho-e-supera-expectativas\/12-4\/\" data-orig-file=\"https:\/\/www.paudalho.pe.gov.br\/portal\/wp-content\/uploads\/2019\/02\/12.jpg\" data-orig-size=\"3136,4704\" data-comments-opened=\"1\" data-image-meta=\"{&quot;aperture&quot;:&quot;3.5&quot;,&quot;credit&quot;:&quot;&quot;,&quot;camera&quot;:&quot;Canon EOS 5D Mark III&quot;,&quot;caption&quot;:&quot;&quot;,&quot;created_timestamp&quot;:&quot;1549812458&quot;,&quot;copyright&quot;:&quot;&quot;,&quot;focal_length&quot;:&quot;75&quot;,&quot;iso&quot;:&quot;200&quot;,&quot;shutter_speed&quot;:&quot;0.00125&quot;,&quot;title&quot;:&quot;&quot;,&quot;orientation&quot;:&quot;0&quot;}\" data-image-title=\"12\" data-image-description=\"\" data-image-caption=\"&lt;p&gt;Foto: Josu\u00e9 Filho\/PMP&lt;\/p&gt;\n\" data-medium-file=\"https:\/\/www.paudalho.pe.gov.br\/portal\/wp-content\/uploads\/2019\/02\/12-350x230.jpg\" data-large-file=\"https:\/\/www.paudalho.pe.gov.br\/portal\/wp-content\/uploads\/2019\/02\/12-800x450.jpg\" src=\"https:\/\/www.paudalho.pe.gov.br\/portal\/wp-content\/uploads\/2019\/02\/12-800x450.jpg\" alt=\"\" data-id=\"6139\" data-link=\"https:\/\/www.paudalho.pe.gov.br\/portal\/tradicional-corrida-de-sao-sebastiao-e-realizada-em-paudalho-e-supera-expectativas\/12-4\/\" class=\"wp-image-6139\"\/><figcaption>Foto: Josu\u00e9 Filho\/PMP<\/figcaption><\/figure><\/li><li class=\"blocks-gallery-item\"><figure><img loading=\"lazy\" decoding=\"async\" width=\"800\" height=\"450\" data-attachment-id=\"6140\" data-permalink=\"https:\/\/www.paudalho.pe.gov.br\/portal\/tradicional-corrida-de-sao-sebastiao-e-realizada-em-paudalho-e-supera-expectativas\/13-4\/\" data-orig-file=\"https:\/\/www.paudalho.pe.gov.br\/portal\/wp-content\/uploads\/2019\/02\/13.jpg\" data-orig-size=\"5760,3840\" data-comments-opened=\"1\" data-image-meta=\"{&quot;aperture&quot;:&quot;3.5&quot;,&quot;credit&quot;:&quot;&quot;,&quot;camera&quot;:&quot;Canon EOS 5D Mark III&quot;,&quot;caption&quot;:&quot;&quot;,&quot;created_timestamp&quot;:&quot;1549812176&quot;,&quot;copyright&quot;:&quot;&quot;,&quot;focal_length&quot;:&quot;58&quot;,&quot;iso&quot;:&quot;125&quot;,&quot;shutter_speed&quot;:&quot;0.0025&quot;,&quot;title&quot;:&quot;&quot;,&quot;orientation&quot;:&quot;0&quot;}\" data-image-title=\"13\" data-image-description=\"\" data-image-caption=\"&lt;p&gt;Foto: Josu\u00e9 Filho\/PMP&lt;\/p&gt;\n\" data-medium-file=\"https:\/\/www.paudalho.pe.gov.br\/portal\/wp-content\/uploads\/2019\/02\/13-350x230.jpg\" data-large-file=\"https:\/\/www.paudalho.pe.gov.br\/portal\/wp-content\/uploads\/2019\/02\/13-800x450.jpg\" src=\"https:\/\/www.paudalho.pe.gov.br\/portal\/wp-content\/uploads\/2019\/02\/13-800x450.jpg\" alt=\"\" data-id=\"6140\" data-link=\"https:\/\/www.paudalho.pe.gov.br\/portal\/tradicional-corrida-de-sao-sebastiao-e-realizada-em-paudalho-e-supera-expectativas\/13-4\/\" class=\"wp-image-6140\"\/><figcaption>Foto: Josu\u00e9 Filho\/PMP<\/figcaption><\/figure><\/li><li class=\"blocks-gallery-item\"><figure><img loading=\"lazy\" decoding=\"async\" width=\"800\" height=\"450\" data-attachment-id=\"6141\" data-permalink=\"https:\/\/www.paudalho.pe.gov.br\/portal\/tradicional-corrida-de-sao-sebastiao-e-realizada-em-paudalho-e-supera-expectativas\/14-4\/\" data-orig-file=\"https:\/\/www.paudalho.pe.gov.br\/portal\/wp-content\/uploads\/2019\/02\/14.jpg\" data-orig-size=\"5424,3616\" data-comments-opened=\"1\" data-image-meta=\"{&quot;aperture&quot;:&quot;3.5&quot;,&quot;credit&quot;:&quot;&quot;,&quot;camera&quot;:&quot;Canon EOS 5D Mark III&quot;,&quot;caption&quot;:&quot;&quot;,&quot;created_timestamp&quot;:&quot;1549812164&quot;,&quot;copyright&quot;:&quot;&quot;,&quot;focal_length&quot;:&quot;70&quot;,&quot;iso&quot;:&quot;125&quot;,&quot;shutter_speed&quot;:&quot;0.0025&quot;,&quot;title&quot;:&quot;&quot;,&quot;orientation&quot;:&quot;0&quot;}\" data-image-title=\"14\" data-image-description=\"\" data-image-caption=\"&lt;p&gt;Foto: Josu\u00e9 Filho\/PMP&lt;\/p&gt;\n\" data-medium-file=\"https:\/\/www.paudalho.pe.gov.br\/portal\/wp-content\/uploads\/2019\/02\/14-350x230.jpg\" data-large-file=\"https:\/\/www.paudalho.pe.gov.br\/portal\/wp-content\/uploads\/2019\/02\/14-800x450.jpg\" src=\"https:\/\/www.paudalho.pe.gov.br\/portal\/wp-content\/uploads\/2019\/02\/14-800x450.jpg\" alt=\"\" data-id=\"6141\" data-link=\"https:\/\/www.paudalho.pe.gov.br\/portal\/tradicional-corrida-de-sao-sebastiao-e-realizada-em-paudalho-e-supera-expectativas\/14-4\/\" class=\"wp-image-6141\"\/><figcaption>Foto: Josu\u00e9 Filho\/PMP<\/figcaption><\/figure><\/li><li class=\"blocks-gallery-item\"><figure><img loading=\"lazy\" decoding=\"async\" width=\"800\" height=\"450\" data-attachment-id=\"6142\" data-permalink=\"https:\/\/www.paudalho.pe.gov.br\/portal\/tradicional-corrida-de-sao-sebastiao-e-realizada-em-paudalho-e-supera-expectativas\/15-4\/\" data-orig-file=\"https:\/\/www.paudalho.pe.gov.br\/portal\/wp-content\/uploads\/2019\/02\/15.jpg\" data-orig-size=\"5760,3840\" data-comments-opened=\"1\" data-image-meta=\"{&quot;aperture&quot;:&quot;3.5&quot;,&quot;credit&quot;:&quot;&quot;,&quot;camera&quot;:&quot;Canon EOS 5D Mark III&quot;,&quot;caption&quot;:&quot;&quot;,&quot;created_timestamp&quot;:&quot;1549812957&quot;,&quot;copyright&quot;:&quot;&quot;,&quot;focal_length&quot;:&quot;140&quot;,&quot;iso&quot;:&quot;320&quot;,&quot;shutter_speed&quot;:&quot;0.003125&quot;,&quot;title&quot;:&quot;&quot;,&quot;orientation&quot;:&quot;0&quot;}\" data-image-title=\"15\" data-image-description=\"\" data-image-caption=\"&lt;p&gt;Foto: Josu\u00e9 Filho\/PMP&lt;\/p&gt;\n\" data-medium-file=\"https:\/\/www.paudalho.pe.gov.br\/portal\/wp-content\/uploads\/2019\/02\/15-350x230.jpg\" data-large-file=\"https:\/\/www.paudalho.pe.gov.br\/portal\/wp-content\/uploads\/2019\/02\/15-800x450.jpg\" src=\"https:\/\/www.paudalho.pe.gov.br\/portal\/wp-content\/uploads\/2019\/02\/15-800x450.jpg\" alt=\"\" data-id=\"6142\" data-link=\"https:\/\/www.paudalho.pe.gov.br\/portal\/tradicional-corrida-de-sao-sebastiao-e-realizada-em-paudalho-e-supera-expectativas\/15-4\/\" class=\"wp-image-6142\"\/><figcaption>Foto: Josu\u00e9 Filho\/PMP<\/figcaption><\/figure><\/li><li class=\"blocks-gallery-item\"><figure><img loading=\"lazy\" decoding=\"async\" width=\"800\" height=\"450\" data-attachment-id=\"6143\" data-permalink=\"https:\/\/www.paudalho.pe.gov.br\/portal\/tradicional-corrida-de-sao-sebastiao-e-realizada-em-paudalho-e-supera-expectativas\/16-4\/\" data-orig-file=\"https:\/\/www.paudalho.pe.gov.br\/portal\/wp-content\/uploads\/2019\/02\/16.jpg\" data-orig-size=\"5760,3840\" data-comments-opened=\"1\" data-image-meta=\"{&quot;aperture&quot;:&quot;3.5&quot;,&quot;credit&quot;:&quot;&quot;,&quot;camera&quot;:&quot;Canon EOS 5D Mark III&quot;,&quot;caption&quot;:&quot;&quot;,&quot;created_timestamp&quot;:&quot;1549812546&quot;,&quot;copyright&quot;:&quot;&quot;,&quot;focal_length&quot;:&quot;95&quot;,&quot;iso&quot;:&quot;200&quot;,&quot;shutter_speed&quot;:&quot;0.00125&quot;,&quot;title&quot;:&quot;&quot;,&quot;orientation&quot;:&quot;0&quot;}\" data-image-title=\"16\" data-image-description=\"\" data-image-caption=\"&lt;p&gt;Foto: Josu\u00e9 Filho\/PMP&lt;\/p&gt;\n\" data-medium-file=\"https:\/\/www.paudalho.pe.gov.br\/portal\/wp-content\/uploads\/2019\/02\/16-350x230.jpg\" data-large-file=\"https:\/\/www.paudalho.pe.gov.br\/portal\/wp-content\/uploads\/2019\/02\/16-800x450.jpg\" src=\"https:\/\/www.paudalho.pe.gov.br\/portal\/wp-content\/uploads\/2019\/02\/16-800x450.jpg\" alt=\"\" data-id=\"6143\" data-link=\"https:\/\/www.paudalho.pe.gov.br\/portal\/tradicional-corrida-de-sao-sebastiao-e-realizada-em-paudalho-e-supera-expectativas\/16-4\/\" class=\"wp-image-6143\"\/><figcaption>Foto: Josu\u00e9 Filho\/PMP<\/figcaption><\/figure><\/li><li class=\"blocks-gallery-item\"><figure><img loading=\"lazy\" decoding=\"async\" width=\"800\" height=\"450\" data-attachment-id=\"6144\" data-permalink=\"https:\/\/www.paudalho.pe.gov.br\/portal\/tradicional-corrida-de-sao-sebastiao-e-realizada-em-paudalho-e-supera-expectativas\/17-3\/\" data-orig-file=\"https:\/\/www.paudalho.pe.gov.br\/portal\/wp-content\/uploads\/2019\/02\/17.jpg\" data-orig-size=\"3840,5760\" data-comments-opened=\"1\" data-image-meta=\"{&quot;aperture&quot;:&quot;3.5&quot;,&quot;credit&quot;:&quot;&quot;,&quot;camera&quot;:&quot;Canon EOS 5D Mark III&quot;,&quot;caption&quot;:&quot;&quot;,&quot;created_timestamp&quot;:&quot;1549812532&quot;,&quot;copyright&quot;:&quot;&quot;,&quot;focal_length&quot;:&quot;135&quot;,&quot;iso&quot;:&quot;200&quot;,&quot;shutter_speed&quot;:&quot;0.00125&quot;,&quot;title&quot;:&quot;&quot;,&quot;orientation&quot;:&quot;0&quot;}\" data-image-title=\"17\" data-image-description=\"\" data-image-caption=\"&lt;p&gt;Foto: Josu\u00e9 Filho\/PMP&lt;\/p&gt;\n\" data-medium-file=\"https:\/\/www.paudalho.pe.gov.br\/portal\/wp-content\/uploads\/2019\/02\/17-350x230.jpg\" data-large-file=\"https:\/\/www.paudalho.pe.gov.br\/portal\/wp-content\/uploads\/2019\/02\/17-800x450.jpg\" src=\"https:\/\/www.paudalho.pe.gov.br\/portal\/wp-content\/uploads\/2019\/02\/17-800x450.jpg\" alt=\"\" data-id=\"6144\" data-link=\"https:\/\/www.paudalho.pe.gov.br\/portal\/tradicional-corrida-de-sao-sebastiao-e-realizada-em-paudalho-e-supera-expectativas\/17-3\/\" class=\"wp-image-6144\"\/><figcaption>Foto: Josu\u00e9 Filho\/PMP<\/figcaption><\/figure><\/li><li class=\"blocks-gallery-item\"><figure><img loading=\"lazy\" decoding=\"async\" width=\"800\" height=\"450\" data-attachment-id=\"6145\" data-permalink=\"https:\/\/www.paudalho.pe.gov.br\/portal\/tradicional-corrida-de-sao-sebastiao-e-realizada-em-paudalho-e-supera-expectativas\/18-4\/\" data-orig-file=\"https:\/\/www.paudalho.pe.gov.br\/portal\/wp-content\/uploads\/2019\/02\/18.jpg\" data-orig-size=\"3840,5472\" data-comments-opened=\"1\" data-image-meta=\"{&quot;aperture&quot;:&quot;3.5&quot;,&quot;credit&quot;:&quot;&quot;,&quot;camera&quot;:&quot;Canon EOS 5D Mark III&quot;,&quot;caption&quot;:&quot;&quot;,&quot;created_timestamp&quot;:&quot;1549812517&quot;,&quot;copyright&quot;:&quot;&quot;,&quot;focal_length&quot;:&quot;200&quot;,&quot;iso&quot;:&quot;200&quot;,&quot;shutter_speed&quot;:&quot;0.00125&quot;,&quot;title&quot;:&quot;&quot;,&quot;orientation&quot;:&quot;0&quot;}\" data-image-title=\"18\" data-image-description=\"\" data-image-caption=\"&lt;p&gt;Foto: Josu\u00e9 Filho\/PMP&lt;\/p&gt;\n\" data-medium-file=\"https:\/\/www.paudalho.pe.gov.br\/portal\/wp-content\/uploads\/2019\/02\/18-350x230.jpg\" data-large-file=\"https:\/\/www.paudalho.pe.gov.br\/portal\/wp-content\/uploads\/2019\/02\/18-800x450.jpg\" src=\"https:\/\/www.paudalho.pe.gov.br\/portal\/wp-content\/uploads\/2019\/02\/18-800x450.jpg\" alt=\"\" data-id=\"6145\" data-link=\"https:\/\/www.paudalho.pe.gov.br\/portal\/tradicional-corrida-de-sao-sebastiao-e-realizada-em-paudalho-e-supera-expectativas\/18-4\/\" class=\"wp-image-6145\"\/><figcaption>Foto: Josu\u00e9 Filho\/PMP<\/figcaption><\/figure><\/li><li class=\"blocks-gallery-item\"><figure><img loading=\"lazy\" decoding=\"async\" width=\"800\" height=\"450\" data-attachment-id=\"6146\" data-permalink=\"https:\/\/www.paudalho.pe.gov.br\/portal\/tradicional-corrida-de-sao-sebastiao-e-realizada-em-paudalho-e-supera-expectativas\/19-4\/\" data-orig-file=\"https:\/\/www.paudalho.pe.gov.br\/portal\/wp-content\/uploads\/2019\/02\/19.jpg\" data-orig-size=\"5312,3541\" data-comments-opened=\"1\" data-image-meta=\"{&quot;aperture&quot;:&quot;3.5&quot;,&quot;credit&quot;:&quot;&quot;,&quot;camera&quot;:&quot;Canon EOS 5D Mark III&quot;,&quot;caption&quot;:&quot;&quot;,&quot;created_timestamp&quot;:&quot;1549812501&quot;,&quot;copyright&quot;:&quot;&quot;,&quot;focal_length&quot;:&quot;170&quot;,&quot;iso&quot;:&quot;200&quot;,&quot;shutter_speed&quot;:&quot;0.00125&quot;,&quot;title&quot;:&quot;&quot;,&quot;orientation&quot;:&quot;0&quot;}\" data-image-title=\"19\" data-image-description=\"\" data-image-caption=\"&lt;p&gt;Foto: Josu\u00e9 Filho\/PMP&lt;\/p&gt;\n\" data-medium-file=\"https:\/\/www.paudalho.pe.gov.br\/portal\/wp-content\/uploads\/2019\/02\/19-350x230.jpg\" data-large-file=\"https:\/\/www.paudalho.pe.gov.br\/portal\/wp-content\/uploads\/2019\/02\/19-800x450.jpg\" src=\"https:\/\/www.paudalho.pe.gov.br\/portal\/wp-content\/uploads\/2019\/02\/19-800x450.jpg\" alt=\"\" data-id=\"6146\" data-link=\"https:\/\/www.paudalho.pe.gov.br\/portal\/tradicional-corrida-de-sao-sebastiao-e-realizada-em-paudalho-e-supera-expectativas\/19-4\/\" class=\"wp-image-6146\"\/><figcaption>Foto: Josu\u00e9 Filho\/PMP<\/figcaption><\/figure><\/li><li class=\"blocks-gallery-item\"><figure><img loading=\"lazy\" decoding=\"async\" width=\"800\" height=\"450\" data-attachment-id=\"6147\" data-permalink=\"https:\/\/www.paudalho.pe.gov.br\/portal\/tradicional-corrida-de-sao-sebastiao-e-realizada-em-paudalho-e-supera-expectativas\/20-2\/\" data-orig-file=\"https:\/\/www.paudalho.pe.gov.br\/portal\/wp-content\/uploads\/2019\/02\/20.jpg\" data-orig-size=\"5760,3840\" data-comments-opened=\"1\" data-image-meta=\"{&quot;aperture&quot;:&quot;3.5&quot;,&quot;credit&quot;:&quot;&quot;,&quot;camera&quot;:&quot;Canon EOS 5D Mark III&quot;,&quot;caption&quot;:&quot;&quot;,&quot;created_timestamp&quot;:&quot;1549812437&quot;,&quot;copyright&quot;:&quot;&quot;,&quot;focal_length&quot;:&quot;200&quot;,&quot;iso&quot;:&quot;200&quot;,&quot;shutter_speed&quot;:&quot;0.0015625&quot;,&quot;title&quot;:&quot;&quot;,&quot;orientation&quot;:&quot;0&quot;}\" data-image-title=\"20\" data-image-description=\"\" data-image-caption=\"&lt;p&gt;Foto: Josu\u00e9 Filho\/PMP&lt;\/p&gt;\n\" data-medium-file=\"https:\/\/www.paudalho.pe.gov.br\/portal\/wp-content\/uploads\/2019\/02\/20-350x230.jpg\" data-large-file=\"https:\/\/www.paudalho.pe.gov.br\/portal\/wp-content\/uploads\/2019\/02\/20-800x450.jpg\" src=\"https:\/\/www.paudalho.pe.gov.br\/portal\/wp-content\/uploads\/2019\/02\/20-800x450.jpg\" alt=\"\" data-id=\"6147\" data-link=\"https:\/\/www.paudalho.pe.gov.br\/portal\/tradicional-corrida-de-sao-sebastiao-e-realizada-em-paudalho-e-supera-expectativas\/20-2\/\" class=\"wp-image-6147\"\/><figcaption>Foto: Josu\u00e9 Filho\/PMP<\/figcaption><\/figure><\/li><li class=\"blocks-gallery-item\"><figure><img loading=\"lazy\" decoding=\"async\" width=\"800\" height=\"450\" data-attachment-id=\"6148\" data-permalink=\"https:\/\/www.paudalho.pe.gov.br\/portal\/tradicional-corrida-de-sao-sebastiao-e-realizada-em-paudalho-e-supera-expectativas\/21-3\/\" data-orig-file=\"https:\/\/www.paudalho.pe.gov.br\/portal\/wp-content\/uploads\/2019\/02\/21.jpg\" data-orig-size=\"3342,4652\" data-comments-opened=\"1\" data-image-meta=\"{&quot;aperture&quot;:&quot;3.5&quot;,&quot;credit&quot;:&quot;&quot;,&quot;camera&quot;:&quot;Canon EOS 5D Mark III&quot;,&quot;caption&quot;:&quot;&quot;,&quot;created_timestamp&quot;:&quot;1549812380&quot;,&quot;copyright&quot;:&quot;&quot;,&quot;focal_length&quot;:&quot;200&quot;,&quot;iso&quot;:&quot;125&quot;,&quot;shutter_speed&quot;:&quot;0.0015625&quot;,&quot;title&quot;:&quot;&quot;,&quot;orientation&quot;:&quot;0&quot;}\" data-image-title=\"21\" data-image-description=\"\" data-image-caption=\"&lt;p&gt;Foto: Josu\u00e9 Filho\/PMP&lt;\/p&gt;\n\" data-medium-file=\"https:\/\/www.paudalho.pe.gov.br\/portal\/wp-content\/uploads\/2019\/02\/21-350x230.jpg\" data-large-file=\"https:\/\/www.paudalho.pe.gov.br\/portal\/wp-content\/uploads\/2019\/02\/21-800x450.jpg\" src=\"https:\/\/www.paudalho.pe.gov.br\/portal\/wp-content\/uploads\/2019\/02\/21-800x450.jpg\" alt=\"\" data-id=\"6148\" data-link=\"https:\/\/www.paudalho.pe.gov.br\/portal\/tradicional-corrida-de-sao-sebastiao-e-realizada-em-paudalho-e-supera-expectativas\/21-3\/\" class=\"wp-image-6148\"\/><figcaption>Foto: Josu\u00e9 Filho\/PMP<\/figcaption><\/figure><\/li><li class=\"blocks-gallery-item\"><figure><img loading=\"lazy\" decoding=\"async\" width=\"800\" height=\"450\" data-attachment-id=\"6149\" data-permalink=\"https:\/\/www.paudalho.pe.gov.br\/portal\/tradicional-corrida-de-sao-sebastiao-e-realizada-em-paudalho-e-supera-expectativas\/22-3\/\" data-orig-file=\"https:\/\/www.paudalho.pe.gov.br\/portal\/wp-content\/uploads\/2019\/02\/22.jpg\" data-orig-size=\"3840,5760\" data-comments-opened=\"1\" data-image-meta=\"{&quot;aperture&quot;:&quot;3.5&quot;,&quot;credit&quot;:&quot;&quot;,&quot;camera&quot;:&quot;Canon EOS 5D Mark III&quot;,&quot;caption&quot;:&quot;&quot;,&quot;created_timestamp&quot;:&quot;1549812378&quot;,&quot;copyright&quot;:&quot;&quot;,&quot;focal_length&quot;:&quot;200&quot;,&quot;iso&quot;:&quot;125&quot;,&quot;shutter_speed&quot;:&quot;0.0015625&quot;,&quot;title&quot;:&quot;&quot;,&quot;orientation&quot;:&quot;0&quot;}\" data-image-title=\"22\" data-image-description=\"\" data-image-caption=\"&lt;p&gt;Foto: Josu\u00e9 Filho\/PMP&lt;\/p&gt;\n\" data-medium-file=\"https:\/\/www.paudalho.pe.gov.br\/portal\/wp-content\/uploads\/2019\/02\/22-350x230.jpg\" data-large-file=\"https:\/\/www.paudalho.pe.gov.br\/portal\/wp-content\/uploads\/2019\/02\/22-800x450.jpg\" src=\"https:\/\/www.paudalho.pe.gov.br\/portal\/wp-content\/uploads\/2019\/02\/22-800x450.jpg\" alt=\"\" data-id=\"6149\" data-link=\"https:\/\/www.paudalho.pe.gov.br\/portal\/tradicional-corrida-de-sao-sebastiao-e-realizada-em-paudalho-e-supera-expectativas\/22-3\/\" class=\"wp-image-6149\"\/><figcaption>Foto: Josu\u00e9 Filho\/PMP<\/figcaption><\/figure><\/li><li class=\"blocks-gallery-item\"><figure><img loading=\"lazy\" decoding=\"async\" width=\"800\" height=\"450\" data-attachment-id=\"6150\" data-permalink=\"https:\/\/www.paudalho.pe.gov.br\/portal\/tradicional-corrida-de-sao-sebastiao-e-realizada-em-paudalho-e-supera-expectativas\/23-3\/\" data-orig-file=\"https:\/\/www.paudalho.pe.gov.br\/portal\/wp-content\/uploads\/2019\/02\/23.jpg\" data-orig-size=\"4392,2928\" data-comments-opened=\"1\" data-image-meta=\"{&quot;aperture&quot;:&quot;3.5&quot;,&quot;credit&quot;:&quot;&quot;,&quot;camera&quot;:&quot;Canon EOS 5D Mark III&quot;,&quot;caption&quot;:&quot;&quot;,&quot;created_timestamp&quot;:&quot;1549812359&quot;,&quot;copyright&quot;:&quot;&quot;,&quot;focal_length&quot;:&quot;200&quot;,&quot;iso&quot;:&quot;125&quot;,&quot;shutter_speed&quot;:&quot;0.00125&quot;,&quot;title&quot;:&quot;&quot;,&quot;orientation&quot;:&quot;0&quot;}\" data-image-title=\"23\" data-image-description=\"\" data-image-caption=\"&lt;p&gt;Foto: Josu\u00e9 Filho\/PMP&lt;\/p&gt;\n\" data-medium-file=\"https:\/\/www.paudalho.pe.gov.br\/portal\/wp-content\/uploads\/2019\/02\/23-350x230.jpg\" data-large-file=\"https:\/\/www.paudalho.pe.gov.br\/portal\/wp-content\/uploads\/2019\/02\/23-800x450.jpg\" src=\"https:\/\/www.paudalho.pe.gov.br\/portal\/wp-content\/uploads\/2019\/02\/23-800x450.jpg\" alt=\"\" data-id=\"6150\" data-link=\"https:\/\/www.paudalho.pe.gov.br\/portal\/tradicional-corrida-de-sao-sebastiao-e-realizada-em-paudalho-e-supera-expectativas\/23-3\/\" class=\"wp-image-6150\"\/><figcaption>Foto: Josu\u00e9 Filho\/PMP<\/figcaption><\/figure><\/li><li class=\"blocks-gallery-item\"><figure><img loading=\"lazy\" decoding=\"async\" width=\"800\" height=\"450\" data-attachment-id=\"6177\" data-permalink=\"https:\/\/www.paudalho.pe.gov.br\/portal\/tradicional-corrida-de-sao-sebastiao-e-realizada-em-paudalho-e-supera-expectativas\/davi4079\/\" data-orig-file=\"https:\/\/www.paudalho.pe.gov.br\/portal\/wp-content\/uploads\/2019\/02\/DAVI4079.jpg\" data-orig-size=\"5760,3840\" data-comments-opened=\"1\" data-image-meta=\"{&quot;aperture&quot;:&quot;4&quot;,&quot;credit&quot;:&quot;&quot;,&quot;camera&quot;:&quot;Canon EOS 5D Mark III&quot;,&quot;caption&quot;:&quot;&quot;,&quot;created_timestamp&quot;:&quot;1549817441&quot;,&quot;copyright&quot;:&quot;&quot;,&quot;focal_length&quot;:&quot;26&quot;,&quot;iso&quot;:&quot;2500&quot;,&quot;shutter_speed&quot;:&quot;0.01&quot;,&quot;title&quot;:&quot;&quot;,&quot;orientation&quot;:&quot;0&quot;}\" data-image-title=\"DAVI4079\" data-image-description=\"\" data-image-caption=\"&lt;p&gt;Foto: Josu\u00e9 Filho\/PMP&lt;\/p&gt;\n\" data-medium-file=\"https:\/\/www.paudalho.pe.gov.br\/portal\/wp-content\/uploads\/2019\/02\/DAVI4079-350x230.jpg\" data-large-file=\"https:\/\/www.paudalho.pe.gov.br\/portal\/wp-content\/uploads\/2019\/02\/DAVI4079-800x450.jpg\" src=\"https:\/\/www.paudalho.pe.gov.br\/portal\/wp-content\/uploads\/2019\/02\/DAVI4079-800x450.jpg\" alt=\"\" data-id=\"6177\" data-link=\"https:\/\/www.paudalho.pe.gov.br\/portal\/tradicional-corrida-de-sao-sebastiao-e-realizada-em-paudalho-e-supera-expectativas\/davi4079\/\" class=\"wp-image-6177\"\/><figcaption>Foto: Josu\u00e9 Filho\/PMP<\/figcaption><\/figure><\/li><li class=\"blocks-gallery-item\"><figure><img loading=\"lazy\" decoding=\"async\" width=\"800\" height=\"450\" data-attachment-id=\"6178\" data-permalink=\"https:\/\/www.paudalho.pe.gov.br\/portal\/tradicional-corrida-de-sao-sebastiao-e-realizada-em-paudalho-e-supera-expectativas\/davi4035\/\" data-orig-file=\"https:\/\/www.paudalho.pe.gov.br\/portal\/wp-content\/uploads\/2019\/02\/DAVI4035.jpg\" data-orig-size=\"5760,3840\" data-comments-opened=\"1\" data-image-meta=\"{&quot;aperture&quot;:&quot;4.5&quot;,&quot;credit&quot;:&quot;&quot;,&quot;camera&quot;:&quot;Canon EOS 5D Mark III&quot;,&quot;caption&quot;:&quot;&quot;,&quot;created_timestamp&quot;:&quot;1549816936&quot;,&quot;copyright&quot;:&quot;&quot;,&quot;focal_length&quot;:&quot;26&quot;,&quot;iso&quot;:&quot;1000&quot;,&quot;shutter_speed&quot;:&quot;0.008&quot;,&quot;title&quot;:&quot;&quot;,&quot;orientation&quot;:&quot;0&quot;}\" data-image-title=\"DAVI4035\" data-image-description=\"\" data-image-caption=\"&lt;p&gt;Foto: Josu\u00e9 Filho\/PMP&lt;\/p&gt;\n\" data-medium-file=\"https:\/\/www.paudalho.pe.gov.br\/portal\/wp-content\/uploads\/2019\/02\/DAVI4035-350x230.jpg\" data-large-file=\"https:\/\/www.paudalho.pe.gov.br\/portal\/wp-content\/uploads\/2019\/02\/DAVI4035-800x450.jpg\" src=\"https:\/\/www.paudalho.pe.gov.br\/portal\/wp-content\/uploads\/2019\/02\/DAVI4035-800x450.jpg\" alt=\"\" data-id=\"6178\" data-link=\"https:\/\/www.paudalho.pe.gov.br\/portal\/tradicional-corrida-de-sao-sebastiao-e-realizada-em-paudalho-e-supera-expectativas\/davi4035\/\" class=\"wp-image-6178\"\/><figcaption>Foto: Josu\u00e9 Filho\/PMP<\/figcaption><\/figure><\/li><li class=\"blocks-gallery-item\"><figure><img loading=\"lazy\" decoding=\"async\" width=\"800\" height=\"450\" data-attachment-id=\"6179\" data-permalink=\"https:\/\/www.paudalho.pe.gov.br\/portal\/tradicional-corrida-de-sao-sebastiao-e-realizada-em-paudalho-e-supera-expectativas\/davi4084\/\" data-orig-file=\"https:\/\/www.paudalho.pe.gov.br\/portal\/wp-content\/uploads\/2019\/02\/DAVI4084.jpg\" data-orig-size=\"5760,3840\" data-comments-opened=\"1\" data-image-meta=\"{&quot;aperture&quot;:&quot;3.5&quot;,&quot;credit&quot;:&quot;&quot;,&quot;camera&quot;:&quot;Canon EOS 5D Mark III&quot;,&quot;caption&quot;:&quot;&quot;,&quot;created_timestamp&quot;:&quot;1549817566&quot;,&quot;copyright&quot;:&quot;&quot;,&quot;focal_length&quot;:&quot;26&quot;,&quot;iso&quot;:&quot;3200&quot;,&quot;shutter_speed&quot;:&quot;0.0125&quot;,&quot;title&quot;:&quot;&quot;,&quot;orientation&quot;:&quot;0&quot;}\" data-image-title=\"DAVI4084\" data-image-description=\"\" data-image-caption=\"&lt;p&gt;Foto: Josu\u00e9 Filho\/PMP&lt;\/p&gt;\n\" data-medium-file=\"https:\/\/www.paudalho.pe.gov.br\/portal\/wp-content\/uploads\/2019\/02\/DAVI4084-350x230.jpg\" data-large-file=\"https:\/\/www.paudalho.pe.gov.br\/portal\/wp-content\/uploads\/2019\/02\/DAVI4084-800x450.jpg\" src=\"https:\/\/www.paudalho.pe.gov.br\/portal\/wp-content\/uploads\/2019\/02\/DAVI4084-800x450.jpg\" alt=\"\" data-id=\"6179\" data-link=\"https:\/\/www.paudalho.pe.gov.br\/portal\/tradicional-corrida-de-sao-sebastiao-e-realizada-em-paudalho-e-supera-expectativas\/davi4084\/\" class=\"wp-image-6179\"\/><figcaption>Foto: Josu\u00e9 Filho\/PMP<\/figcaption><\/figure><\/li><li class=\"blocks-gallery-item\"><figure><img loading=\"lazy\" decoding=\"async\" width=\"800\" height=\"450\" data-attachment-id=\"6180\" data-permalink=\"https:\/\/www.paudalho.pe.gov.br\/portal\/tradicional-corrida-de-sao-sebastiao-e-realizada-em-paudalho-e-supera-expectativas\/davi4095-2\/\" data-orig-file=\"https:\/\/www.paudalho.pe.gov.br\/portal\/wp-content\/uploads\/2019\/02\/DAVI4095-1.jpg\" data-orig-size=\"5760,3840\" data-comments-opened=\"1\" data-image-meta=\"{&quot;aperture&quot;:&quot;3.5&quot;,&quot;credit&quot;:&quot;&quot;,&quot;camera&quot;:&quot;Canon EOS 5D Mark III&quot;,&quot;caption&quot;:&quot;&quot;,&quot;created_timestamp&quot;:&quot;1549817612&quot;,&quot;copyright&quot;:&quot;&quot;,&quot;focal_length&quot;:&quot;24&quot;,&quot;iso&quot;:&quot;3200&quot;,&quot;shutter_speed&quot;:&quot;0.0125&quot;,&quot;title&quot;:&quot;&quot;,&quot;orientation&quot;:&quot;0&quot;}\" data-image-title=\"DAVI4095\" data-image-description=\"\" data-image-caption=\"&lt;p&gt;Foto: Josu\u00e9 Filho\/PMP&lt;\/p&gt;\n\" data-medium-file=\"https:\/\/www.paudalho.pe.gov.br\/portal\/wp-content\/uploads\/2019\/02\/DAVI4095-1-350x230.jpg\" data-large-file=\"https:\/\/www.paudalho.pe.gov.br\/portal\/wp-content\/uploads\/2019\/02\/DAVI4095-1-800x450.jpg\" src=\"https:\/\/www.paudalho.pe.gov.br\/portal\/wp-content\/uploads\/2019\/02\/DAVI4095-1-800x450.jpg\" alt=\"\" data-id=\"6180\" data-link=\"https:\/\/www.paudalho.pe.gov.br\/portal\/tradicional-corrida-de-sao-sebastiao-e-realizada-em-paudalho-e-supera-expectativas\/davi4095-2\/\" class=\"wp-image-6180\"\/><figcaption>Foto: Josu\u00e9 Filho\/PMP<\/figcaption><\/figure><\/li><li class=\"blocks-gallery-item\"><figure><img loading=\"lazy\" decoding=\"async\" width=\"800\" height=\"450\" data-attachment-id=\"6181\" data-permalink=\"https:\/\/www.paudalho.pe.gov.br\/portal\/tradicional-corrida-de-sao-sebastiao-e-realizada-em-paudalho-e-supera-expectativas\/davi4037\/\" data-orig-file=\"https:\/\/www.paudalho.pe.gov.br\/portal\/wp-content\/uploads\/2019\/02\/DAVI4037.jpg\" data-orig-size=\"5760,3840\" data-comments-opened=\"1\" data-image-meta=\"{&quot;aperture&quot;:&quot;4.5&quot;,&quot;credit&quot;:&quot;&quot;,&quot;camera&quot;:&quot;Canon EOS 5D Mark III&quot;,&quot;caption&quot;:&quot;&quot;,&quot;created_timestamp&quot;:&quot;1549816943&quot;,&quot;copyright&quot;:&quot;&quot;,&quot;focal_length&quot;:&quot;37&quot;,&quot;iso&quot;:&quot;1000&quot;,&quot;shutter_speed&quot;:&quot;0.01&quot;,&quot;title&quot;:&quot;&quot;,&quot;orientation&quot;:&quot;0&quot;}\" data-image-title=\"DAVI4037\" data-image-description=\"\" data-image-caption=\"&lt;p&gt;Foto: Josu\u00e9 Filho\/PMP&lt;\/p&gt;\n\" data-medium-file=\"https:\/\/www.paudalho.pe.gov.br\/portal\/wp-content\/uploads\/2019\/02\/DAVI4037-350x230.jpg\" data-large-file=\"https:\/\/www.paudalho.pe.gov.br\/portal\/wp-content\/uploads\/2019\/02\/DAVI4037-800x450.jpg\" src=\"https:\/\/www.paudalho.pe.gov.br\/portal\/wp-content\/uploads\/2019\/02\/DAVI4037-800x450.jpg\" alt=\"\" data-id=\"6181\" data-link=\"https:\/\/www.paudalho.pe.gov.br\/portal\/tradicional-corrida-de-sao-sebastiao-e-realizada-em-paudalho-e-supera-expectativas\/davi4037\/\" class=\"wp-image-6181\"\/><figcaption>Foto: Josu\u00e9 Filho\/PMP<\/figcaption><\/figure><\/li><\/ul>\n","protected":false},"excerpt":{"rendered":"<p>Noventa e dois atletas participaram no \u00faltimo domingo (10), da 20\u00ba Corrida de S\u00e3o Sebasti\u00e3o. &nbsp;Tradicional, a competi\u00e7\u00e3o ainda contou com corredores de outras localidades, como do estado da Para\u00edba. A edi\u00e7\u00e3o de 2019 se estendeu por diversas ruas do Munic\u00edpio em um percurso de sete quil\u00f4metros. Corrida superou expectativas De acordo com a Secretaria [&hellip;]<\/p>\n","protected":false},"author":4,"featured_media":6111,"comment_status":"open","ping_status":"open","sticky":false,"template":"","format":"standard","meta":{"_jetpack_newsletter_access":"","_jetpack_dont_email_post_to_subs":false,"_jetpack_newsletter_tier_id":0,"_jetpack_memberships_contains_paywalled_content":false,"_jetpack_memberships_contains_paid_content":false,"footnotes":""},"categories":[2,7],"tags":[245],"class_list":["post-6109","post","type-post","status-publish","format-standard","has-post-thumbnail","hentry","category-destaque","category-esportes","tag-corrida-de-sao-sebastiao"],"jetpack_featured_media_url":"https:\/\/www.paudalho.pe.gov.br\/portal\/wp-content\/uploads\/2019\/02\/DAVI3334.jpg","jetpack_sharing_enabled":true,"jetpack_shortlink":"https:\/\/wp.me\/p98mS2-1Ax","_links":{"self":[{"href":"https:\/\/www.paudalho.pe.gov.br\/portal\/wp-json\/wp\/v2\/posts\/6109","targetHints":{"allow":["GET"]}}],"collection":[{"href":"https:\/\/www.paudalho.pe.gov.br\/portal\/wp-json\/wp\/v2\/posts"}],"about":[{"href":"https:\/\/www.paudalho.pe.gov.br\/portal\/wp-json\/wp\/v2\/types\/post"}],"author":[{"embeddable":true,"href":"https:\/\/www.paudalho.pe.gov.br\/portal\/wp-json\/wp\/v2\/users\/4"}],"replies":[{"embeddable":true,"href":"https:\/\/www.paudalho.pe.gov.br\/portal\/wp-json\/wp\/v2\/comments?post=6109"}],"version-history":[{"count":6,"href":"https:\/\/www.paudalho.pe.gov.br\/portal\/wp-json\/wp\/v2\/posts\/6109\/revisions"}],"predecessor-version":[{"id":6237,"href":"https:\/\/www.paudalho.pe.gov.br\/portal\/wp-json\/wp\/v2\/posts\/6109\/revisions\/6237"}],"wp:featuredmedia":[{"embeddable":true,"href":"https:\/\/www.paudalho.pe.gov.br\/portal\/wp-json\/wp\/v2\/media\/6111"}],"wp:attachment":[{"href":"https:\/\/www.paudalho.pe.gov.br\/portal\/wp-json\/wp\/v2\/media?parent=6109"}],"wp:term":[{"taxonomy":"category","embeddable":true,"href":"https:\/\/www.paudalho.pe.gov.br\/portal\/wp-json\/wp\/v2\/categories?post=6109"},{"taxonomy":"post_tag","embeddable":true,"href":"https:\/\/www.paudalho.pe.gov.br\/portal\/wp-json\/wp\/v2\/tags?post=6109"}],"curies":[{"name":"wp","href":"https:\/\/api.w.org\/{rel}","templated":true}]}}