{"id":5957,"date":"2019-02-11T15:06:36","date_gmt":"2019-02-11T18:06:36","guid":{"rendered":"https:\/\/www.paudalho.pe.gov.br\/portal\/?p=5957"},"modified":"2019-02-15T10:10:32","modified_gmt":"2019-02-15T13:10:32","slug":"divulgado-o-resultado-preliminar-da-selecao-simplificada-publica-para-seduc-paudalho","status":"publish","type":"post","link":"https:\/\/www.paudalho.pe.gov.br\/portal\/divulgado-o-resultado-preliminar-da-selecao-simplificada-publica-para-seduc-paudalho\/","title":{"rendered":"Divulgado o resultado preliminar da Sele\u00e7\u00e3o Simplificada P\u00fablica para SEDUC Paudalho"},"content":{"rendered":"\n<p>A Secretaria Municipal de Educa\u00e7\u00e3o divulgou nesta\nsegunda-feira (11) o resultado preliminar da Sele\u00e7\u00e3o Simplificada P\u00fablica para\na Secretaria Municipal de Educa\u00e7\u00e3o de Paudalho. <\/p>\n\n\n\n<p><strong>Confira o resultado: <\/strong><\/p>\n\n\n\n<h2 class=\"wp-block-heading\"><a href=\"https:\/\/www.paudalho.pe.gov.br\/portal\/wp-content\/uploads\/2019\/02\/SELE\u00c7\u00c3O-SIMPLIFICADA-PROFESSOR-ED.-INFANTIL-ANOS-INICIAIS.pdf\" target=\"_black\" class=\"btn btn-primary\"><i class=\"fas fa-tasks\"><\/i> ED. INFANTIL E ANOS INICIAS<\/a>\n<br><br>\n\n<a href=\"https:\/\/www.paudalho.pe.gov.br\/portal\/wp-content\/uploads\/2019\/02\/SELE\u00c7\u00c3O-SIMPLIFICADA-INTERPRETE-PUBLICA\u00c7\u00c3O-BRAILE.pdf\" target=\"_black\" class=\"btn btn-primary\"><i class=\"fas fa-tasks\"><\/i> INT\u00c9RPRETE BRAILE <\/a>\n<br><br>\n\n<a href=\"https:\/\/www.paudalho.pe.gov.br\/portal\/wp-content\/uploads\/2019\/02\/SELE\u00c7\u00c3O-SIMPLIFICADA-INTERPRETE-PUBLICA\u00c7\u00c3O-LIBRAS.pdf\" target=\"_black\" class=\"btn btn-primary\"><i class=\"fas fa-tasks\"><\/i> INTERPRETE LIBRAS <\/a>\n<br><br>\n\n<a href=\"https:\/\/www.paudalho.pe.gov.br\/portal\/wp-content\/uploads\/2019\/02\/SELE\u00c7\u00c3O-SIMPLIFICADA-PROFESSOR-CIENCIAS.pdf\" target=\"_black\" class=\"btn btn-primary\"><i class=\"fas fa-tasks\"><\/i> CI\u00caNCIAS <\/a>\n<br><br>\n\n<a href=\"https:\/\/www.paudalho.pe.gov.br\/portal\/wp-content\/uploads\/2019\/02\/SELE\u00c7\u00c3O-SIMPLIFICADA-PROFESSOR-ED-FISICA.pdf\" target=\"_black\" class=\"btn btn-primary\"><i class=\"fas fa-tasks\"><\/i> ED. FISICA <\/a>\n<br><br>\n\n<a href=\"https:\/\/www.paudalho.pe.gov.br\/portal\/wp-content\/uploads\/2019\/02\/SELE\u00c7\u00c3O-SIMPLIFICADA-PROFESSOR-ESPANHOL.pdf\" target=\"_black\" class=\"btn btn-primary\"><i class=\"fas fa-tasks\"><\/i> ESPANHOL <\/a>\n<br><br>\n\n<a href=\"https:\/\/www.paudalho.pe.gov.br\/portal\/wp-content\/uploads\/2019\/02\/SELE\u00c7\u00c3O-SIMPLIFICADA-PROFESSOR-GEOGRAFIA.pdf\" target=\"_black\" class=\"btn btn-primary\"><i class=\"fas fa-tasks\"><\/i> GEOGRAFIA <\/a>\n<br><br>\n\n<a href=\"https:\/\/www.paudalho.pe.gov.br\/portal\/wp-content\/uploads\/2019\/02\/SELE\u00c7\u00c3O-SIMPLIFICADA-PROFESSOR-PORTUGU\u00caS-1.pdf\" target=\"_black\" class=\"btn btn-primary\"><i class=\"fas fa-tasks\"><\/i> PORTUGU\u00caS <\/a>\n<br><br>\n\n<a href=\"https:\/\/www.paudalho.pe.gov.br\/portal\/wp-content\/uploads\/2019\/02\/SELE\u00c7\u00c3O-SIMPLIFICADA-PROFESSOR-INGL\u00caS.pdf\" target=\"_black\" class=\"btn btn-primary\"><i class=\"fas fa-tasks\"><\/i> INGL\u00caS <\/a>\n<br><br>\n\n<a href=\"https:\/\/www.paudalho.pe.gov.br\/portal\/wp-content\/uploads\/2019\/02\/SELE\u00c7\u00c3O-SIMPLIFICADA-PROFESSOR-MATEMATICA.pdf\" target=\"_black\" class=\"btn btn-primary\"><i class=\"fas fa-tasks\"><\/i> MATEM\u00c1TICA <\/a>\n<br><br>\n\n<a href=\"https:\/\/www.paudalho.pe.gov.br\/portal\/wp-content\/uploads\/2019\/02\/SELE\u00c7\u00c3O-SIMPLIFICADA-PROFESSOR-HISTORIA.pdf\" target=\"_black\" class=\"btn btn-primary\"><i class=\"fas fa-tasks\"><\/i> HIST\u00d3RIA <\/a>\n<br><br>\n\n\n\n<\/h2>\n\n\n\n<p><\/p>\n\n\n\n<h3 class=\"wp-block-heading\">Pr\u00f3ximos passos <\/h3>\n\n\n\n<p>Nesta ter\u00e7a-feira (12) e quarta-feira (13) ser\u00e1 realizado o recebimento\nde recurso contra classifica\u00e7\u00e3o, de forma presencial, na sede da Secretaria\nMunicipal de Educa\u00e7\u00e3o, que fica na Pra\u00e7a Pedro Coutinho, n\u00ba 69, no Centro da\ncidade, das 8h \u00e0s 16h. Na pr\u00f3xima quinta-feira (14) ocorrer\u00e1 o julgamento do\nrecurso. J\u00e1 o resultado final ser\u00e1 apresentado na sexta-feira (15), aqui em\nnosso site e no endere\u00e7o eletr\u00f4nico da Associa\u00e7\u00e3o Municipalista de Pernambuco\n(AMUPE).<\/p>\n\n\n\n<p>O processo seletivo simplificado visa a contrata\u00e7\u00e3o tempor\u00e1ria de 142 profissionais da Educa\u00e7\u00e3o, que entre eles est\u00e3o professores da Educa\u00e7\u00e3o Infantil, Anos Iniciais e Finais.<\/p>\n","protected":false},"excerpt":{"rendered":"<p>A Secretaria Municipal de Educa\u00e7\u00e3o divulgou nesta segunda-feira (11) o resultado preliminar da Sele\u00e7\u00e3o Simplificada P\u00fablica para a Secretaria Municipal de Educa\u00e7\u00e3o de Paudalho. Confira o resultado: ED. INFANTIL E ANOS INICIAS INT\u00c9RPRETE BRAILE INTERPRETE LIBRAS CI\u00caNCIAS ED. FISICA ESPANHOL GEOGRAFIA PORTUGU\u00caS INGL\u00caS MATEM\u00c1TICA HIST\u00d3RIA Pr\u00f3ximos passos Nesta ter\u00e7a-feira (12) e quarta-feira (13) ser\u00e1 realizado [&hellip;]<\/p>\n","protected":false},"author":4,"featured_media":5980,"comment_status":"open","ping_status":"open","sticky":false,"template":"","format":"standard","meta":{"_jetpack_newsletter_access":"","_jetpack_dont_email_post_to_subs":false,"_jetpack_newsletter_tier_id":0,"_jetpack_memberships_contains_paywalled_content":false,"_jetpack_memberships_contains_paid_content":false,"footnotes":""},"categories":[2,4,1],"tags":[30,427],"class_list":["post-5957","post","type-post","status-publish","format-standard","has-post-thumbnail","hentry","category-destaque","category-educacao","category-noticias","tag-educacao","tag-selecao-simplificada-publica"],"jetpack_featured_media_url":"https:\/\/www.paudalho.pe.gov.br\/portal\/wp-content\/uploads\/2019\/02\/bcde80cb-b15e-482d-86a1-cb6d6fed83d3.jpg","jetpack_sharing_enabled":true,"jetpack_shortlink":"https:\/\/wp.me\/p98mS2-1y5","_links":{"self":[{"href":"https:\/\/www.paudalho.pe.gov.br\/portal\/wp-json\/wp\/v2\/posts\/5957","targetHints":{"allow":["GET"]}}],"collection":[{"href":"https:\/\/www.paudalho.pe.gov.br\/portal\/wp-json\/wp\/v2\/posts"}],"about":[{"href":"https:\/\/www.paudalho.pe.gov.br\/portal\/wp-json\/wp\/v2\/types\/post"}],"author":[{"embeddable":true,"href":"https:\/\/www.paudalho.pe.gov.br\/portal\/wp-json\/wp\/v2\/users\/4"}],"replies":[{"embeddable":true,"href":"https:\/\/www.paudalho.pe.gov.br\/portal\/wp-json\/wp\/v2\/comments?post=5957"}],"version-history":[{"count":12,"href":"https:\/\/www.paudalho.pe.gov.br\/portal\/wp-json\/wp\/v2\/posts\/5957\/revisions"}],"predecessor-version":[{"id":6307,"href":"https:\/\/www.paudalho.pe.gov.br\/portal\/wp-json\/wp\/v2\/posts\/5957\/revisions\/6307"}],"wp:featuredmedia":[{"embeddable":true,"href":"https:\/\/www.paudalho.pe.gov.br\/portal\/wp-json\/wp\/v2\/media\/5980"}],"wp:attachment":[{"href":"https:\/\/www.paudalho.pe.gov.br\/portal\/wp-json\/wp\/v2\/media?parent=5957"}],"wp:term":[{"taxonomy":"category","embeddable":true,"href":"https:\/\/www.paudalho.pe.gov.br\/portal\/wp-json\/wp\/v2\/categories?post=5957"},{"taxonomy":"post_tag","embeddable":true,"href":"https:\/\/www.paudalho.pe.gov.br\/portal\/wp-json\/wp\/v2\/tags?post=5957"}],"curies":[{"name":"wp","href":"https:\/\/api.w.org\/{rel}","templated":true}]}}