{"id":5800,"date":"2019-02-04T11:19:35","date_gmt":"2019-02-04T14:19:35","guid":{"rendered":"https:\/\/www.paudalho.pe.gov.br\/portal\/?p=5800"},"modified":"2019-02-13T11:30:35","modified_gmt":"2019-02-13T14:30:35","slug":"2o-festival-de-futsal-de-paudalho-movimenta-o-municipio-nesta-semana","status":"publish","type":"post","link":"https:\/\/www.paudalho.pe.gov.br\/portal\/2o-festival-de-futsal-de-paudalho-movimenta-o-municipio-nesta-semana\/","title":{"rendered":"2\u00ba Festival de Futsal de Paudalho movimenta o Munic\u00edpio nesta semana"},"content":{"rendered":"\n<p>Atrav\u00e9s do esporte o ser humano consegue desenvolver suas capacidades f\u00edsicas, psicol\u00f3gicas, educacionais e disciplinares. No objetivo de continuar promovendo o bem-estar de adolescentes e jovens da cidade, a Prefeitura do Paudalho por meio da Secretaria de Esportes, Juventude, Lazer e Desenvolvimento Econ\u00f4mico realiza desta ter\u00e7a-feira (5) at\u00e9 a sexta-feira (8) o 2\u00b0 Festival de Futsal de Paudalho. <\/p>\n\n\n\n<p>O evento ocorrer\u00e1 nas quadras de esportes da Academia da Sa\u00fade, Centro da cidade, a partir das 13h30. O Festival ter\u00e1 a participa\u00e7\u00e3o de equipes, projetos sociais e escolinhas de futsal do Munic\u00edpio que trabalham com as categorias Sub 11, Sub 13, Sub 15 e Sub 17.<\/p>\n\n\n\n<h3 class=\"wp-block-heading\">Promovendo a integra\u00e7\u00e3o<\/h3>\n\n\n\n<p>O secret\u00e1rio-executivo de Esportes do Munic\u00edpio, Di\u00f3genes Porf\u00edrio, destaca que o objetivo da a\u00e7\u00e3o \u00e9 de promover integra\u00e7\u00e3o.<em> \u201cA a\u00e7\u00e3o tem o objetivo de promover a participa\u00e7\u00e3o, integra\u00e7\u00e3o e socializa\u00e7\u00e3o entre crian\u00e7as e adolescentes de diversas comunidades da nossa cidade. Esperamos realizar mais uma grande a\u00e7\u00e3o esportiva em nosso munic\u00edpio\u201d<\/em>, disse.<\/p>\n\n\n\n<figure class=\"wp-block-image\"><img loading=\"lazy\" decoding=\"async\" width=\"1251\" height=\"1280\" data-attachment-id=\"5803\" data-permalink=\"https:\/\/www.paudalho.pe.gov.br\/portal\/2o-festival-de-futsal-de-paudalho-movimenta-o-municipio-nesta-semana\/234341ea-18f6-4667-bc5c-48382e373590-1-2\/\" data-orig-file=\"https:\/\/www.paudalho.pe.gov.br\/portal\/wp-content\/uploads\/2019\/02\/234341ea-18f6-4667-bc5c-48382e373590-1-1.jpg\" data-orig-size=\"1251,1280\" data-comments-opened=\"1\" data-image-meta=\"{&quot;aperture&quot;:&quot;0&quot;,&quot;credit&quot;:&quot;&quot;,&quot;camera&quot;:&quot;&quot;,&quot;caption&quot;:&quot;&quot;,&quot;created_timestamp&quot;:&quot;0&quot;,&quot;copyright&quot;:&quot;&quot;,&quot;focal_length&quot;:&quot;0&quot;,&quot;iso&quot;:&quot;0&quot;,&quot;shutter_speed&quot;:&quot;0&quot;,&quot;title&quot;:&quot;&quot;,&quot;orientation&quot;:&quot;0&quot;}\" data-image-title=\"234341ea-18f6-4667-bc5c-48382e373590 (1)\" data-image-description=\"\" data-image-caption=\"\" data-medium-file=\"https:\/\/www.paudalho.pe.gov.br\/portal\/wp-content\/uploads\/2019\/02\/234341ea-18f6-4667-bc5c-48382e373590-1-1-350x230.jpg\" data-large-file=\"https:\/\/www.paudalho.pe.gov.br\/portal\/wp-content\/uploads\/2019\/02\/234341ea-18f6-4667-bc5c-48382e373590-1-1-800x450.jpg\" src=\"https:\/\/i1.wp.com\/www.paudalho.pe.gov.br\/portal\/wp-content\/uploads\/2019\/02\/234341ea-18f6-4667-bc5c-48382e373590-1-1.jpg?resize=800%2C450&amp;ssl=1\" alt=\"\" class=\"wp-image-5803\" srcset=\"https:\/\/www.paudalho.pe.gov.br\/portal\/wp-content\/uploads\/2019\/02\/234341ea-18f6-4667-bc5c-48382e373590-1-1.jpg 1251w, https:\/\/www.paudalho.pe.gov.br\/portal\/wp-content\/uploads\/2019\/02\/234341ea-18f6-4667-bc5c-48382e373590-1-1-768x786.jpg 768w\" sizes=\"auto, (max-width: 1251px) 100vw, 1251px\" \/><\/figure>\n","protected":false},"excerpt":{"rendered":"<p>Atrav\u00e9s do esporte o ser humano consegue desenvolver suas capacidades f\u00edsicas, psicol\u00f3gicas, educacionais e disciplinares. No objetivo de continuar promovendo o bem-estar de adolescentes e jovens da cidade, a Prefeitura do Paudalho por meio da Secretaria de Esportes, Juventude, Lazer e Desenvolvimento Econ\u00f4mico realiza desta ter\u00e7a-feira (5) at\u00e9 a sexta-feira (8) o 2\u00b0 Festival de [&hellip;]<\/p>\n","protected":false},"author":4,"featured_media":5802,"comment_status":"open","ping_status":"open","sticky":false,"template":"","format":"standard","meta":{"_jetpack_newsletter_access":"","_jetpack_dont_email_post_to_subs":false,"_jetpack_newsletter_tier_id":0,"_jetpack_memberships_contains_paywalled_content":false,"_jetpack_memberships_contains_paid_content":false,"footnotes":""},"categories":[7,1],"tags":[428,121],"class_list":["post-5800","post","type-post","status-publish","format-standard","has-post-thumbnail","hentry","category-esportes","category-noticias","tag-2o-festival-de-futsal-de-paudalho","tag-esporte"],"jetpack_featured_media_url":"https:\/\/www.paudalho.pe.gov.br\/portal\/wp-content\/uploads\/2019\/02\/futsal-reproducao-vvale.jpg","jetpack_sharing_enabled":true,"jetpack_shortlink":"https:\/\/wp.me\/p98mS2-1vy","_links":{"self":[{"href":"https:\/\/www.paudalho.pe.gov.br\/portal\/wp-json\/wp\/v2\/posts\/5800","targetHints":{"allow":["GET"]}}],"collection":[{"href":"https:\/\/www.paudalho.pe.gov.br\/portal\/wp-json\/wp\/v2\/posts"}],"about":[{"href":"https:\/\/www.paudalho.pe.gov.br\/portal\/wp-json\/wp\/v2\/types\/post"}],"author":[{"embeddable":true,"href":"https:\/\/www.paudalho.pe.gov.br\/portal\/wp-json\/wp\/v2\/users\/4"}],"replies":[{"embeddable":true,"href":"https:\/\/www.paudalho.pe.gov.br\/portal\/wp-json\/wp\/v2\/comments?post=5800"}],"version-history":[{"count":3,"href":"https:\/\/www.paudalho.pe.gov.br\/portal\/wp-json\/wp\/v2\/posts\/5800\/revisions"}],"predecessor-version":[{"id":5826,"href":"https:\/\/www.paudalho.pe.gov.br\/portal\/wp-json\/wp\/v2\/posts\/5800\/revisions\/5826"}],"wp:featuredmedia":[{"embeddable":true,"href":"https:\/\/www.paudalho.pe.gov.br\/portal\/wp-json\/wp\/v2\/media\/5802"}],"wp:attachment":[{"href":"https:\/\/www.paudalho.pe.gov.br\/portal\/wp-json\/wp\/v2\/media?parent=5800"}],"wp:term":[{"taxonomy":"category","embeddable":true,"href":"https:\/\/www.paudalho.pe.gov.br\/portal\/wp-json\/wp\/v2\/categories?post=5800"},{"taxonomy":"post_tag","embeddable":true,"href":"https:\/\/www.paudalho.pe.gov.br\/portal\/wp-json\/wp\/v2\/tags?post=5800"}],"curies":[{"name":"wp","href":"https:\/\/api.w.org\/{rel}","templated":true}]}}