{"id":5755,"date":"2019-01-29T12:24:42","date_gmt":"2019-01-29T15:24:42","guid":{"rendered":"https:\/\/www.paudalho.pe.gov.br\/portal\/?p=5755"},"modified":"2019-01-29T13:08:18","modified_gmt":"2019-01-29T16:08:18","slug":"em-parceria-com-a-unicef-prefeitura-do-paudalho-combate-a-exclusao-escolar-no-municipio","status":"publish","type":"post","link":"https:\/\/www.paudalho.pe.gov.br\/portal\/em-parceria-com-a-unicef-prefeitura-do-paudalho-combate-a-exclusao-escolar-no-municipio\/","title":{"rendered":"Em parceria com a UNICEF, Prefeitura do Paudalho combate a exclus\u00e3o escolar no Munic\u00edpio"},"content":{"rendered":"\n<p>No objetivo de combater a exclus\u00e3o escolar no Munic\u00edpio, a Prefeitura do Paudalho por meio da Secretaria de Educa\u00e7\u00e3o aderiu o Programa Busca Ativa Escolar. A plataforma foi desenvolvida pelo Fundo das Na\u00e7\u00f5es Unidas para a Inf\u00e2ncia (UNICEF) em parceria com a Uni\u00e3o Nacional dos Dirigentes Municipais de Educa\u00e7\u00e3o (Undime), o Colegiado Nacional de Gestores Municipais de Assist\u00eancia Social (Congemas) e o Instituto TIM.<a href=\"https:\/\/buscaativaescolar.org.br\/\"> o Programa Busca Ativa Escolar pode ser acessado pelo aqu<\/a>i!<\/p>\n\n\n\n<p>Por meio da plataforma online \u00e9 poss\u00edvel identificar o registro, o controle e o acompanhamento de crian\u00e7as e adolescentes que est\u00e3o fora da escola ou em risco de evas\u00e3o no Munic\u00edpio. V\u00e1rias a\u00e7\u00f5es mobilizadoras e formativas j\u00e1 foram realizadas atrav\u00e9s da Pasta, como por exemplo: encontros intersetoriais que permitiram constituir uma rede coesa e integrada de agentes implicados na garantia do direito de aprender de cada crian\u00e7a e adolescente. <\/p>\n\n\n\n<figure class=\"wp-block-image\"><img loading=\"lazy\" decoding=\"async\" width=\"1280\" height=\"853\" data-attachment-id=\"5761\" data-permalink=\"https:\/\/www.paudalho.pe.gov.br\/portal\/em-parceria-com-a-unicef-prefeitura-do-paudalho-combate-a-exclusao-escolar-no-municipio\/751308f4-41ed-4cdd-83a6-2a04ecf1132a\/\" data-orig-file=\"https:\/\/www.paudalho.pe.gov.br\/portal\/wp-content\/uploads\/2019\/01\/751308f4-41ed-4cdd-83a6-2a04ecf1132a.jpg\" data-orig-size=\"1280,853\" data-comments-opened=\"1\" data-image-meta=\"{&quot;aperture&quot;:&quot;0&quot;,&quot;credit&quot;:&quot;&quot;,&quot;camera&quot;:&quot;&quot;,&quot;caption&quot;:&quot;&quot;,&quot;created_timestamp&quot;:&quot;0&quot;,&quot;copyright&quot;:&quot;&quot;,&quot;focal_length&quot;:&quot;0&quot;,&quot;iso&quot;:&quot;0&quot;,&quot;shutter_speed&quot;:&quot;0&quot;,&quot;title&quot;:&quot;&quot;,&quot;orientation&quot;:&quot;0&quot;}\" data-image-title=\"751308f4-41ed-4cdd-83a6-2a04ecf1132a\" data-image-description=\"\" data-image-caption=\"\" data-medium-file=\"https:\/\/www.paudalho.pe.gov.br\/portal\/wp-content\/uploads\/2019\/01\/751308f4-41ed-4cdd-83a6-2a04ecf1132a-350x230.jpg\" data-large-file=\"https:\/\/www.paudalho.pe.gov.br\/portal\/wp-content\/uploads\/2019\/01\/751308f4-41ed-4cdd-83a6-2a04ecf1132a-800x450.jpg\" src=\"https:\/\/i1.wp.com\/www.paudalho.pe.gov.br\/portal\/wp-content\/uploads\/2019\/01\/751308f4-41ed-4cdd-83a6-2a04ecf1132a.jpg?resize=800%2C450&amp;ssl=1\" alt=\"\" class=\"wp-image-5761\" srcset=\"https:\/\/www.paudalho.pe.gov.br\/portal\/wp-content\/uploads\/2019\/01\/751308f4-41ed-4cdd-83a6-2a04ecf1132a.jpg 1280w, https:\/\/www.paudalho.pe.gov.br\/portal\/wp-content\/uploads\/2019\/01\/751308f4-41ed-4cdd-83a6-2a04ecf1132a-768x512.jpg 768w\" sizes=\"auto, (max-width: 1280px) 100vw, 1280px\" \/><figcaption>Foto: Josu\u00e9 Filho\/PMP<\/figcaption><\/figure>\n\n\n\n<h3 class=\"wp-block-heading\">Em campo<\/h3>\n\n\n\n<p>O trabalho em campo \u00e9 realizado atrav\u00e9s da parceria da Secretaria de Educa\u00e7\u00e3o com as Secretarias de Sa\u00fade e de Desenvolvimento e Assist\u00eancia Social. Os agentes comunit\u00e1rios de Sa\u00fade B\u00e1sica recebem capacita\u00e7\u00e3o para visitar lares e aplicar question\u00e1rios de alerta juntos \u00e0s fam\u00edlias. J\u00e1 a Secretaria de Desenvolvimento e Assist\u00eancia Social encontra-se pronta para agir nas causas de crian\u00e7as que n\u00e3o estejam frequentando a escola devido \u00e0 vulnerabilidade social. <\/p>\n\n\n\n<p>Nesta ter\u00e7a-feira (29) a Secretaria de Educa\u00e7\u00e3o realizou forma\u00e7\u00f5es para os agentes. A programa\u00e7\u00e3o se estende durante esta quarta-feira (30).<\/p>\n\n\n\n<figure class=\"wp-block-image\"><img loading=\"lazy\" decoding=\"async\" width=\"1280\" height=\"960\" data-attachment-id=\"5758\" data-permalink=\"https:\/\/www.paudalho.pe.gov.br\/portal\/em-parceria-com-a-unicef-prefeitura-do-paudalho-combate-a-exclusao-escolar-no-municipio\/767e7c7d-0d0c-4c20-9c38-a0fa1c414468\/\" data-orig-file=\"https:\/\/www.paudalho.pe.gov.br\/portal\/wp-content\/uploads\/2019\/01\/767e7c7d-0d0c-4c20-9c38-a0fa1c414468.jpg\" data-orig-size=\"1280,960\" data-comments-opened=\"1\" data-image-meta=\"{&quot;aperture&quot;:&quot;0&quot;,&quot;credit&quot;:&quot;&quot;,&quot;camera&quot;:&quot;&quot;,&quot;caption&quot;:&quot;&quot;,&quot;created_timestamp&quot;:&quot;0&quot;,&quot;copyright&quot;:&quot;&quot;,&quot;focal_length&quot;:&quot;0&quot;,&quot;iso&quot;:&quot;0&quot;,&quot;shutter_speed&quot;:&quot;0&quot;,&quot;title&quot;:&quot;&quot;,&quot;orientation&quot;:&quot;0&quot;}\" data-image-title=\"767e7c7d-0d0c-4c20-9c38-a0fa1c414468\" data-image-description=\"\" data-image-caption=\"\" data-medium-file=\"https:\/\/www.paudalho.pe.gov.br\/portal\/wp-content\/uploads\/2019\/01\/767e7c7d-0d0c-4c20-9c38-a0fa1c414468-350x230.jpg\" data-large-file=\"https:\/\/www.paudalho.pe.gov.br\/portal\/wp-content\/uploads\/2019\/01\/767e7c7d-0d0c-4c20-9c38-a0fa1c414468-800x450.jpg\" src=\"https:\/\/i2.wp.com\/www.paudalho.pe.gov.br\/portal\/wp-content\/uploads\/2019\/01\/767e7c7d-0d0c-4c20-9c38-a0fa1c414468.jpg?resize=800%2C450&amp;ssl=1\" alt=\"\" class=\"wp-image-5758\" srcset=\"https:\/\/www.paudalho.pe.gov.br\/portal\/wp-content\/uploads\/2019\/01\/767e7c7d-0d0c-4c20-9c38-a0fa1c414468.jpg 1280w, https:\/\/www.paudalho.pe.gov.br\/portal\/wp-content\/uploads\/2019\/01\/767e7c7d-0d0c-4c20-9c38-a0fa1c414468-768x576.jpg 768w\" sizes=\"auto, (max-width: 1280px) 100vw, 1280px\" \/><figcaption>Na imagem os agentes recebem capacita\u00e7\u00e3o. <\/figcaption><\/figure>\n\n\n\n<p> As visitas come\u00e7am a ocorrer nas pr\u00f3ximas semanas. Atrav\u00e9s da Busca Ativa Escolar, o munic\u00edpio obter\u00e1 dados concretos que possibilitar\u00e3o planejar, desenvolver e implementar pol\u00edticas p\u00fablicas que contribuam para a inclus\u00e3o escolar.<\/p>\n","protected":false},"excerpt":{"rendered":"<p>No objetivo de combater a exclus\u00e3o escolar no Munic\u00edpio, a Prefeitura do Paudalho por meio da Secretaria de Educa\u00e7\u00e3o aderiu o Programa Busca Ativa Escolar. A plataforma foi desenvolvida pelo Fundo das Na\u00e7\u00f5es Unidas para a Inf\u00e2ncia (UNICEF) em parceria com a Uni\u00e3o Nacional dos Dirigentes Municipais de Educa\u00e7\u00e3o (Undime), o Colegiado Nacional de Gestores [&hellip;]<\/p>\n","protected":false},"author":4,"featured_media":5756,"comment_status":"open","ping_status":"open","sticky":false,"template":"","format":"standard","meta":{"_jetpack_newsletter_access":"","_jetpack_dont_email_post_to_subs":false,"_jetpack_newsletter_tier_id":0,"_jetpack_memberships_contains_paywalled_content":false,"_jetpack_memberships_contains_paid_content":false,"footnotes":""},"categories":[4,1],"tags":[136,426],"class_list":["post-5755","post","type-post","status-publish","format-standard","has-post-thumbnail","hentry","category-educacao","category-noticias","tag-aluno","tag-programa-busca-ativa-escolar"],"jetpack_featured_media_url":"https:\/\/www.paudalho.pe.gov.br\/portal\/wp-content\/uploads\/2019\/01\/649e2019-2cf1-4651-b43a-f2a32f60d327.jpg","jetpack_sharing_enabled":true,"jetpack_shortlink":"https:\/\/wp.me\/p98mS2-1uP","_links":{"self":[{"href":"https:\/\/www.paudalho.pe.gov.br\/portal\/wp-json\/wp\/v2\/posts\/5755","targetHints":{"allow":["GET"]}}],"collection":[{"href":"https:\/\/www.paudalho.pe.gov.br\/portal\/wp-json\/wp\/v2\/posts"}],"about":[{"href":"https:\/\/www.paudalho.pe.gov.br\/portal\/wp-json\/wp\/v2\/types\/post"}],"author":[{"embeddable":true,"href":"https:\/\/www.paudalho.pe.gov.br\/portal\/wp-json\/wp\/v2\/users\/4"}],"replies":[{"embeddable":true,"href":"https:\/\/www.paudalho.pe.gov.br\/portal\/wp-json\/wp\/v2\/comments?post=5755"}],"version-history":[{"count":3,"href":"https:\/\/www.paudalho.pe.gov.br\/portal\/wp-json\/wp\/v2\/posts\/5755\/revisions"}],"predecessor-version":[{"id":5762,"href":"https:\/\/www.paudalho.pe.gov.br\/portal\/wp-json\/wp\/v2\/posts\/5755\/revisions\/5762"}],"wp:featuredmedia":[{"embeddable":true,"href":"https:\/\/www.paudalho.pe.gov.br\/portal\/wp-json\/wp\/v2\/media\/5756"}],"wp:attachment":[{"href":"https:\/\/www.paudalho.pe.gov.br\/portal\/wp-json\/wp\/v2\/media?parent=5755"}],"wp:term":[{"taxonomy":"category","embeddable":true,"href":"https:\/\/www.paudalho.pe.gov.br\/portal\/wp-json\/wp\/v2\/categories?post=5755"},{"taxonomy":"post_tag","embeddable":true,"href":"https:\/\/www.paudalho.pe.gov.br\/portal\/wp-json\/wp\/v2\/tags?post=5755"}],"curies":[{"name":"wp","href":"https:\/\/api.w.org\/{rel}","templated":true}]}}