{"id":5679,"date":"2019-01-11T10:48:04","date_gmt":"2019-01-11T13:48:04","guid":{"rendered":"https:\/\/www.paudalho.pe.gov.br\/portal\/?p=5679"},"modified":"2019-01-11T10:53:07","modified_gmt":"2019-01-11T13:53:07","slug":"tradicional-festa-de-sao-sebastiao-contara-com-espaco-do-empreendedor","status":"publish","type":"post","link":"https:\/\/www.paudalho.pe.gov.br\/portal\/tradicional-festa-de-sao-sebastiao-contara-com-espaco-do-empreendedor\/","title":{"rendered":"Tradicional Festa de S\u00e3o Sebasti\u00e3o contar\u00e1 com Espa\u00e7o do Empreendedor"},"content":{"rendered":"\n<p>A 150\u00ba Festa de S\u00e3o Sebasti\u00e3o deve atrair milhares de pessoa durante a sua realiza\u00e7\u00e3o que ocorrer\u00e1 entre os dias 18 e 27 de janeiro de 2019, em Paudalho. No objetivo de oportunizar o microempreendedor paudalhense, neste ano, mais uma vez a tradicional celebra\u00e7\u00e3o vai contar com o Espa\u00e7o do Empreendedor, uma iniciativa realizada pela Prefeitura do Paudalho, por meio da Secretaria Executiva de Agricultura, Abastecimento e Meio Ambiente em parceria com o SEBRAE. <\/p>\n\n\n\n<p>A estrutura ser\u00e1 constitu\u00edda de 15 stands que medir\u00e3o 2X2m, localizados nas cal\u00e7adas da antiga Telpe, na Travessa Padre Em\u00eddio, no Centro. O Espa\u00e7o do Empreendedor funcionar\u00e1 das 18h \u00e0s 22h. <\/p>\n\n\n\n<p>Segundo o secret\u00e1rio-executivo de Agricultura, Abastecimento e Meio Ambiente, Josim\u00e1rio Marques, a iniciativa tem o objetivo de empoderar o empreendedor paudalhense. \u201cTodos esses espa\u00e7os visam proporcionar a comercializa\u00e7\u00e3o dos microempreendedores, seja na parte de gastronomia, eletr\u00f4nicos, de todo o tipo de produto. O Espa\u00e7o visa esse momento, tem essa finalidade de ofertar pre\u00e7o justo, em um local agrad\u00e1vel. N\u00f3s queremos empoderar cada vez mais os nossos empreendedores\u201d, disse. <\/p>\n","protected":false},"excerpt":{"rendered":"<p>A 150\u00ba Festa de S\u00e3o Sebasti\u00e3o deve atrair milhares de pessoa durante a sua realiza\u00e7\u00e3o que ocorrer\u00e1 entre os dias 18 e 27 de janeiro de 2019, em Paudalho. No objetivo de oportunizar o microempreendedor paudalhense, neste ano, mais uma vez a tradicional celebra\u00e7\u00e3o vai contar com o Espa\u00e7o do Empreendedor, uma iniciativa realizada pela [&hellip;]<\/p>\n","protected":false},"author":4,"featured_media":5680,"comment_status":"open","ping_status":"open","sticky":false,"template":"","format":"standard","meta":{"_jetpack_newsletter_access":"","_jetpack_dont_email_post_to_subs":false,"_jetpack_newsletter_tier_id":0,"_jetpack_memberships_contains_paywalled_content":false,"_jetpack_memberships_contains_paid_content":false,"footnotes":""},"categories":[2,1],"tags":[423,223,424],"class_list":["post-5679","post","type-post","status-publish","format-standard","has-post-thumbnail","hentry","category-destaque","category-noticias","tag-espaco-do-empreendedor","tag-festa-de-sao-sebastiao","tag-secretaria-executiva-de-agricultura"],"jetpack_featured_media_url":"https:\/\/www.paudalho.pe.gov.br\/portal\/wp-content\/uploads\/2019\/01\/48170959_1164742870316127_9118142280086061056_n.jpg","jetpack_sharing_enabled":true,"jetpack_shortlink":"https:\/\/wp.me\/p98mS2-1tB","_links":{"self":[{"href":"https:\/\/www.paudalho.pe.gov.br\/portal\/wp-json\/wp\/v2\/posts\/5679","targetHints":{"allow":["GET"]}}],"collection":[{"href":"https:\/\/www.paudalho.pe.gov.br\/portal\/wp-json\/wp\/v2\/posts"}],"about":[{"href":"https:\/\/www.paudalho.pe.gov.br\/portal\/wp-json\/wp\/v2\/types\/post"}],"author":[{"embeddable":true,"href":"https:\/\/www.paudalho.pe.gov.br\/portal\/wp-json\/wp\/v2\/users\/4"}],"replies":[{"embeddable":true,"href":"https:\/\/www.paudalho.pe.gov.br\/portal\/wp-json\/wp\/v2\/comments?post=5679"}],"version-history":[{"count":2,"href":"https:\/\/www.paudalho.pe.gov.br\/portal\/wp-json\/wp\/v2\/posts\/5679\/revisions"}],"predecessor-version":[{"id":5683,"href":"https:\/\/www.paudalho.pe.gov.br\/portal\/wp-json\/wp\/v2\/posts\/5679\/revisions\/5683"}],"wp:featuredmedia":[{"embeddable":true,"href":"https:\/\/www.paudalho.pe.gov.br\/portal\/wp-json\/wp\/v2\/media\/5680"}],"wp:attachment":[{"href":"https:\/\/www.paudalho.pe.gov.br\/portal\/wp-json\/wp\/v2\/media?parent=5679"}],"wp:term":[{"taxonomy":"category","embeddable":true,"href":"https:\/\/www.paudalho.pe.gov.br\/portal\/wp-json\/wp\/v2\/categories?post=5679"},{"taxonomy":"post_tag","embeddable":true,"href":"https:\/\/www.paudalho.pe.gov.br\/portal\/wp-json\/wp\/v2\/tags?post=5679"}],"curies":[{"name":"wp","href":"https:\/\/api.w.org\/{rel}","templated":true}]}}