{"id":5634,"date":"2019-01-07T11:51:13","date_gmt":"2019-01-07T14:51:13","guid":{"rendered":"https:\/\/www.paudalho.pe.gov.br\/portal\/?p=5634"},"modified":"2019-01-07T11:53:02","modified_gmt":"2019-01-07T14:53:02","slug":"prefeitura-do-paudalho-realiza-cadastramento-para-comercializacao-na-150o-festa-de-sao-sebastiao","status":"publish","type":"post","link":"https:\/\/www.paudalho.pe.gov.br\/portal\/prefeitura-do-paudalho-realiza-cadastramento-para-comercializacao-na-150o-festa-de-sao-sebastiao\/","title":{"rendered":"Prefeitura do Paudalho realiza cadastramento para comercializa\u00e7\u00e3o na 150\u00ba Festa de S\u00e3o Sebasti\u00e3o"},"content":{"rendered":"\n<p>A tradicional Festa de S\u00e3o Sebasti\u00e3o chega a sua 150\u00ba edi\u00e7\u00e3o em 2019. As celebra\u00e7\u00f5es v\u00e3o ocorrer de 18 a 27 de janeiro em uma programa\u00e7\u00e3o que mistura f\u00e9 e cultura. E no objetivo de organizar o momento, a Prefeitura do Paudalho realiza a partir desta segunda-feira (7) at\u00e9 a pr\u00f3xima quinta-feira (10) o cadastramento dos comerciantes que desejam comercializar na Festa.<\/p>\n\n\n\n<p>O processo ocorre no Audit\u00f3rio do P\u00e1tio da Feira, que\nfica na Avenida Miguel Arraes, no Centro da cidade, das 8 \u00e0s 13h. A Festa de\nS\u00e3o Sebasti\u00e3o \u00e9 realizada por meio da Secretaria de Cultura e Turismo do\nMunic\u00edpio. <\/p>\n\n\n\n<h2 class=\"wp-block-heading\">O que \u00e9 preciso? <\/h2>\n\n\n\n<p>Quem desejar realizar o processo \u00e9 necess\u00e1rio ficar atento porque \u00e9 preciso documenta\u00e7\u00e3o espec\u00edfica. No momento da inscri\u00e7\u00e3o, o comerciante precisa estar munido de documento oficial com foto, comprovante de resid\u00eancia e uma foto 3&#215;4 <\/p>\n","protected":false},"excerpt":{"rendered":"<p>A tradicional Festa de S\u00e3o Sebasti\u00e3o chega a sua 150\u00ba edi\u00e7\u00e3o em 2019. As celebra\u00e7\u00f5es v\u00e3o ocorrer de 18 a 27 de janeiro em uma programa\u00e7\u00e3o que mistura f\u00e9 e cultura. E no objetivo de organizar o momento, a Prefeitura do Paudalho realiza a partir desta segunda-feira (7) at\u00e9 a pr\u00f3xima quinta-feira (10) o cadastramento [&hellip;]<\/p>\n","protected":false},"author":4,"featured_media":5637,"comment_status":"open","ping_status":"open","sticky":false,"template":"","format":"standard","meta":{"_jetpack_newsletter_access":"","_jetpack_dont_email_post_to_subs":false,"_jetpack_newsletter_tier_id":0,"_jetpack_memberships_contains_paywalled_content":false,"_jetpack_memberships_contains_paid_content":false,"footnotes":""},"categories":[6,2],"tags":[68,223,238],"class_list":["post-5634","post","type-post","status-publish","format-standard","has-post-thumbnail","hentry","category-cultura","category-destaque","tag-cultura","tag-festa-de-sao-sebastiao","tag-secretaria-de-cultura-e-turismo"],"jetpack_featured_media_url":"https:\/\/www.paudalho.pe.gov.br\/portal\/wp-content\/uploads\/2019\/01\/sao-sebastiao-destaque-2018.jpeg","jetpack_sharing_enabled":true,"jetpack_shortlink":"https:\/\/wp.me\/p98mS2-1sS","_links":{"self":[{"href":"https:\/\/www.paudalho.pe.gov.br\/portal\/wp-json\/wp\/v2\/posts\/5634","targetHints":{"allow":["GET"]}}],"collection":[{"href":"https:\/\/www.paudalho.pe.gov.br\/portal\/wp-json\/wp\/v2\/posts"}],"about":[{"href":"https:\/\/www.paudalho.pe.gov.br\/portal\/wp-json\/wp\/v2\/types\/post"}],"author":[{"embeddable":true,"href":"https:\/\/www.paudalho.pe.gov.br\/portal\/wp-json\/wp\/v2\/users\/4"}],"replies":[{"embeddable":true,"href":"https:\/\/www.paudalho.pe.gov.br\/portal\/wp-json\/wp\/v2\/comments?post=5634"}],"version-history":[{"count":2,"href":"https:\/\/www.paudalho.pe.gov.br\/portal\/wp-json\/wp\/v2\/posts\/5634\/revisions"}],"predecessor-version":[{"id":5639,"href":"https:\/\/www.paudalho.pe.gov.br\/portal\/wp-json\/wp\/v2\/posts\/5634\/revisions\/5639"}],"wp:featuredmedia":[{"embeddable":true,"href":"https:\/\/www.paudalho.pe.gov.br\/portal\/wp-json\/wp\/v2\/media\/5637"}],"wp:attachment":[{"href":"https:\/\/www.paudalho.pe.gov.br\/portal\/wp-json\/wp\/v2\/media?parent=5634"}],"wp:term":[{"taxonomy":"category","embeddable":true,"href":"https:\/\/www.paudalho.pe.gov.br\/portal\/wp-json\/wp\/v2\/categories?post=5634"},{"taxonomy":"post_tag","embeddable":true,"href":"https:\/\/www.paudalho.pe.gov.br\/portal\/wp-json\/wp\/v2\/tags?post=5634"}],"curies":[{"name":"wp","href":"https:\/\/api.w.org\/{rel}","templated":true}]}}