{"id":5469,"date":"2018-12-14T17:05:13","date_gmt":"2018-12-14T20:05:13","guid":{"rendered":"https:\/\/www.paudalho.pe.gov.br\/portal\/?p=5469"},"modified":"2018-12-26T23:43:36","modified_gmt":"2018-12-27T02:43:36","slug":"grande-final-do-canta-paudalho-ocorre-neste-sabado-15e-publico-podera-votar-atraves-de-aplicativo","status":"publish","type":"post","link":"https:\/\/www.paudalho.pe.gov.br\/portal\/grande-final-do-canta-paudalho-ocorre-neste-sabado-15e-publico-podera-votar-atraves-de-aplicativo\/","title":{"rendered":"Grande final do Canta Paudalho ocorre neste s\u00e1bado (15) e p\u00fablico poder\u00e1 votar atrav\u00e9s de aplicativo"},"content":{"rendered":"\n<p>Tudo pronto para a grande final do Canta Paudalho 2018 que vai ocorrer neste s\u00e1bado (15), no Parque de Eventos Beira-Rio no Centro da cidade, a partir das 20h. Ap\u00f3s sorteio democr\u00e1tico da ordem de apresenta\u00e7\u00e3o, sobem ao palco cinco finalistas da vers\u00e3o kids e 10 adultos. A grande novidade este ano, al\u00e9m do Canta Paudalho Kids para a garotada, \u00e9 que o p\u00fablico v\u00e3o poder votar atrav\u00e9s de um <a href=\"https:\/\/www.cantapaudalho.com\/app\/\">aplicativo<\/a> que est\u00e1 dispon\u00edvel nos Google Play, para vers\u00e3o IOS e Windows. De acordo com a Secret\u00e1ria de Cultura e Turismo, o objetivo \u00e9 dar oportunidade de escolha tamb\u00e9m \u00e0 popula\u00e7\u00e3o. <\/p>\n\n\n\n<h2 class=\"wp-block-heading\">Eliminat\u00f3ria <\/h2>\n\n\n\n<p>As eliminat\u00f3rias do maior show de talentos na Mata Norte ocorreram nos dias 16, 17 e 18 de novembro,onde quarenta e sete candidatos (36 adultos e 11 crian\u00e7as) se classificaram.<\/p>\n\n\n\n<p>Na sexta-feira, venceram a eliminat\u00f3ria os candidatos: Micarla, Jo\u00e3o Paulo e Henrique, Reinaldo, Alysson e Jos\u00e9 Roberto. No s\u00e1bado garantiram as vagas os calouros: Robert da Silva,Manoel Gen\u00e1rio, Gilmar Ferreira, Leandro Viana e Marcelo Leon que comentou da alegria de participar do projeto. \u201cEstou muito feliz em participar porque o evento dar oportunidade as pessoas da cidade que tem talento e o sonho de cantar. Esta sendo muito boa a experi\u00eancia\u201d, disse.<\/p>\n\n\n\n<p>A grande novidade este ano \u00e9 o Canta Paudalho Kids. No domingo foi a vez da crian\u00e7ada soltar a voz. Dos 11 candidatos que subiram ao palco, se classificaram os pequenos Gabriel Henrique,Ingrid Vit\u00f3ria, Hugo da Silva, Lucas Emanuel e Ticiane Rafaela. Claudiene Coelho foi assistir a competi\u00e7\u00e3o com o filho e elogiou a programa\u00e7\u00e3o. \u201c\u00c9 muito bom essa a\u00e7\u00e3o para os paudlalhenses, porque oferece oportunidade para quem sonha em ser cantor. Muito bom! Anos que vem meu filho vai participar sim!\u201d, comentou. Segundo a Secretaria de Cultura e Turismo, a final das competi\u00e7\u00f5es ser\u00e1 realizada no dia 15 de dezembro. <\/p>\n\n\n\n<p><strong>Confira a ordem de apresenta\u00e7\u00e3o para os adultos:<\/strong> <\/p>\n\n\n\n<p>1- Allison Cavalcante Farias\nCosta<\/p>\n\n\n\n<p>Musica: paix\u00e3o errada ( Dorgival Dantas)<\/p>\n\n\n\n<p>2- Robert da Silva Nunes<\/p>\n\n\n\n<p>Musica : Sangrando ( Gonzaguinha)<\/p>\n\n\n\n<p>3- Manoel Gen\u00e1rio da Silva<\/p>\n\n\n\n<p>Musica : O homem de branco ( Eliezer Rosa )<\/p>\n\n\n\n<p>4- Leandro Viana Lima<\/p>\n\n\n\n<p>Musica: cantando e rimando pra chuva ( AUTORAL )<\/p>\n\n\n\n<p>5- Jos\u00e9 Roberto da Silva<\/p>\n\n\n\n<p>Musica: gita ( Raul seixas)<\/p>\n\n\n\n<p>6- Jo\u00e3o Paulo de Santana Souza e Jos\u00e9 Luiz Rosa Henrique<\/p>\n\n\n\n<p>Musica: meu cen\u00e1rio ( flavio Jos\u00e9)<\/p>\n\n\n\n<p>7- Gilmar Ferreira de Lima<\/p>\n\n\n\n<p>Musica: se eu me humilhar (\ndiscoprais)<\/p>\n\n\n\n<p>8- Marcelo Francisco da Silva<\/p>\n\n\n\n<p>Musica: fugir daqui ( autoral)<\/p>\n\n\n\n<p>9- Micarla Maria Bezerra<\/p>\n\n\n\n<p>Musica: Prioridade ( Midian Lima)<\/p>\n\n\n\n<p>10-Reinaldo Martins dos Santos<\/p>\n\n\n\n<p>Musica: sou favela ( MC Bruninho)<\/p>\n\n\n\n<p><strong>Confira a ordem de apresenta\u00e7\u00e3o&nbsp; dos candidatos infantis:<\/strong> <\/p>\n\n\n\n<p>1-Gabriel Henrique<\/p>\n\n\n\n<p>Musica: fase ruim ( Torpedo)<\/p>\n\n\n\n<p>2- Thicyane Rafaela da Silva Santiago<\/p>\n\n\n\n<p>Musica: Te adorarei ( Fabiana Anastacio)<\/p>\n\n\n\n<p>3- Lucas Emanoel da Silva Santos<\/p>\n\n\n\n<p>Musica Ressuscita-me ( Aline Barros)<\/p>\n\n\n\n<p>4- Ingrid Vitoria da Silva Constantino<\/p>\n\n\n\n<p>Musica: fica tranquilo (Kemily Santos)<\/p>\n\n\n\n<p>5- Vitor Hugo da Silva Constantino<\/p>\n\n\n\n<p>Musica: escreve ai doutor (MC Rafinha)<\/p>\n","protected":false},"excerpt":{"rendered":"<p>Tudo pronto para a grande final do Canta Paudalho 2018 que vai ocorrer neste s\u00e1bado (15), no Parque de Eventos Beira-Rio no Centro da cidade, a partir das 20h. Ap\u00f3s sorteio democr\u00e1tico da ordem de apresenta\u00e7\u00e3o, sobem ao palco cinco finalistas da vers\u00e3o kids e 10 adultos. A grande novidade este ano, al\u00e9m do Canta [&hellip;]<\/p>\n","protected":false},"author":4,"featured_media":5470,"comment_status":"open","ping_status":"open","sticky":false,"template":"","format":"standard","meta":{"_jetpack_newsletter_access":"","_jetpack_dont_email_post_to_subs":false,"_jetpack_newsletter_tier_id":0,"_jetpack_memberships_contains_paywalled_content":false,"_jetpack_memberships_contains_paid_content":false,"footnotes":""},"categories":[6,1],"tags":[144,226],"class_list":["post-5469","post","type-post","status-publish","format-standard","has-post-thumbnail","hentry","category-cultura","category-noticias","tag-canta-paudalho","tag-canta-paudalho-kids"],"jetpack_featured_media_url":"https:\/\/www.paudalho.pe.gov.br\/portal\/wp-content\/uploads\/2018\/12\/9a928af6-586e-4fb9-b8d2-9bbcc3f5c1ac.jpg","jetpack_sharing_enabled":true,"jetpack_shortlink":"https:\/\/wp.me\/p98mS2-1qd","_links":{"self":[{"href":"https:\/\/www.paudalho.pe.gov.br\/portal\/wp-json\/wp\/v2\/posts\/5469","targetHints":{"allow":["GET"]}}],"collection":[{"href":"https:\/\/www.paudalho.pe.gov.br\/portal\/wp-json\/wp\/v2\/posts"}],"about":[{"href":"https:\/\/www.paudalho.pe.gov.br\/portal\/wp-json\/wp\/v2\/types\/post"}],"author":[{"embeddable":true,"href":"https:\/\/www.paudalho.pe.gov.br\/portal\/wp-json\/wp\/v2\/users\/4"}],"replies":[{"embeddable":true,"href":"https:\/\/www.paudalho.pe.gov.br\/portal\/wp-json\/wp\/v2\/comments?post=5469"}],"version-history":[{"count":7,"href":"https:\/\/www.paudalho.pe.gov.br\/portal\/wp-json\/wp\/v2\/posts\/5469\/revisions"}],"predecessor-version":[{"id":5478,"href":"https:\/\/www.paudalho.pe.gov.br\/portal\/wp-json\/wp\/v2\/posts\/5469\/revisions\/5478"}],"wp:featuredmedia":[{"embeddable":true,"href":"https:\/\/www.paudalho.pe.gov.br\/portal\/wp-json\/wp\/v2\/media\/5470"}],"wp:attachment":[{"href":"https:\/\/www.paudalho.pe.gov.br\/portal\/wp-json\/wp\/v2\/media?parent=5469"}],"wp:term":[{"taxonomy":"category","embeddable":true,"href":"https:\/\/www.paudalho.pe.gov.br\/portal\/wp-json\/wp\/v2\/categories?post=5469"},{"taxonomy":"post_tag","embeddable":true,"href":"https:\/\/www.paudalho.pe.gov.br\/portal\/wp-json\/wp\/v2\/tags?post=5469"}],"curies":[{"name":"wp","href":"https:\/\/api.w.org\/{rel}","templated":true}]}}