{"id":5388,"date":"2018-11-29T11:22:10","date_gmt":"2018-11-29T14:22:10","guid":{"rendered":"https:\/\/www.paudalho.pe.gov.br\/portal\/?p=5388"},"modified":"2018-11-29T11:22:58","modified_gmt":"2018-11-29T14:22:58","slug":"eu-gostei-bastante-diz-crianca-sobre-ix-conferencia-municipal-dos-direitos-da-crianca-e-do-adolescente-de-paudalho","status":"publish","type":"post","link":"https:\/\/www.paudalho.pe.gov.br\/portal\/eu-gostei-bastante-diz-crianca-sobre-ix-conferencia-municipal-dos-direitos-da-crianca-e-do-adolescente-de-paudalho\/","title":{"rendered":"&#8220;Eu gostei bastante&#8221;, diz crian\u00e7a sobre IX Confer\u00eancia Municipal dos Direitos da Crian\u00e7a e do Adolescente de Paudalho"},"content":{"rendered":"<p>Com o tema: \u201cProte\u00e7\u00e3o Integral, Diversidade e Enfrentamento das Viol\u00eancias\u201d, a Prefeitura do Paudalho por meio do Conselho Municipal de Defesa dos Direitos da Crian\u00e7a e do Adolescente do Paudalho (COMDICA) realizou a IX Confer\u00eancia Municipal dos Direitos da Crian\u00e7a e do Adolescente de Paudalho nesta quarta (28) e quinta-feira (29). A programa\u00e7\u00e3o, que ocorreu no Sal\u00e3o Paroquial, que fica na Pra\u00e7a do Divino Espirito Santos, no Centro da cidade, teve o objetivo de mobilizar adolescentes e a sociedade para a constru\u00e7\u00e3o de propostas voltadas para a afirma\u00e7\u00e3o do princ\u00edpio da prote\u00e7\u00e3o integral de crian\u00e7as e adolescentes nas pol\u00edticas p\u00fablicas.<\/p>\n<p>Na programa\u00e7\u00e3o houve palestras e \u201crodas\u201d de conversas com participa\u00e7\u00e3o de crian\u00e7as, adolescentes, institui\u00e7\u00f5es e a sociedade em geral. A presidente do COMDICA, Damares de Queiroz, destacou a import\u00e2ncia do evento para a popula\u00e7\u00e3o do Paudalho. \u201c\u00c9 de grande import\u00e2ncia porque n\u00f3s estamos aqui para garantir a seguran\u00e7a e os direitos da crian\u00e7a dentro das pol\u00edticas p\u00fablicas, trabalhando na constru\u00e7\u00e3o dessas pol\u00edticas. N\u00f3s estamos felizes porque o Munic\u00edpio se compromete\u201d disse. De acordo com dados da organiza\u00e7\u00e3o social Vis\u00e3o Mundial, o Brasil lidera o ranking de viol\u00eancia contra crian\u00e7as e adolescentes na Am\u00e9rica Latina. No recorte brasileiro, a pesquisa apontou que tr\u00eas em cada dez pessoas conhecem pessoalmente uma crian\u00e7a que sofreu viol\u00eancia. Al\u00e9m disso, 70% disseram sentir que a viol\u00eancia na inf\u00e2ncia tem aumentado nos \u00faltimos cinco anos e 83% concordam que essa viol\u00eancia pode ter impacto na vida adulta.<\/p>\n<p>Damares Queiroz detalhou como as crian\u00e7as e adolescentes podem buscar ajuda do Munic\u00edpio. \u201cNa maioria das vezes a viol\u00eancia come\u00e7a dentro do lar. Ent\u00e3o, primeiro \u00e9 importante procurar algu\u00e9m em que possa confiar. Uma professora, vizinho, algu\u00e9m que ela possa pedir ajuda. No Munic\u00edpio, o COMDICA funciona na Secretaria de Desenvolvimento e Assist\u00eancia Social, que gere outros equipamentos que auxiliam essas crian\u00e7as. A sede fica na Pra\u00e7a Santa Tereza\u201d, explicou.<\/p>\n<p>O estudante do Col\u00e9gio SAMAP,\u00a0 \u00c1lisson de Souza, de 10 anos, mostrou que entendeu o objetivo da a\u00e7\u00e3o. \u201cMuito importante porque ajuda a combater esses crimes que n\u00e3o podem ser realizados contra a gente.\u201d, destacou.<\/p>\n<p><strong>SERVI\u00c7O:<\/strong><\/p>\n<p>Conselho Tutelar do Paudalho<\/p>\n<p>Endere\u00e7o: Rua Henrique Dias \u2013 128 \u2013 Paudalho (PE)<\/p>\n<p>Telefone: <a href=\"https:\/\/www.google.com.br\/search?rlz=1C1GCEA_enBR814BR814&amp;ei=Bez_W5nqLYmCwQT70KOIBA&amp;q=CONSELHO+TUTELAR+PAUDALHO&amp;oq=CONSELHO+TUTELAR+PAUDALHO&amp;gs_l=psy-ab.3...84819.92727..93493...12.0..1.201.5587.0j36j1......0....1..gws-wiz.....6..0j35i39j0i10i67j0i131j0i67j0i10j0i13j0i10i30j0i22i30j0i8i13i30.4KCcFMNme1o\">(81) 98217-8719<\/a><\/p>\n<p>&nbsp;<\/p>\n<p>Com informa\u00e7\u00f5es da Ag\u00eancia Brasil.<\/p>\n","protected":false},"excerpt":{"rendered":"<p>Com o tema: \u201cProte\u00e7\u00e3o Integral, Diversidade e Enfrentamento das Viol\u00eancias\u201d, a Prefeitura do Paudalho por meio do Conselho Municipal de Defesa dos Direitos da Crian\u00e7a e do Adolescente do Paudalho (COMDICA) realizou a IX Confer\u00eancia Municipal dos Direitos da Crian\u00e7a e do Adolescente de Paudalho nesta quarta (28) e quinta-feira (29). A programa\u00e7\u00e3o, que ocorreu [&hellip;]<\/p>\n","protected":false},"author":4,"featured_media":5390,"comment_status":"open","ping_status":"open","sticky":false,"template":"","format":"standard","meta":{"_jetpack_newsletter_access":"","_jetpack_dont_email_post_to_subs":false,"_jetpack_newsletter_tier_id":0,"_jetpack_memberships_contains_paywalled_content":false,"_jetpack_memberships_contains_paid_content":false,"footnotes":""},"categories":[2,1],"tags":[180,415,413],"class_list":["post-5388","post","type-post","status-publish","format-standard","has-post-thumbnail","hentry","category-destaque","category-noticias","tag-comdica","tag-criancas","tag-ix-conferencia-municipal-dos-direitos-da-crianca-e-do-adolescente-de-paudalho"],"jetpack_featured_media_url":"https:\/\/www.paudalho.pe.gov.br\/portal\/wp-content\/uploads\/2018\/11\/4129053b-cb21-4760-a110-e530e52d49b8.jpg","jetpack_sharing_enabled":true,"jetpack_shortlink":"https:\/\/wp.me\/p98mS2-1oU","_links":{"self":[{"href":"https:\/\/www.paudalho.pe.gov.br\/portal\/wp-json\/wp\/v2\/posts\/5388","targetHints":{"allow":["GET"]}}],"collection":[{"href":"https:\/\/www.paudalho.pe.gov.br\/portal\/wp-json\/wp\/v2\/posts"}],"about":[{"href":"https:\/\/www.paudalho.pe.gov.br\/portal\/wp-json\/wp\/v2\/types\/post"}],"author":[{"embeddable":true,"href":"https:\/\/www.paudalho.pe.gov.br\/portal\/wp-json\/wp\/v2\/users\/4"}],"replies":[{"embeddable":true,"href":"https:\/\/www.paudalho.pe.gov.br\/portal\/wp-json\/wp\/v2\/comments?post=5388"}],"version-history":[{"count":1,"href":"https:\/\/www.paudalho.pe.gov.br\/portal\/wp-json\/wp\/v2\/posts\/5388\/revisions"}],"predecessor-version":[{"id":5389,"href":"https:\/\/www.paudalho.pe.gov.br\/portal\/wp-json\/wp\/v2\/posts\/5388\/revisions\/5389"}],"wp:featuredmedia":[{"embeddable":true,"href":"https:\/\/www.paudalho.pe.gov.br\/portal\/wp-json\/wp\/v2\/media\/5390"}],"wp:attachment":[{"href":"https:\/\/www.paudalho.pe.gov.br\/portal\/wp-json\/wp\/v2\/media?parent=5388"}],"wp:term":[{"taxonomy":"category","embeddable":true,"href":"https:\/\/www.paudalho.pe.gov.br\/portal\/wp-json\/wp\/v2\/categories?post=5388"},{"taxonomy":"post_tag","embeddable":true,"href":"https:\/\/www.paudalho.pe.gov.br\/portal\/wp-json\/wp\/v2\/tags?post=5388"}],"curies":[{"name":"wp","href":"https:\/\/api.w.org\/{rel}","templated":true}]}}