{"id":5322,"date":"2018-11-23T09:48:42","date_gmt":"2018-11-23T12:48:42","guid":{"rendered":"https:\/\/www.paudalho.pe.gov.br\/portal\/?p=5322"},"modified":"2018-11-23T09:54:08","modified_gmt":"2018-11-23T12:54:08","slug":"comdica-realiza-ix-conferencia-municipal-dos-direitos-da-crianca-e-do-adolescente-de-paudalho","status":"publish","type":"post","link":"https:\/\/www.paudalho.pe.gov.br\/portal\/comdica-realiza-ix-conferencia-municipal-dos-direitos-da-crianca-e-do-adolescente-de-paudalho\/","title":{"rendered":"COMDICA realiza IX Confer\u00eancia Municipal dos Direitos da Crian\u00e7a e do Adolescente de Paudalho"},"content":{"rendered":"<p>Com o tema: \u201cProte\u00e7\u00e3o Integral, Diversidade e Enfrentamento das Viol\u00eancias\u201d, a Prefeitura do Paudalho por meio do Conselho Municipal de Defesa dos Direitos da Crian\u00e7a e do Adolescente (COMDICA) realiza na pr\u00f3xima quarta (28) e quinta-feira (29) a IX Confer\u00eancia Municipal dos Direitos da Crian\u00e7a e do Adolescente de Paudalho.<\/p>\n<p>A programa\u00e7\u00e3o ocorrer\u00e1 no Sal\u00e3o Paroquial, que fica na Pra\u00e7a do Divino Espirito Santos, no Centro da cidade. No primeiro dia a a\u00e7\u00e3o come\u00e7a \u00e0s 13h e segue at\u00e9 16h. J\u00e1 no segundo a programa\u00e7\u00e3o ocorre das 8h \u00e0s 15h.<\/p>\n<p>De acordo com o COMDICA, o objetivo da a\u00e7\u00e3o \u00e9 mobilizar os integrantes do Sistema de Garantia de Direitos (SGD), crian\u00e7as, adolescentes e a sociedade para a constru\u00e7\u00e3o de propostas de prote\u00e7\u00e3o integral de crian\u00e7as e adolescentes nas pol\u00edticas p\u00fablicas. Com isso, o Conselho conseguir\u00e1 fortalecer as estrat\u00e9gias e a\u00e7\u00f5es de enfrentamento \u00e0s viol\u00eancias, considerando a diversidade. Vale lembrar que a programa\u00e7\u00e3o \u00e9 aberta ao p\u00fablico.<\/p>\n<h2><strong>Servi\u00e7o:<\/strong><\/h2>\n<p>IX Confer\u00eancia Municipal dos Direitos da Crian\u00e7a e do Adolescente de Paudalho<\/p>\n<p>Local: Sal\u00e3o Paroquial &#8211; Pra\u00e7a do Divino Espirito Santos &#8211; Centro do Paudalho<\/p>\n<p>Data: 28 e 29 de novembro de 2018<\/p>\n<p>Hor\u00e1rio: Quarta-feira (13h \u00e0s 16h) \/ Quinta-feira (8h \u00e0s 15)<\/p>\n<p>&nbsp;<\/p>\n<p>&nbsp;<\/p>\n<p>&nbsp;<\/p>\n","protected":false},"excerpt":{"rendered":"<p>Com o tema: \u201cProte\u00e7\u00e3o Integral, Diversidade e Enfrentamento das Viol\u00eancias\u201d, a Prefeitura do Paudalho por meio do Conselho Municipal de Defesa dos Direitos da Crian\u00e7a e do Adolescente (COMDICA) realiza na pr\u00f3xima quarta (28) e quinta-feira (29) a IX Confer\u00eancia Municipal dos Direitos da Crian\u00e7a e do Adolescente de Paudalho. A programa\u00e7\u00e3o ocorrer\u00e1 no Sal\u00e3o [&hellip;]<\/p>\n","protected":false},"author":4,"featured_media":5323,"comment_status":"open","ping_status":"open","sticky":false,"template":"","format":"standard","meta":{"_jetpack_newsletter_access":"","_jetpack_dont_email_post_to_subs":false,"_jetpack_newsletter_tier_id":0,"_jetpack_memberships_contains_paywalled_content":false,"_jetpack_memberships_contains_paid_content":false,"footnotes":""},"categories":[2,1],"tags":[180,413],"class_list":["post-5322","post","type-post","status-publish","format-standard","has-post-thumbnail","hentry","category-destaque","category-noticias","tag-comdica","tag-ix-conferencia-municipal-dos-direitos-da-crianca-e-do-adolescente-de-paudalho"],"jetpack_featured_media_url":"https:\/\/www.paudalho.pe.gov.br\/portal\/wp-content\/uploads\/2018\/11\/d8d0f9d3-9143-4629-adec-7e7acf191720.jpg","jetpack_sharing_enabled":true,"jetpack_shortlink":"https:\/\/wp.me\/p98mS2-1nQ","_links":{"self":[{"href":"https:\/\/www.paudalho.pe.gov.br\/portal\/wp-json\/wp\/v2\/posts\/5322","targetHints":{"allow":["GET"]}}],"collection":[{"href":"https:\/\/www.paudalho.pe.gov.br\/portal\/wp-json\/wp\/v2\/posts"}],"about":[{"href":"https:\/\/www.paudalho.pe.gov.br\/portal\/wp-json\/wp\/v2\/types\/post"}],"author":[{"embeddable":true,"href":"https:\/\/www.paudalho.pe.gov.br\/portal\/wp-json\/wp\/v2\/users\/4"}],"replies":[{"embeddable":true,"href":"https:\/\/www.paudalho.pe.gov.br\/portal\/wp-json\/wp\/v2\/comments?post=5322"}],"version-history":[{"count":6,"href":"https:\/\/www.paudalho.pe.gov.br\/portal\/wp-json\/wp\/v2\/posts\/5322\/revisions"}],"predecessor-version":[{"id":5327,"href":"https:\/\/www.paudalho.pe.gov.br\/portal\/wp-json\/wp\/v2\/posts\/5322\/revisions\/5327"}],"wp:featuredmedia":[{"embeddable":true,"href":"https:\/\/www.paudalho.pe.gov.br\/portal\/wp-json\/wp\/v2\/media\/5323"}],"wp:attachment":[{"href":"https:\/\/www.paudalho.pe.gov.br\/portal\/wp-json\/wp\/v2\/media?parent=5322"}],"wp:term":[{"taxonomy":"category","embeddable":true,"href":"https:\/\/www.paudalho.pe.gov.br\/portal\/wp-json\/wp\/v2\/categories?post=5322"},{"taxonomy":"post_tag","embeddable":true,"href":"https:\/\/www.paudalho.pe.gov.br\/portal\/wp-json\/wp\/v2\/tags?post=5322"}],"curies":[{"name":"wp","href":"https:\/\/api.w.org\/{rel}","templated":true}]}}