{"id":5282,"date":"2018-11-21T09:34:00","date_gmt":"2018-11-21T12:34:00","guid":{"rendered":"https:\/\/www.paudalho.pe.gov.br\/portal\/?p=5282"},"modified":"2018-11-21T10:02:21","modified_gmt":"2018-11-21T13:02:21","slug":"com-programacao-descontraida-secretaria-de-educacao-realiza-1o-aulao-saepe","status":"publish","type":"post","link":"https:\/\/www.paudalho.pe.gov.br\/portal\/com-programacao-descontraida-secretaria-de-educacao-realiza-1o-aulao-saepe\/","title":{"rendered":"Com programa\u00e7\u00e3o descontra\u00edda, Secretaria de Educa\u00e7\u00e3o realiza 1\u00ba Aul\u00e3o SAEPE"},"content":{"rendered":"<p>\u201c\u00c9 muito legal e a gente aprende bastante. Eu gostei muito porque as aulas s\u00e3o engra\u00e7adas e descontra\u00eddas e a explica\u00e7\u00e3o do assunto \u00e9 muito boa\u201d, elogiou a estudantes, Maria Cec\u00edlia, de 14 anos, que participou do 1\u00ba Aul\u00e3o SAEPE realizado nesta ter\u00e7a (20) e quarta-feira (21), pela Secretaria de Educa\u00e7\u00e3o do Paudalho. A programa\u00e7\u00e3o re\u00fane alunos da Rede Municipal de Ensino em um dia de aulas descontra\u00eddas no objetivo de preparar os estudantes para a prova do SAEPE, que ser\u00e1 realizada no dia 28 de novembro. O teste de portugu\u00eas e matem\u00e1tica aver\u00edgua os n\u00edveis de conhecimento dos estudantes no Munic\u00edpio.<\/p>\n<p><img loading=\"lazy\" decoding=\"async\" data-attachment-id=\"5284\" data-permalink=\"https:\/\/www.paudalho.pe.gov.br\/portal\/com-programacao-descontraida-secretaria-de-educacao-realiza-1o-aulao-saepe\/6ab4969b-eb4f-43af-94e4-8b3a514138d5\/\" data-orig-file=\"https:\/\/www.paudalho.pe.gov.br\/portal\/wp-content\/uploads\/2018\/11\/6ab4969b-eb4f-43af-94e4-8b3a514138d5.jpg\" data-orig-size=\"1280,853\" data-comments-opened=\"1\" data-image-meta=\"{&quot;aperture&quot;:&quot;0&quot;,&quot;credit&quot;:&quot;&quot;,&quot;camera&quot;:&quot;&quot;,&quot;caption&quot;:&quot;&quot;,&quot;created_timestamp&quot;:&quot;0&quot;,&quot;copyright&quot;:&quot;&quot;,&quot;focal_length&quot;:&quot;0&quot;,&quot;iso&quot;:&quot;0&quot;,&quot;shutter_speed&quot;:&quot;0&quot;,&quot;title&quot;:&quot;&quot;,&quot;orientation&quot;:&quot;0&quot;}\" data-image-title=\"6ab4969b-eb4f-43af-94e4-8b3a514138d5\" data-image-description=\"\" data-image-caption=\"\" data-medium-file=\"https:\/\/www.paudalho.pe.gov.br\/portal\/wp-content\/uploads\/2018\/11\/6ab4969b-eb4f-43af-94e4-8b3a514138d5-350x230.jpg\" data-large-file=\"https:\/\/www.paudalho.pe.gov.br\/portal\/wp-content\/uploads\/2018\/11\/6ab4969b-eb4f-43af-94e4-8b3a514138d5-800x450.jpg\" class=\"alignnone wp-image-5284\" src=\"https:\/\/www.paudalho.pe.gov.br\/portal\/wp-content\/uploads\/2018\/11\/6ab4969b-eb4f-43af-94e4-8b3a514138d5.jpg\" alt=\"\" width=\"590\" height=\"393\" srcset=\"https:\/\/www.paudalho.pe.gov.br\/portal\/wp-content\/uploads\/2018\/11\/6ab4969b-eb4f-43af-94e4-8b3a514138d5.jpg 1280w, https:\/\/www.paudalho.pe.gov.br\/portal\/wp-content\/uploads\/2018\/11\/6ab4969b-eb4f-43af-94e4-8b3a514138d5-768x512.jpg 768w\" sizes=\"auto, (max-width: 590px) 100vw, 590px\" \/><\/p>\n<p>Let\u00edcia Carla, de 14 anos, estuda no Col\u00e9gio Municipal do Paudalho (CMP) e comentou sobre a import\u00e2ncia da descontra\u00e7\u00e3o na hora do aprendizado. \u201cEu achei muito engra\u00e7ado e o melhor \u00e9 que a gente aprende, n\u00e3o \u00e9? A professora se vestiu da \u201cChiquinha\u201d, o professor tamb\u00e9m interagiu com a gente e isso \u00e9 muito bom\u201d, disse.De acordo com o Paulino Andrade, coordenador da S\u00e9rie Finais do Munic\u00edpio, a iniciativa visa aumentar a motiva\u00e7\u00e3o e o desempenho dos alunos. \u201cA nossa perspectiva \u00e9 que esse \u201caul\u00e3o\u201d traga para o aluno uma motiva\u00e7\u00e3o a mais para que eles possam ter um desempenho ainda melhor nas provas\u201d, destacou.<\/p>\n<h2><strong>Investimentos na Educa\u00e7\u00e3o<\/strong><\/h2>\n<p>\u00c9 n\u00edtida a mudan\u00e7a na qualidade do ensino e na estrutura\u00e7\u00e3o da Educa\u00e7\u00e3o na cidade. Em menos de dois anos de gest\u00e3o, diversas unidades foram constru\u00eddas e reconstru\u00eddas, como: o Col\u00e9gio Municipal de Guadalajara, Creche Leonel Francisco Soares, Col\u00e9gio Fonte de Aldeia, Escola Municipal de Guadalajara, entre outros. Al\u00e9m disso, em 2018, a Prefeitura entregou kits escolares para todos os alunos da Rede Municipal composto por bolsa, l\u00e1pis de cor, hidrocor, cadernos, fardas, l\u00e1pis, borracha e alguns outros objetos.<\/p>\n<h2><strong>Forma\u00e7\u00e3o de professores<\/strong><\/h2>\n<p>E no objetivo de continuar avan\u00e7ando nos resultados, a Secretaria realizou no m\u00eas de outubro de 2018, a forma\u00e7\u00e3o de professores da Rede Municipal. Palestras nas diversas \u00e1reas do conhecimento foram ministradas para enriquecer o conhecimento dos profissionais.\u00a0\u201cA forma\u00e7\u00e3o tem esse objetivo de aperfei\u00e7oar e melhorar o conhecimento dos professores. A gente quer que os alunos recebam esse conhecimento e isso influencie diretamente em seu aprendizado\u201d, destacou o coordenador do Fundamental II no Munic\u00edpio, Paulino Andrade.<\/p>\n<div id=\"attachment_3948\" style=\"width: 585px\" class=\"wp-caption alignnone\"><img loading=\"lazy\" decoding=\"async\" aria-describedby=\"caption-attachment-3948\" data-attachment-id=\"3948\" data-permalink=\"https:\/\/www.paudalho.pe.gov.br\/portal\/educacao-em-paudalho-avanca-e-escolas-municipais-se-destacam-no-idepe\/f9d95b12-fb83-46b1-af48-af02e690269b\/\" data-orig-file=\"https:\/\/www.paudalho.pe.gov.br\/portal\/wp-content\/uploads\/2018\/09\/f9d95b12-fb83-46b1-af48-af02e690269b.jpg\" data-orig-size=\"1280,853\" data-comments-opened=\"1\" data-image-meta=\"{&quot;aperture&quot;:&quot;0&quot;,&quot;credit&quot;:&quot;&quot;,&quot;camera&quot;:&quot;&quot;,&quot;caption&quot;:&quot;&quot;,&quot;created_timestamp&quot;:&quot;0&quot;,&quot;copyright&quot;:&quot;&quot;,&quot;focal_length&quot;:&quot;0&quot;,&quot;iso&quot;:&quot;0&quot;,&quot;shutter_speed&quot;:&quot;0&quot;,&quot;title&quot;:&quot;&quot;,&quot;orientation&quot;:&quot;0&quot;}\" data-image-title=\"f9d95b12-fb83-46b1-af48-af02e690269b\" data-image-description=\"\" data-image-caption=\"&lt;p&gt;T\u00e9cnico educacional de matem\u00e1tica, Luciana Vilarim, t\u00e9cnico educacional de matem\u00e1tica Dionizio  J\u00fanior e coordenador Municipal do fundamental dois, Paulino Andrade.  &lt;\/p&gt;\n\" data-medium-file=\"https:\/\/www.paudalho.pe.gov.br\/portal\/wp-content\/uploads\/2018\/09\/f9d95b12-fb83-46b1-af48-af02e690269b-350x230.jpg\" data-large-file=\"https:\/\/www.paudalho.pe.gov.br\/portal\/wp-content\/uploads\/2018\/09\/f9d95b12-fb83-46b1-af48-af02e690269b-800x450.jpg\" class=\" wp-image-3948\" src=\"https:\/\/www.paudalho.pe.gov.br\/portal\/wp-content\/uploads\/2018\/09\/f9d95b12-fb83-46b1-af48-af02e690269b.jpg\" alt=\"\" width=\"575\" height=\"383\" srcset=\"https:\/\/www.paudalho.pe.gov.br\/portal\/wp-content\/uploads\/2018\/09\/f9d95b12-fb83-46b1-af48-af02e690269b.jpg 1280w, https:\/\/www.paudalho.pe.gov.br\/portal\/wp-content\/uploads\/2018\/09\/f9d95b12-fb83-46b1-af48-af02e690269b-768x512.jpg 768w\" sizes=\"auto, (max-width: 575px) 100vw, 575px\" \/><p id=\"caption-attachment-3948\" class=\"wp-caption-text\">T\u00e9cnico educacional de matem\u00e1tica, Luciana Vilarim, t\u00e9cnico educacional de matem\u00e1tica Dionizio J\u00fanior e coordenador Municipal do fundamental dois, Paulino Andrade.<\/p><\/div>\n<h2><strong>Educa\u00e7\u00e3o em Paudalho avan\u00e7a e escolas municipais se destacam no IDEPE<\/strong><\/h2>\n<p>Como resultado de todo o esfor\u00e7o, tr\u00eas escolas municipais se destacaram no quesito evolu\u00e7\u00e3o do \u00cdndice de Desenvolvimento da Educa\u00e7\u00e3o B\u00e1sica de Pernambuco (IDEPE) 2017 na Mata Norte Pernambucana.<\/p>\n<p>A escola Maria de F\u00e1tima, em Ch\u00e3 de Cruz, ficou em primeiro lugar no Ensino Fundamental I e II. A institui\u00e7\u00e3o Severino Maur\u00edcio Carneiro da Silva, em Pirassirica, tamb\u00e9m levou o primeiro lugar no Ensino Fundamental I. J\u00e1 a unidade Paulo VI, em Ch\u00e3 de Pinheiro, apontou no ranking das 10 melhores escolas dos iniciais em toda a Mata Norte.<\/p>\n<p>Paula Soares, de 40 anos, \u00e9 m\u00e3e de duas crian\u00e7as que estudam na Escola Maria de F\u00e1tima. Ela comenta que o reconhecimento reflete diretamente na vida profissional dos seus filhos. \u201cEu como m\u00e3e fico muito feliz e satisfeita em saber que meus filhos est\u00e3o estudando em uma escola com boa qualifica\u00e7\u00e3o. Tanto meu filho, quanto minhas filhas pensam em fazer medicina e eu tenho certeza que essa conquista no IDEPE refletir\u00e1 nos sonhos deles\u201d, disse.<\/p>\n<div id=\"attachment_3943\" style=\"width: 583px\" class=\"wp-caption alignnone\"><img loading=\"lazy\" decoding=\"async\" aria-describedby=\"caption-attachment-3943\" data-attachment-id=\"3943\" data-permalink=\"https:\/\/www.paudalho.pe.gov.br\/portal\/educacao-em-paudalho-avanca-e-escolas-municipais-se-destacam-no-idepe\/cbf26ef2-8802-44df-8768-dadc429fb41c\/\" data-orig-file=\"https:\/\/www.paudalho.pe.gov.br\/portal\/wp-content\/uploads\/2018\/09\/cbf26ef2-8802-44df-8768-dadc429fb41c.jpg\" data-orig-size=\"1280,853\" data-comments-opened=\"1\" data-image-meta=\"{&quot;aperture&quot;:&quot;0&quot;,&quot;credit&quot;:&quot;&quot;,&quot;camera&quot;:&quot;&quot;,&quot;caption&quot;:&quot;&quot;,&quot;created_timestamp&quot;:&quot;0&quot;,&quot;copyright&quot;:&quot;&quot;,&quot;focal_length&quot;:&quot;0&quot;,&quot;iso&quot;:&quot;0&quot;,&quot;shutter_speed&quot;:&quot;0&quot;,&quot;title&quot;:&quot;&quot;,&quot;orientation&quot;:&quot;0&quot;}\" data-image-title=\"cbf26ef2-8802-44df-8768-dadc429fb41c\" data-image-description=\"\" data-image-caption=\"\" data-medium-file=\"https:\/\/www.paudalho.pe.gov.br\/portal\/wp-content\/uploads\/2018\/09\/cbf26ef2-8802-44df-8768-dadc429fb41c-350x230.jpg\" data-large-file=\"https:\/\/www.paudalho.pe.gov.br\/portal\/wp-content\/uploads\/2018\/09\/cbf26ef2-8802-44df-8768-dadc429fb41c-800x450.jpg\" class=\"wp-image-3943\" src=\"https:\/\/www.paudalho.pe.gov.br\/portal\/wp-content\/uploads\/2018\/09\/cbf26ef2-8802-44df-8768-dadc429fb41c.jpg\" alt=\"\" width=\"573\" height=\"382\" srcset=\"https:\/\/www.paudalho.pe.gov.br\/portal\/wp-content\/uploads\/2018\/09\/cbf26ef2-8802-44df-8768-dadc429fb41c.jpg 1280w, https:\/\/www.paudalho.pe.gov.br\/portal\/wp-content\/uploads\/2018\/09\/cbf26ef2-8802-44df-8768-dadc429fb41c-768x512.jpg 768w\" sizes=\"auto, (max-width: 573px) 100vw, 573px\" \/><p id=\"caption-attachment-3943\" class=\"wp-caption-text\">Os alunos da Escola Severino Maur\u00edcio Carneiro da Silva, em Pirassirica, comemoram. Foto:Crist\u00f3v\u00e3o Neto\/PMP<\/p><\/div>\n<p>&nbsp;<\/p>\n<p>&nbsp;<\/p>\n<p>&nbsp;<\/p>\n<p>&nbsp;<\/p>\n","protected":false},"excerpt":{"rendered":"<p>\u201c\u00c9 muito legal e a gente aprende bastante. Eu gostei muito porque as aulas s\u00e3o engra\u00e7adas e descontra\u00eddas e a explica\u00e7\u00e3o do assunto \u00e9 muito boa\u201d, elogiou a estudantes, Maria Cec\u00edlia, de 14 anos, que participou do 1\u00ba Aul\u00e3o SAEPE realizado nesta ter\u00e7a (20) e quarta-feira (21), pela Secretaria de Educa\u00e7\u00e3o do Paudalho. A programa\u00e7\u00e3o [&hellip;]<\/p>\n","protected":false},"author":4,"featured_media":5283,"comment_status":"open","ping_status":"open","sticky":false,"template":"","format":"standard","meta":{"_jetpack_newsletter_access":"","_jetpack_dont_email_post_to_subs":false,"_jetpack_newsletter_tier_id":0,"_jetpack_memberships_contains_paywalled_content":false,"_jetpack_memberships_contains_paid_content":false,"footnotes":""},"categories":[2,4],"tags":[411,106],"class_list":["post-5282","post","type-post","status-publish","format-standard","has-post-thumbnail","hentry","category-destaque","category-educacao","tag-aulao","tag-secretaria-de-educacao"],"jetpack_featured_media_url":"https:\/\/www.paudalho.pe.gov.br\/portal\/wp-content\/uploads\/2018\/11\/df5688b5-a299-46c1-bee8-9c0d4a893edf.jpg","jetpack_sharing_enabled":true,"jetpack_shortlink":"https:\/\/wp.me\/p98mS2-1nc","_links":{"self":[{"href":"https:\/\/www.paudalho.pe.gov.br\/portal\/wp-json\/wp\/v2\/posts\/5282","targetHints":{"allow":["GET"]}}],"collection":[{"href":"https:\/\/www.paudalho.pe.gov.br\/portal\/wp-json\/wp\/v2\/posts"}],"about":[{"href":"https:\/\/www.paudalho.pe.gov.br\/portal\/wp-json\/wp\/v2\/types\/post"}],"author":[{"embeddable":true,"href":"https:\/\/www.paudalho.pe.gov.br\/portal\/wp-json\/wp\/v2\/users\/4"}],"replies":[{"embeddable":true,"href":"https:\/\/www.paudalho.pe.gov.br\/portal\/wp-json\/wp\/v2\/comments?post=5282"}],"version-history":[{"count":10,"href":"https:\/\/www.paudalho.pe.gov.br\/portal\/wp-json\/wp\/v2\/posts\/5282\/revisions"}],"predecessor-version":[{"id":5297,"href":"https:\/\/www.paudalho.pe.gov.br\/portal\/wp-json\/wp\/v2\/posts\/5282\/revisions\/5297"}],"wp:featuredmedia":[{"embeddable":true,"href":"https:\/\/www.paudalho.pe.gov.br\/portal\/wp-json\/wp\/v2\/media\/5283"}],"wp:attachment":[{"href":"https:\/\/www.paudalho.pe.gov.br\/portal\/wp-json\/wp\/v2\/media?parent=5282"}],"wp:term":[{"taxonomy":"category","embeddable":true,"href":"https:\/\/www.paudalho.pe.gov.br\/portal\/wp-json\/wp\/v2\/categories?post=5282"},{"taxonomy":"post_tag","embeddable":true,"href":"https:\/\/www.paudalho.pe.gov.br\/portal\/wp-json\/wp\/v2\/tags?post=5282"}],"curies":[{"name":"wp","href":"https:\/\/api.w.org\/{rel}","templated":true}]}}