{"id":5020,"date":"2018-11-18T20:13:44","date_gmt":"2018-11-18T23:13:44","guid":{"rendered":"https:\/\/www.paudalho.pe.gov.br\/portal\/?p=5020"},"modified":"2018-12-13T12:27:17","modified_gmt":"2018-12-13T15:27:17","slug":"candidatos-emocionam-populacao-em-eliminatorias-do-canta-paudalho-adulto-e-kids","status":"publish","type":"post","link":"https:\/\/www.paudalho.pe.gov.br\/portal\/candidatos-emocionam-populacao-em-eliminatorias-do-canta-paudalho-adulto-e-kids\/","title":{"rendered":"Candidatos emocionam popula\u00e7\u00e3o em eliminat\u00f3rias do Canta Paudalho Adulto e Kids"},"content":{"rendered":"<p>As eliminat\u00f3rias do <a href=\"https:\/\/www.cantapaudalho.com\/\">Canta Paudalho<\/a> 2018 emocionaram a popula\u00e7\u00e3o no \u00faltimo final de semana. Quarenta e sete candidatos (36 adultos e 11 crian\u00e7as) subiram ao palco montado no P\u00e1tio de Eventos Beira-Rio, no Centro do Paudalho, em um verdadeiro espet\u00e1culo. O maior show de talentos da Mata Norte \u00e9 realizado pela Secretaria de Cultura e Turismo e tem o objetivo de promover o espa\u00e7o cultural e dar oportunidade aos paudalhenses que sonham com a carreira art\u00edstica musical.<\/p>\n<div id=\"attachment_5022\" style=\"width: 610px\" class=\"wp-caption alignnone\"><img loading=\"lazy\" decoding=\"async\" aria-describedby=\"caption-attachment-5022\" data-attachment-id=\"5022\" data-permalink=\"https:\/\/www.paudalho.pe.gov.br\/portal\/candidatos-emocionam-populacao-em-eliminatorias-do-canta-paudalho-adulto-e-kids\/46474772_1139439096179838_6481149458330419200_n\/\" data-orig-file=\"https:\/\/www.paudalho.pe.gov.br\/portal\/wp-content\/uploads\/2018\/11\/46474772_1139439096179838_6481149458330419200_n.jpg\" data-orig-size=\"960,640\" data-comments-opened=\"1\" data-image-meta=\"{&quot;aperture&quot;:&quot;0&quot;,&quot;credit&quot;:&quot;&quot;,&quot;camera&quot;:&quot;&quot;,&quot;caption&quot;:&quot;&quot;,&quot;created_timestamp&quot;:&quot;0&quot;,&quot;copyright&quot;:&quot;&quot;,&quot;focal_length&quot;:&quot;0&quot;,&quot;iso&quot;:&quot;0&quot;,&quot;shutter_speed&quot;:&quot;0&quot;,&quot;title&quot;:&quot;&quot;,&quot;orientation&quot;:&quot;0&quot;}\" data-image-title=\"46474772_1139439096179838_6481149458330419200_n\" data-image-description=\"\" data-image-caption=\"&lt;p&gt;Foto: Josu\u00e9 J\u00fanior\/PMP&lt;\/p&gt;\n\" data-medium-file=\"https:\/\/www.paudalho.pe.gov.br\/portal\/wp-content\/uploads\/2018\/11\/46474772_1139439096179838_6481149458330419200_n-350x230.jpg\" data-large-file=\"https:\/\/www.paudalho.pe.gov.br\/portal\/wp-content\/uploads\/2018\/11\/46474772_1139439096179838_6481149458330419200_n-800x450.jpg\" class=\" wp-image-5022\" src=\"https:\/\/www.paudalho.pe.gov.br\/portal\/wp-content\/uploads\/2018\/11\/46474772_1139439096179838_6481149458330419200_n.jpg\" alt=\"\" width=\"600\" height=\"400\" srcset=\"https:\/\/www.paudalho.pe.gov.br\/portal\/wp-content\/uploads\/2018\/11\/46474772_1139439096179838_6481149458330419200_n.jpg 960w, https:\/\/www.paudalho.pe.gov.br\/portal\/wp-content\/uploads\/2018\/11\/46474772_1139439096179838_6481149458330419200_n-768x512.jpg 768w\" sizes=\"auto, (max-width: 600px) 100vw, 600px\" \/><p id=\"caption-attachment-5022\" class=\"wp-caption-text\">Foto: Josu\u00e9 J\u00fanior\/PMP<\/p><\/div>\n<p>Na sexta-feira (16), se classificaram os candidatos: Micarla, Jo\u00e3o Paulo e Henrique, Reinaldo, Alysson e Jos\u00e9 Roberto. No s\u00e1bado (17), segunda noites de competi\u00e7\u00f5es, garantiram as vagas os calouros: Robert da Silva, Manoel Gen\u00e1rio, Gilmar Ferreira, Leandro Viana e Marcelo Leon que comentou da alegria de participar do projeto. <em>\u201cEstou muito feliz em participar porque o evento dar oportunidade as pessoas da cidade que tem talento e o sonho de cantar. Esta sendo muito boa a experi\u00eancia\u201d<\/em>, disse.<\/p>\n<div id=\"attachment_5025\" style=\"width: 610px\" class=\"wp-caption alignnone\"><img loading=\"lazy\" decoding=\"async\" aria-describedby=\"caption-attachment-5025\" data-attachment-id=\"5025\" data-permalink=\"https:\/\/www.paudalho.pe.gov.br\/portal\/candidatos-emocionam-populacao-em-eliminatorias-do-canta-paudalho-adulto-e-kids\/46387076_1564469547031873_1356248417495416832_n\/\" data-orig-file=\"https:\/\/www.paudalho.pe.gov.br\/portal\/wp-content\/uploads\/2018\/11\/46387076_1564469547031873_1356248417495416832_n.jpg\" data-orig-size=\"960,640\" data-comments-opened=\"1\" data-image-meta=\"{&quot;aperture&quot;:&quot;0&quot;,&quot;credit&quot;:&quot;&quot;,&quot;camera&quot;:&quot;&quot;,&quot;caption&quot;:&quot;&quot;,&quot;created_timestamp&quot;:&quot;0&quot;,&quot;copyright&quot;:&quot;&quot;,&quot;focal_length&quot;:&quot;0&quot;,&quot;iso&quot;:&quot;0&quot;,&quot;shutter_speed&quot;:&quot;0&quot;,&quot;title&quot;:&quot;&quot;,&quot;orientation&quot;:&quot;0&quot;}\" data-image-title=\"46387076_1564469547031873_1356248417495416832_n\" data-image-description=\"\" data-image-caption=\"&lt;p&gt;Foto: Josu\u00e9 J\u00fanior\/PMP&lt;\/p&gt;\n\" data-medium-file=\"https:\/\/www.paudalho.pe.gov.br\/portal\/wp-content\/uploads\/2018\/11\/46387076_1564469547031873_1356248417495416832_n-350x230.jpg\" data-large-file=\"https:\/\/www.paudalho.pe.gov.br\/portal\/wp-content\/uploads\/2018\/11\/46387076_1564469547031873_1356248417495416832_n-800x450.jpg\" class=\" wp-image-5025\" src=\"https:\/\/www.paudalho.pe.gov.br\/portal\/wp-content\/uploads\/2018\/11\/46387076_1564469547031873_1356248417495416832_n.jpg\" alt=\"\" width=\"600\" height=\"400\" srcset=\"https:\/\/www.paudalho.pe.gov.br\/portal\/wp-content\/uploads\/2018\/11\/46387076_1564469547031873_1356248417495416832_n.jpg 960w, https:\/\/www.paudalho.pe.gov.br\/portal\/wp-content\/uploads\/2018\/11\/46387076_1564469547031873_1356248417495416832_n-768x512.jpg 768w\" sizes=\"auto, (max-width: 600px) 100vw, 600px\" \/><p id=\"caption-attachment-5025\" class=\"wp-caption-text\">Foto: Josu\u00e9 J\u00fanior\/PMP<\/p><\/div>\n<div id=\"attachment_5026\" style=\"width: 610px\" class=\"wp-caption alignnone\"><img loading=\"lazy\" decoding=\"async\" aria-describedby=\"caption-attachment-5026\" data-attachment-id=\"5026\" data-permalink=\"https:\/\/www.paudalho.pe.gov.br\/portal\/candidatos-emocionam-populacao-em-eliminatorias-do-canta-paudalho-adulto-e-kids\/46397989_1140426346081113_949879786136666112_n\/\" data-orig-file=\"https:\/\/www.paudalho.pe.gov.br\/portal\/wp-content\/uploads\/2018\/11\/46397989_1140426346081113_949879786136666112_n.jpg\" data-orig-size=\"960,640\" data-comments-opened=\"1\" data-image-meta=\"{&quot;aperture&quot;:&quot;0&quot;,&quot;credit&quot;:&quot;&quot;,&quot;camera&quot;:&quot;&quot;,&quot;caption&quot;:&quot;&quot;,&quot;created_timestamp&quot;:&quot;0&quot;,&quot;copyright&quot;:&quot;&quot;,&quot;focal_length&quot;:&quot;0&quot;,&quot;iso&quot;:&quot;0&quot;,&quot;shutter_speed&quot;:&quot;0&quot;,&quot;title&quot;:&quot;&quot;,&quot;orientation&quot;:&quot;0&quot;}\" data-image-title=\"46397989_1140426346081113_949879786136666112_n\" data-image-description=\"\" data-image-caption=\"&lt;p&gt;Foto: Josu\u00e9 J\u00fanior\/PMP&lt;\/p&gt;\n\" data-medium-file=\"https:\/\/www.paudalho.pe.gov.br\/portal\/wp-content\/uploads\/2018\/11\/46397989_1140426346081113_949879786136666112_n-350x230.jpg\" data-large-file=\"https:\/\/www.paudalho.pe.gov.br\/portal\/wp-content\/uploads\/2018\/11\/46397989_1140426346081113_949879786136666112_n-800x450.jpg\" class=\" wp-image-5026\" src=\"https:\/\/www.paudalho.pe.gov.br\/portal\/wp-content\/uploads\/2018\/11\/46397989_1140426346081113_949879786136666112_n.jpg\" alt=\"\" width=\"600\" height=\"400\" srcset=\"https:\/\/www.paudalho.pe.gov.br\/portal\/wp-content\/uploads\/2018\/11\/46397989_1140426346081113_949879786136666112_n.jpg 960w, https:\/\/www.paudalho.pe.gov.br\/portal\/wp-content\/uploads\/2018\/11\/46397989_1140426346081113_949879786136666112_n-768x512.jpg 768w\" sizes=\"auto, (max-width: 600px) 100vw, 600px\" \/><p id=\"caption-attachment-5026\" class=\"wp-caption-text\">Foto: Josu\u00e9 J\u00fanior\/PMP<\/p><\/div>\n<h2>Garotada de talento<\/h2>\n<p>A grande novidade este ano \u00e9 o Canta Paudalho Kids. Neste domingo (18) foi a vez de a crian\u00e7ada soltar a voz. Dos 11 candidatos que subiram ao palco, se classificaram os pequenos Gabriel Henrique, Ingrid Vit\u00f3ria, Hugo da Silva, Lucas Emanuel e Ticiane Rafaela. Claudiene Coelho foi assistir a competi\u00e7\u00e3o com o filho e elogiou a programa\u00e7\u00e3o. <em>\u201c\u00c9 muito bom essa a\u00e7\u00e3o para os paudlalhenses, porque oferece oportunidade para quem sonha em ser cantor. Muito bom! Anos que vem meu filho vai participar sim!\u201d,<\/em> comentou. Segundo a Secretaria de Cultura e Turismo, a final das competi\u00e7\u00f5es ser\u00e1 realizada no dia 15 de dezembro.<\/p>\n<div id=\"attachment_5027\" style=\"width: 633px\" class=\"wp-caption alignnone\"><img loading=\"lazy\" decoding=\"async\" aria-describedby=\"caption-attachment-5027\" data-attachment-id=\"5027\" data-permalink=\"https:\/\/www.paudalho.pe.gov.br\/portal\/candidatos-emocionam-populacao-em-eliminatorias-do-canta-paudalho-adulto-e-kids\/46382851_1139780522812362_7253500477843701760_n\/\" data-orig-file=\"https:\/\/www.paudalho.pe.gov.br\/portal\/wp-content\/uploads\/2018\/11\/46382851_1139780522812362_7253500477843701760_n.jpg\" data-orig-size=\"960,720\" data-comments-opened=\"1\" data-image-meta=\"{&quot;aperture&quot;:&quot;0&quot;,&quot;credit&quot;:&quot;&quot;,&quot;camera&quot;:&quot;&quot;,&quot;caption&quot;:&quot;&quot;,&quot;created_timestamp&quot;:&quot;0&quot;,&quot;copyright&quot;:&quot;&quot;,&quot;focal_length&quot;:&quot;0&quot;,&quot;iso&quot;:&quot;0&quot;,&quot;shutter_speed&quot;:&quot;0&quot;,&quot;title&quot;:&quot;&quot;,&quot;orientation&quot;:&quot;0&quot;}\" data-image-title=\"46382851_1139780522812362_7253500477843701760_n\" data-image-description=\"\" data-image-caption=\"&lt;p&gt;Foto: Josu\u00e9 J\u00fanior\/PMP&lt;\/p&gt;\n\" data-medium-file=\"https:\/\/www.paudalho.pe.gov.br\/portal\/wp-content\/uploads\/2018\/11\/46382851_1139780522812362_7253500477843701760_n-350x230.jpg\" data-large-file=\"https:\/\/www.paudalho.pe.gov.br\/portal\/wp-content\/uploads\/2018\/11\/46382851_1139780522812362_7253500477843701760_n-800x450.jpg\" class=\" wp-image-5027\" src=\"https:\/\/www.paudalho.pe.gov.br\/portal\/wp-content\/uploads\/2018\/11\/46382851_1139780522812362_7253500477843701760_n.jpg\" alt=\"\" width=\"623\" height=\"468\" srcset=\"https:\/\/www.paudalho.pe.gov.br\/portal\/wp-content\/uploads\/2018\/11\/46382851_1139780522812362_7253500477843701760_n.jpg 960w, https:\/\/www.paudalho.pe.gov.br\/portal\/wp-content\/uploads\/2018\/11\/46382851_1139780522812362_7253500477843701760_n-768x576.jpg 768w\" sizes=\"auto, (max-width: 623px) 100vw, 623px\" \/><p id=\"caption-attachment-5027\" class=\"wp-caption-text\">Foto: Josu\u00e9 J\u00fanior\/PMP<\/p><\/div>\n<p><strong>Ou\u00e7a os detalhes na mat\u00e9ria:\u00a0<\/strong><\/p>\n<!--[if lt IE 9]><script>document.createElement('audio');<\/script><![endif]-->\n<audio class=\"wp-audio-shortcode\" id=\"audio-5020-1\" preload=\"none\" style=\"width: 100%;\" controls=\"controls\"><source type=\"audio\/mpeg\" src=\"https:\/\/www.paudalho.pe.gov.br\/portal\/wp-content\/uploads\/2018\/11\/MAT\u00c9RIA-CANTA.mp3?_=1\" \/><a href=\"https:\/\/www.paudalho.pe.gov.br\/portal\/wp-content\/uploads\/2018\/11\/MAT\u00c9RIA-CANTA.mp3\">https:\/\/www.paudalho.pe.gov.br\/portal\/wp-content\/uploads\/2018\/11\/MAT\u00c9RIA-CANTA.mp3<\/a><\/audio>\n<p><strong>Confira o trecho do <a href=\"https:\/\/www.cantapaudalho.com\/\">Canta Paudalho<\/a> 2018 no v\u00eddeo:<\/strong><\/p>\n<p><iframe loading=\"lazy\" style=\"border: none; overflow: hidden;\" src=\"https:\/\/www.facebook.com\/plugins\/video.php?href=https%3A%2F%2Fwww.facebook.com%2FPrefeituraPaudalho%2Fvideos%2F921674158030644%2F&amp;show_text=1&amp;width=560\" width=\"560\" height=\"445\" frameborder=\"0\" scrolling=\"no\" allowfullscreen=\"allowfullscreen\"><\/iframe><\/p>\n","protected":false},"excerpt":{"rendered":"<p>As eliminat\u00f3rias do Canta Paudalho 2018 emocionaram a popula\u00e7\u00e3o no \u00faltimo final de semana. Quarenta e sete candidatos (36 adultos e 11 crian\u00e7as) subiram ao palco montado no P\u00e1tio de Eventos Beira-Rio, no Centro do Paudalho, em um verdadeiro espet\u00e1culo. O maior show de talentos da Mata Norte \u00e9 realizado pela Secretaria de Cultura e [&hellip;]<\/p>\n","protected":false},"author":4,"featured_media":5086,"comment_status":"open","ping_status":"open","sticky":false,"template":"","format":"standard","meta":{"_jetpack_newsletter_access":"","_jetpack_dont_email_post_to_subs":false,"_jetpack_newsletter_tier_id":0,"_jetpack_memberships_contains_paywalled_content":false,"_jetpack_memberships_contains_paid_content":false,"footnotes":""},"categories":[6,2,1],"tags":[383,410],"class_list":["post-5020","post","type-post","status-publish","format-standard","has-post-thumbnail","hentry","category-cultura","category-destaque","category-noticias","tag-2o-canta-paudalho","tag-eliminatorias"],"jetpack_featured_media_url":"https:\/\/www.paudalho.pe.gov.br\/portal\/wp-content\/uploads\/2018\/11\/ba65c80f-b65e-49d0-8df0-6886734b2f20.jpg","jetpack_sharing_enabled":true,"jetpack_shortlink":"https:\/\/wp.me\/p98mS2-1iY","_links":{"self":[{"href":"https:\/\/www.paudalho.pe.gov.br\/portal\/wp-json\/wp\/v2\/posts\/5020","targetHints":{"allow":["GET"]}}],"collection":[{"href":"https:\/\/www.paudalho.pe.gov.br\/portal\/wp-json\/wp\/v2\/posts"}],"about":[{"href":"https:\/\/www.paudalho.pe.gov.br\/portal\/wp-json\/wp\/v2\/types\/post"}],"author":[{"embeddable":true,"href":"https:\/\/www.paudalho.pe.gov.br\/portal\/wp-json\/wp\/v2\/users\/4"}],"replies":[{"embeddable":true,"href":"https:\/\/www.paudalho.pe.gov.br\/portal\/wp-json\/wp\/v2\/comments?post=5020"}],"version-history":[{"count":7,"href":"https:\/\/www.paudalho.pe.gov.br\/portal\/wp-json\/wp\/v2\/posts\/5020\/revisions"}],"predecessor-version":[{"id":5459,"href":"https:\/\/www.paudalho.pe.gov.br\/portal\/wp-json\/wp\/v2\/posts\/5020\/revisions\/5459"}],"wp:featuredmedia":[{"embeddable":true,"href":"https:\/\/www.paudalho.pe.gov.br\/portal\/wp-json\/wp\/v2\/media\/5086"}],"wp:attachment":[{"href":"https:\/\/www.paudalho.pe.gov.br\/portal\/wp-json\/wp\/v2\/media?parent=5020"}],"wp:term":[{"taxonomy":"category","embeddable":true,"href":"https:\/\/www.paudalho.pe.gov.br\/portal\/wp-json\/wp\/v2\/categories?post=5020"},{"taxonomy":"post_tag","embeddable":true,"href":"https:\/\/www.paudalho.pe.gov.br\/portal\/wp-json\/wp\/v2\/tags?post=5020"}],"curies":[{"name":"wp","href":"https:\/\/api.w.org\/{rel}","templated":true}]}}