{"id":4665,"date":"2018-11-06T10:40:32","date_gmt":"2018-11-06T13:40:32","guid":{"rendered":"https:\/\/www.paudalho.pe.gov.br\/portal\/?p=4665"},"modified":"2018-11-06T10:51:35","modified_gmt":"2018-11-06T13:51:35","slug":"minha-casa-minha-vida-prefeitura-assina-segunda-etapa-de-mais-um-residencial-no-municipio","status":"publish","type":"post","link":"https:\/\/www.paudalho.pe.gov.br\/portal\/minha-casa-minha-vida-prefeitura-assina-segunda-etapa-de-mais-um-residencial-no-municipio\/","title":{"rendered":"Minha Casa Minha Vida: Prefeitura assina segunda etapa de mais um residencial no Munic\u00edpio"},"content":{"rendered":"<p>Em reuni\u00e3o com representantes da Caixa Economia Federal, em Caruaru, no Agreste, o prefeito Marcelo Gouveia assinou na \u00faltima quinta-feira (1) a segunda etapa do Residencial Guadalajara II, obra do Minha Casa Minha Vida, em Paudalho. O empreendimento vai beneficiar cerca de 288 fam\u00edlias, o que resultar\u00e1 em torno de mil pessoas contempladas. A obra ter\u00e1 investimento de R$ 21 milh\u00f5es.<\/p>\n<p>\u201cEstamos muito felizes com mais essa conquista para Paudalho. Lembrando que essa \u00e9 a segunda obra no Munic\u00edpio do Minha Casa Minha Vida e todo nosso esfor\u00e7o \u00e9 para que a vida dos paudalhenses sejam transformadas. Como eu sempre digo, nosso lema \u00e9: trabalho, trabalho e trabalho\u201d, destacou o prefeito Marcelo Gouveia.<\/p>\n<h2>Residencial Guadalajara I<\/h2>\n<p>A constru\u00e7\u00e3o do primeiro empreendimento do Minha Casa Minha Vida segue a todo vapor na cidade. O Residencial Guadalajara I, que tamb\u00e9m vai ofertar 288 unidades, j\u00e1 provoca a mudan\u00e7a. Sefaz Ferreira de 53 anos estava desempregado. Hoje, ele comemora a oportunidade que conquistou com a chegada da constru\u00e7\u00e3o. \u201cMinha fam\u00edlia fica feliz porque estou trazendo o p\u00e3o para dentro de casa. E muito mais \u00e9 que muita gente n\u00e3o tem um casa e agora vai ter\u201d, disse.<\/p>\n<div id=\"attachment_4098\" style=\"width: 561px\" class=\"wp-caption alignnone\"><img loading=\"lazy\" decoding=\"async\" aria-describedby=\"caption-attachment-4098\" data-attachment-id=\"4098\" data-permalink=\"https:\/\/www.paudalho.pe.gov.br\/portal\/conquista-paudalho-recebera-mais-288-unidades-habitacionais-do-programa-minha-casa-minha-vida\/279bbd99-fa67-446b-9fe2-38a6ab678733\/\" data-orig-file=\"https:\/\/www.paudalho.pe.gov.br\/portal\/wp-content\/uploads\/2018\/09\/279bbd99-fa67-446b-9fe2-38a6ab678733.jpg\" data-orig-size=\"1280,720\" data-comments-opened=\"1\" data-image-meta=\"{&quot;aperture&quot;:&quot;0&quot;,&quot;credit&quot;:&quot;&quot;,&quot;camera&quot;:&quot;&quot;,&quot;caption&quot;:&quot;&quot;,&quot;created_timestamp&quot;:&quot;0&quot;,&quot;copyright&quot;:&quot;&quot;,&quot;focal_length&quot;:&quot;0&quot;,&quot;iso&quot;:&quot;0&quot;,&quot;shutter_speed&quot;:&quot;0&quot;,&quot;title&quot;:&quot;&quot;,&quot;orientation&quot;:&quot;0&quot;}\" data-image-title=\"279bbd99-fa67-446b-9fe2-38a6ab678733\" data-image-description=\"\" data-image-caption=\"\" data-medium-file=\"https:\/\/www.paudalho.pe.gov.br\/portal\/wp-content\/uploads\/2018\/09\/279bbd99-fa67-446b-9fe2-38a6ab678733-350x230.jpg\" data-large-file=\"https:\/\/www.paudalho.pe.gov.br\/portal\/wp-content\/uploads\/2018\/09\/279bbd99-fa67-446b-9fe2-38a6ab678733-800x450.jpg\" class=\"wp-image-4098\" src=\"https:\/\/www.paudalho.pe.gov.br\/portal\/wp-content\/uploads\/2018\/09\/279bbd99-fa67-446b-9fe2-38a6ab678733.jpg\" alt=\"\" width=\"551\" height=\"310\" srcset=\"https:\/\/www.paudalho.pe.gov.br\/portal\/wp-content\/uploads\/2018\/09\/279bbd99-fa67-446b-9fe2-38a6ab678733.jpg 1280w, https:\/\/www.paudalho.pe.gov.br\/portal\/wp-content\/uploads\/2018\/09\/279bbd99-fa67-446b-9fe2-38a6ab678733-768x432.jpg 768w, https:\/\/www.paudalho.pe.gov.br\/portal\/wp-content\/uploads\/2018\/09\/279bbd99-fa67-446b-9fe2-38a6ab678733-800x450.jpg 800w\" sizes=\"auto, (max-width: 551px) 100vw, 551px\" \/><p id=\"caption-attachment-4098\" class=\"wp-caption-text\">Foto: Crist\u00f3v\u00e3o Neto\/PMP<\/p><\/div>\n<p>J\u00e1 o estudante, Jos\u00e9 Renato, comenta alegre sobre os empregos que s\u00e3o gerados com empreendimentos como o Minha Casa Minha Vida. \u201cCom essa obra, quem est\u00e1 desempregado vai arrumar um emprego e minha nota \u00e9 mil. Fico feliz porque os pais de fam\u00edlias v\u00e3o ter uma oportunidade\u201d, comentou. Unindo os dois empreendimentos, ser\u00e3o entregues \u00e0 popula\u00e7\u00e3o 576 moradias.<\/p>\n<div id=\"attachment_4097\" style=\"width: 563px\" class=\"wp-caption alignnone\"><img loading=\"lazy\" decoding=\"async\" aria-describedby=\"caption-attachment-4097\" data-attachment-id=\"4097\" data-permalink=\"https:\/\/www.paudalho.pe.gov.br\/portal\/conquista-paudalho-recebera-mais-288-unidades-habitacionais-do-programa-minha-casa-minha-vida\/77e6cac8-7288-4d7e-8c10-e4a7acbf5cca\/\" data-orig-file=\"https:\/\/www.paudalho.pe.gov.br\/portal\/wp-content\/uploads\/2018\/09\/77e6cac8-7288-4d7e-8c10-e4a7acbf5cca.jpg\" data-orig-size=\"1280,720\" data-comments-opened=\"1\" data-image-meta=\"{&quot;aperture&quot;:&quot;0&quot;,&quot;credit&quot;:&quot;&quot;,&quot;camera&quot;:&quot;&quot;,&quot;caption&quot;:&quot;&quot;,&quot;created_timestamp&quot;:&quot;0&quot;,&quot;copyright&quot;:&quot;&quot;,&quot;focal_length&quot;:&quot;0&quot;,&quot;iso&quot;:&quot;0&quot;,&quot;shutter_speed&quot;:&quot;0&quot;,&quot;title&quot;:&quot;&quot;,&quot;orientation&quot;:&quot;0&quot;}\" data-image-title=\"77e6cac8-7288-4d7e-8c10-e4a7acbf5cca\" data-image-description=\"\" data-image-caption=\"\" data-medium-file=\"https:\/\/www.paudalho.pe.gov.br\/portal\/wp-content\/uploads\/2018\/09\/77e6cac8-7288-4d7e-8c10-e4a7acbf5cca-350x230.jpg\" data-large-file=\"https:\/\/www.paudalho.pe.gov.br\/portal\/wp-content\/uploads\/2018\/09\/77e6cac8-7288-4d7e-8c10-e4a7acbf5cca-800x450.jpg\" class=\"wp-image-4097\" src=\"https:\/\/www.paudalho.pe.gov.br\/portal\/wp-content\/uploads\/2018\/09\/77e6cac8-7288-4d7e-8c10-e4a7acbf5cca.jpg\" alt=\"\" width=\"553\" height=\"311\" srcset=\"https:\/\/www.paudalho.pe.gov.br\/portal\/wp-content\/uploads\/2018\/09\/77e6cac8-7288-4d7e-8c10-e4a7acbf5cca.jpg 1280w, https:\/\/www.paudalho.pe.gov.br\/portal\/wp-content\/uploads\/2018\/09\/77e6cac8-7288-4d7e-8c10-e4a7acbf5cca-768x432.jpg 768w, https:\/\/www.paudalho.pe.gov.br\/portal\/wp-content\/uploads\/2018\/09\/77e6cac8-7288-4d7e-8c10-e4a7acbf5cca-800x450.jpg 800w\" sizes=\"auto, (max-width: 553px) 100vw, 553px\" \/><p id=\"caption-attachment-4097\" class=\"wp-caption-text\">Foto: Crist\u00f3v\u00e3o Neto\/PMP<\/p><\/div>\n<h2><\/h2>\n<h2>Minha Casa Minha Vida<\/h2>\n<p>O Programa Minha Casa, Minha Vida foi lan\u00e7ado em mar\u00e7o de 2009 e tem o objetivo de subsidiar a aquisi\u00e7\u00e3o da casa ou apartamento pr\u00f3prio para fam\u00edlias com baixa renda. Os detalhes do programa est\u00e3o dispon\u00edveis no site:\u00a0<a href=\"http:\/\/www.caixa.gov.br\/voce\/habitacao\/minha-casa-minha-vida\/Paginas\/default.aspx\">www.caixa.gov.br<\/a>.<\/p>\n<p><strong>Confira no v\u00eddeo os detalhes sobre o Residencial Guadalajara I:\u00a0<\/strong><\/p>\n<p><iframe loading=\"lazy\" style=\"border: none; overflow: hidden;\" src=\"https:\/\/www.facebook.com\/plugins\/video.php?href=https%3A%2F%2Fwww.facebook.com%2FPrefeituraPaudalho%2Fvideos%2F268814850420250%2F&amp;show_text=1&amp;width=560\" width=\"560\" height=\"476\" frameborder=\"0\" scrolling=\"no\" allowfullscreen=\"allowfullscreen\"><\/iframe><\/p>\n<p>&nbsp;<\/p>\n","protected":false},"excerpt":{"rendered":"<p>Em reuni\u00e3o com representantes da Caixa Economia Federal, em Caruaru, no Agreste, o prefeito Marcelo Gouveia assinou na \u00faltima quinta-feira (1) a segunda etapa do Residencial Guadalajara II, obra do Minha Casa Minha Vida, em Paudalho. O empreendimento vai beneficiar cerca de 288 fam\u00edlias, o que resultar\u00e1 em torno de mil pessoas contempladas. A obra [&hellip;]<\/p>\n","protected":false},"author":4,"featured_media":4666,"comment_status":"open","ping_status":"open","sticky":false,"template":"","format":"standard","meta":{"_jetpack_newsletter_access":"","_jetpack_dont_email_post_to_subs":false,"_jetpack_newsletter_tier_id":0,"_jetpack_memberships_contains_paywalled_content":false,"_jetpack_memberships_contains_paid_content":false,"footnotes":""},"categories":[2,1,35],"tags":[129,401],"class_list":["post-4665","post","type-post","status-publish","format-standard","has-post-thumbnail","hentry","category-destaque","category-noticias","category-obras","tag-minha-casa-minha-vida","tag-residencial-guadalajara-ii"],"jetpack_featured_media_url":"https:\/\/www.paudalho.pe.gov.br\/portal\/wp-content\/uploads\/2018\/11\/eb2271e4-d017-42cd-b6c1-dfc5e375f2ed.jpg","jetpack_sharing_enabled":true,"jetpack_shortlink":"https:\/\/wp.me\/p98mS2-1df","_links":{"self":[{"href":"https:\/\/www.paudalho.pe.gov.br\/portal\/wp-json\/wp\/v2\/posts\/4665","targetHints":{"allow":["GET"]}}],"collection":[{"href":"https:\/\/www.paudalho.pe.gov.br\/portal\/wp-json\/wp\/v2\/posts"}],"about":[{"href":"https:\/\/www.paudalho.pe.gov.br\/portal\/wp-json\/wp\/v2\/types\/post"}],"author":[{"embeddable":true,"href":"https:\/\/www.paudalho.pe.gov.br\/portal\/wp-json\/wp\/v2\/users\/4"}],"replies":[{"embeddable":true,"href":"https:\/\/www.paudalho.pe.gov.br\/portal\/wp-json\/wp\/v2\/comments?post=4665"}],"version-history":[{"count":4,"href":"https:\/\/www.paudalho.pe.gov.br\/portal\/wp-json\/wp\/v2\/posts\/4665\/revisions"}],"predecessor-version":[{"id":4670,"href":"https:\/\/www.paudalho.pe.gov.br\/portal\/wp-json\/wp\/v2\/posts\/4665\/revisions\/4670"}],"wp:featuredmedia":[{"embeddable":true,"href":"https:\/\/www.paudalho.pe.gov.br\/portal\/wp-json\/wp\/v2\/media\/4666"}],"wp:attachment":[{"href":"https:\/\/www.paudalho.pe.gov.br\/portal\/wp-json\/wp\/v2\/media?parent=4665"}],"wp:term":[{"taxonomy":"category","embeddable":true,"href":"https:\/\/www.paudalho.pe.gov.br\/portal\/wp-json\/wp\/v2\/categories?post=4665"},{"taxonomy":"post_tag","embeddable":true,"href":"https:\/\/www.paudalho.pe.gov.br\/portal\/wp-json\/wp\/v2\/tags?post=4665"}],"curies":[{"name":"wp","href":"https:\/\/api.w.org\/{rel}","templated":true}]}}