{"id":4634,"date":"2018-10-30T13:04:22","date_gmt":"2018-10-30T16:04:22","guid":{"rendered":"https:\/\/www.paudalho.pe.gov.br\/portal\/?p=4634"},"modified":"2018-11-23T10:14:17","modified_gmt":"2018-11-23T13:14:17","slug":"prefeitura-do-paudalho-realiza-renovacao-de-matriculas-para-ano-de-2019","status":"publish","type":"post","link":"https:\/\/www.paudalho.pe.gov.br\/portal\/prefeitura-do-paudalho-realiza-renovacao-de-matriculas-para-ano-de-2019\/","title":{"rendered":"Prefeitura do Paudalho realiza renova\u00e7\u00e3o de matr\u00edculas para ano de 2019"},"content":{"rendered":"<p>De acordo com dados divulgados pela UNESCO, cerca de 263 milh\u00f5es de crian\u00e7as e adolescentes est\u00e3o fora da escola no mundo. Isso significa que uma em cada cinco pessoas com at\u00e9 17 anos n\u00e3o frequenta uma institui\u00e7\u00e3o de ensino. Os n\u00fameros tamb\u00e9m apontam disparidades entre os jovens de na\u00e7\u00f5es ricas e pobres. Em pa\u00edses de baixa renda, a taxa de evas\u00e3o de estudantes de 15 a 17 anos \u00e9 de 59%, enquanto nos pa\u00edses ricos \u00e9 de apenas 6%.<\/p>\n<p>Mas, a Prefeitura do Paudalho tem avan\u00e7ado e superado a crise financeira que alcan\u00e7a todo o Brasil. Em menos de dois anos de gest\u00e3o diversas unidades de ensino do Munic\u00edpio foram inauguradas, transformadas e reconstru\u00eddas, como o Col\u00e9gio Municipal de Guadalajara, a Creche Leonel Francisco Soares e a Escola Municipal C\u00edcero Lopes da Silva, conhecida popularmente pelo nome \u201cFonte de Aldeia\u201d, comunidade onde est\u00e1 situada, na Zona Rural da cidade.<\/p>\n<p><img loading=\"lazy\" decoding=\"async\" data-attachment-id=\"4637\" data-permalink=\"https:\/\/www.paudalho.pe.gov.br\/portal\/prefeitura-do-paudalho-realiza-renovacao-de-matriculas-para-ano-de-2019\/dsc09810\/\" data-orig-file=\"https:\/\/www.paudalho.pe.gov.br\/portal\/wp-content\/uploads\/2018\/10\/DSC09810.jpg\" data-orig-size=\"6000,3376\" data-comments-opened=\"1\" data-image-meta=\"{&quot;aperture&quot;:&quot;3.2&quot;,&quot;credit&quot;:&quot;&quot;,&quot;camera&quot;:&quot;ILCE-6500&quot;,&quot;caption&quot;:&quot;&quot;,&quot;created_timestamp&quot;:&quot;1535834339&quot;,&quot;copyright&quot;:&quot;&quot;,&quot;focal_length&quot;:&quot;10&quot;,&quot;iso&quot;:&quot;1600&quot;,&quot;shutter_speed&quot;:&quot;0.00625&quot;,&quot;title&quot;:&quot;&quot;,&quot;orientation&quot;:&quot;1&quot;}\" data-image-title=\"DSC09810\" data-image-description=\"\" data-image-caption=\"\" data-medium-file=\"https:\/\/www.paudalho.pe.gov.br\/portal\/wp-content\/uploads\/2018\/10\/DSC09810-350x230.jpg\" data-large-file=\"https:\/\/www.paudalho.pe.gov.br\/portal\/wp-content\/uploads\/2018\/10\/DSC09810-800x450.jpg\" class=\"alignnone wp-image-4637\" src=\"https:\/\/www.paudalho.pe.gov.br\/portal\/wp-content\/uploads\/2018\/10\/DSC09810.jpg\" alt=\"\" width=\"551\" height=\"310\" srcset=\"https:\/\/www.paudalho.pe.gov.br\/portal\/wp-content\/uploads\/2018\/10\/DSC09810.jpg 6000w, https:\/\/www.paudalho.pe.gov.br\/portal\/wp-content\/uploads\/2018\/10\/DSC09810-768x432.jpg 768w, https:\/\/www.paudalho.pe.gov.br\/portal\/wp-content\/uploads\/2018\/10\/DSC09810-800x450.jpg 800w\" sizes=\"auto, (max-width: 551px) 100vw, 551px\" \/><\/p>\n<p>Al\u00e9m disso, a gest\u00e3o tem se preocupado com a humaniza\u00e7\u00e3o dos servi\u00e7os. Exemplo dessa transforma\u00e7\u00e3o \u00e9 que kits escolares tamb\u00e9m foram entregues em 2018 aos alunos da Rede Municipal no objetivo de dar suporte \u00e0s fam\u00edlias na cidade. E continuando o trabalho, a Prefeitura por meio da Secretaria de Educa\u00e7\u00e3o realiza entre 12 e 20 de novembro de 2018 o per\u00edodo de rematr\u00edculas dos alunos da Rede Municipal de Ensino. O processo ocorrer\u00e1 em todas as escolas e \u00e9 necess\u00e1rio que os pais ou respons\u00e1veis compare\u00e7am aos locais para que o procedimento seja executado.<\/p>\n<p><img loading=\"lazy\" decoding=\"async\" data-attachment-id=\"4636\" data-permalink=\"https:\/\/www.paudalho.pe.gov.br\/portal\/prefeitura-do-paudalho-realiza-renovacao-de-matriculas-para-ano-de-2019\/25d08c03-f992-4514-8716-fc32b86ad189-2\/\" data-orig-file=\"https:\/\/www.paudalho.pe.gov.br\/portal\/wp-content\/uploads\/2018\/10\/25d08c03-f992-4514-8716-fc32b86ad189.jpg\" data-orig-size=\"1280,853\" data-comments-opened=\"1\" data-image-meta=\"{&quot;aperture&quot;:&quot;0&quot;,&quot;credit&quot;:&quot;&quot;,&quot;camera&quot;:&quot;&quot;,&quot;caption&quot;:&quot;&quot;,&quot;created_timestamp&quot;:&quot;0&quot;,&quot;copyright&quot;:&quot;&quot;,&quot;focal_length&quot;:&quot;0&quot;,&quot;iso&quot;:&quot;0&quot;,&quot;shutter_speed&quot;:&quot;0&quot;,&quot;title&quot;:&quot;&quot;,&quot;orientation&quot;:&quot;0&quot;}\" data-image-title=\"25d08c03-f992-4514-8716-fc32b86ad189\" data-image-description=\"\" data-image-caption=\"\" data-medium-file=\"https:\/\/www.paudalho.pe.gov.br\/portal\/wp-content\/uploads\/2018\/10\/25d08c03-f992-4514-8716-fc32b86ad189-350x230.jpg\" data-large-file=\"https:\/\/www.paudalho.pe.gov.br\/portal\/wp-content\/uploads\/2018\/10\/25d08c03-f992-4514-8716-fc32b86ad189-800x450.jpg\" class=\"alignnone wp-image-4636\" src=\"https:\/\/www.paudalho.pe.gov.br\/portal\/wp-content\/uploads\/2018\/10\/25d08c03-f992-4514-8716-fc32b86ad189.jpg\" alt=\"\" width=\"552\" height=\"367\" srcset=\"https:\/\/www.paudalho.pe.gov.br\/portal\/wp-content\/uploads\/2018\/10\/25d08c03-f992-4514-8716-fc32b86ad189.jpg 1280w, https:\/\/www.paudalho.pe.gov.br\/portal\/wp-content\/uploads\/2018\/10\/25d08c03-f992-4514-8716-fc32b86ad189-768x512.jpg 768w\" sizes=\"auto, (max-width: 552px) 100vw, 552px\" \/><\/p>\n<p>\u201cA Secretaria de Educa\u00e7\u00e3o convida os pais com filhos estudando na Rede Municipal de Ensino para realizarem o processo. S\u00f3 assim a vaga no ano de 2019 ser\u00e1 garantida. A nossa maior preocupa\u00e7\u00e3o \u00e9 com o estudante, porque muitos pais deixam para fazer a rematr\u00edcula no come\u00e7o do ano letivo e isso pode fazer com que o aluno perca a vaga\u201d, comentou a gerente de Gest\u00e3o Escolar, Ana Catarina.<\/p>\n<p>Ainda de acordo com a Pasta, as inscri\u00e7\u00f5es para novos alunos oriundos do lar para Educa\u00e7\u00e3o Infantil ocorrer\u00e1 entre os dias 26 e 30 de novembro. J\u00e1 para alunos da Rede Municipal de Ensino, a renova\u00e7\u00e3o ser\u00e1 realizada entre tr\u00eas e sete de dezembro. O processo para estudantes oriundos do lar e de outros institui\u00e7\u00f5es (Rede Estadual e Privada) ser\u00e1 feito entre sete e 11 janeiro de 2019.<\/p>\n","protected":false},"excerpt":{"rendered":"<p>De acordo com dados divulgados pela UNESCO, cerca de 263 milh\u00f5es de crian\u00e7as e adolescentes est\u00e3o fora da escola no mundo. Isso significa que uma em cada cinco pessoas com at\u00e9 17 anos n\u00e3o frequenta uma institui\u00e7\u00e3o de ensino. Os n\u00fameros tamb\u00e9m apontam disparidades entre os jovens de na\u00e7\u00f5es ricas e pobres. Em pa\u00edses de [&hellip;]<\/p>\n","protected":false},"author":4,"featured_media":4635,"comment_status":"open","ping_status":"open","sticky":false,"template":"","format":"standard","meta":{"_jetpack_newsletter_access":"","_jetpack_dont_email_post_to_subs":false,"_jetpack_newsletter_tier_id":0,"_jetpack_memberships_contains_paywalled_content":false,"_jetpack_memberships_contains_paid_content":false,"footnotes":""},"categories":[2,4],"tags":[30,396],"class_list":["post-4634","post","type-post","status-publish","format-standard","has-post-thumbnail","hentry","category-destaque","category-educacao","tag-educacao","tag-rematriculas"],"jetpack_featured_media_url":"https:\/\/www.paudalho.pe.gov.br\/portal\/wp-content\/uploads\/2018\/10\/11cf54ed-a361-49e0-b707-c46c6aead735.jpg","jetpack_sharing_enabled":true,"jetpack_shortlink":"https:\/\/wp.me\/p98mS2-1cK","_links":{"self":[{"href":"https:\/\/www.paudalho.pe.gov.br\/portal\/wp-json\/wp\/v2\/posts\/4634","targetHints":{"allow":["GET"]}}],"collection":[{"href":"https:\/\/www.paudalho.pe.gov.br\/portal\/wp-json\/wp\/v2\/posts"}],"about":[{"href":"https:\/\/www.paudalho.pe.gov.br\/portal\/wp-json\/wp\/v2\/types\/post"}],"author":[{"embeddable":true,"href":"https:\/\/www.paudalho.pe.gov.br\/portal\/wp-json\/wp\/v2\/users\/4"}],"replies":[{"embeddable":true,"href":"https:\/\/www.paudalho.pe.gov.br\/portal\/wp-json\/wp\/v2\/comments?post=4634"}],"version-history":[{"count":3,"href":"https:\/\/www.paudalho.pe.gov.br\/portal\/wp-json\/wp\/v2\/posts\/4634\/revisions"}],"predecessor-version":[{"id":5334,"href":"https:\/\/www.paudalho.pe.gov.br\/portal\/wp-json\/wp\/v2\/posts\/4634\/revisions\/5334"}],"wp:featuredmedia":[{"embeddable":true,"href":"https:\/\/www.paudalho.pe.gov.br\/portal\/wp-json\/wp\/v2\/media\/4635"}],"wp:attachment":[{"href":"https:\/\/www.paudalho.pe.gov.br\/portal\/wp-json\/wp\/v2\/media?parent=4634"}],"wp:term":[{"taxonomy":"category","embeddable":true,"href":"https:\/\/www.paudalho.pe.gov.br\/portal\/wp-json\/wp\/v2\/categories?post=4634"},{"taxonomy":"post_tag","embeddable":true,"href":"https:\/\/www.paudalho.pe.gov.br\/portal\/wp-json\/wp\/v2\/tags?post=4634"}],"curies":[{"name":"wp","href":"https:\/\/api.w.org\/{rel}","templated":true}]}}