{"id":4207,"date":"2018-10-16T11:01:19","date_gmt":"2018-10-16T14:01:19","guid":{"rendered":"https:\/\/www.paudalho.pe.gov.br\/portal\/?p=4207"},"modified":"2018-10-16T11:02:30","modified_gmt":"2018-10-16T14:02:30","slug":"prefeitura-do-paudalho-realiza-i-mostra-de-ciencia-tecnologia-e-inovacao-inova-paudalho","status":"publish","type":"post","link":"https:\/\/www.paudalho.pe.gov.br\/portal\/prefeitura-do-paudalho-realiza-i-mostra-de-ciencia-tecnologia-e-inovacao-inova-paudalho\/","title":{"rendered":"Prefeitura do Paudalho realiza I Mostra de Ci\u00eancia, Tecnologia e Inova\u00e7\u00e3o &#8211; \u201cInova Paudalho\u201d"},"content":{"rendered":"<p id=\"MjA2\" class=\"frase fr\"><em>&#8220;A vida est\u00e1 cheia de desafios que, se aproveitados de forma criativa, transformam-se em oportunidades&#8221;. (Marxwell Maltz &#8211; Desenvolvedor da psicocibern\u00e9tica)<\/em><\/p>\n<p>&nbsp;<\/p>\n<p>Passo a passo a Educa\u00e7\u00e3o em Paudalho tem al\u00e7ado grandes \u201cvoos\u201d e hoje \u00e9 destaque em toda a Mata Norte de Pernambuco. Atrav\u00e9s de a\u00e7\u00f5es que visam fomentar a capacidade e o sonho profissional dos alunos do Munic\u00edpio, a gest\u00e3o tem conseguido mudar o cen\u00e1rio educacional na cidade. Como prova disso, a Secretaria de Educa\u00e7\u00e3o realizar\u00e1 entre os dias 18 e 19 de Outubro a I Mostra de Ci\u00eancia, Tecnologia e Inova\u00e7\u00e3o &#8211; \u201cInova Paudalho\u201d.\u00a0 A programa\u00e7\u00e3o ocorrer\u00e1 na Quadra Coberta, que fica na Avenida Miguel Arraes, no Centro da cidade, das 8h \u00e0s 13h. Cerca de 40 projetos ser\u00e3o apresentados.<\/p>\n<p>O objetivo da a\u00e7\u00e3o \u00e9 de oportunizar um espa\u00e7o para exposi\u00e7\u00e3o, apresenta\u00e7\u00e3o e discuss\u00e3o de trabalhos, estudos e projetos elaborados por estudantes das escolas municipais, estaduais e rede privada que tenham empreendido uma investiga\u00e7\u00e3o sobre um fen\u00f4meno ou tema, aplicando m\u00e9todos e processos t\u00e9cnico-cient\u00edficos, oportunizando aos estudantes a curiosidade cient\u00edfica.<\/p>\n<p>Os trabalhos que ser\u00e3o apresentados s\u00e3o de estudantes dos anos iniciais (1\u00ba ao 5\u00ba anos), fundamental II (6\u00ba ao 9\u00ba anos) e N\u00edvel M\u00e9dio nas \u00e1reas do conhecimento de matem\u00e1tica; qu\u00edmica; f\u00edsica; astronomia; rob\u00f3tica, engenharias, ci\u00eancias e biologia. A classifica\u00e7\u00e3o dos trabalhos em cada \u00e1rea e n\u00edvel ser\u00e1 realizada por meio do somat\u00f3rio da pontua\u00e7\u00e3o dos avaliadores que atribuir\u00e3o nota de zero a dez.<\/p>\n<h2><strong>Premia\u00e7\u00e3o<\/strong><\/h2>\n<p>De acordo com a Secret\u00e1ria de Educa\u00e7\u00e3o do Paudalho,\u00a0os participantes dos tr\u00eas trabalhos que obtiverem melhor classifica\u00e7\u00e3o em cada \u00e1rea e n\u00edvel ser\u00e3o agraciados com medalhas de premia\u00e7\u00e3o, sendo os primeiros lugares ganhadores de premia\u00e7\u00e3o especial.\u00a0Todos os autores receber\u00e3o certificado de participa\u00e7\u00e3o. Al\u00e9m disso, as institui\u00e7\u00f5es do ensino m\u00e9dio que tiverem trabalhos premiados receber\u00e3o bolsas na modalidade PIBIC-EM<\/p>\n<p><strong>Confira a programa\u00e7\u00e3o detalhada:<\/strong><\/p>\n<p>&nbsp;<\/p>\n<table>\n<tbody>\n<tr>\n<td width=\"192\"><strong>QUINTA- 18\/10<\/strong><\/td>\n<td width=\"192\"><strong>ATIVIDADE<\/strong><\/td>\n<td width=\"192\"><strong>LOCAL<\/strong><\/td>\n<\/tr>\n<tr>\n<td width=\"192\">&nbsp;<\/p>\n<p>7h.30min \u00e0s 9h.<\/p>\n<p>&nbsp;<\/td>\n<td width=\"192\">Credenciamento<\/td>\n<td width=\"192\">recep\u00e7\u00e3o<\/td>\n<\/tr>\n<tr>\n<td width=\"192\">&nbsp;<\/p>\n<p>8h. \u00e0s 8h.30min.<\/td>\n<td width=\"192\">&nbsp;<\/p>\n<p>Organiza\u00e7\u00e3o dos trabalhos nos estandes<\/td>\n<td width=\"192\">estantes<\/td>\n<\/tr>\n<tr>\n<td width=\"192\">&nbsp;<\/p>\n<p>8h.30.\u00a0 \u00e0s\u00a0 9h.<\/p>\n<p>&nbsp;<\/td>\n<td width=\"192\">Abertura\/ Atividade cultural<\/td>\n<td width=\"192\">palco<\/td>\n<\/tr>\n<tr>\n<td width=\"192\">9h. \u00e0s\u00a0 9h.30min.<\/td>\n<td width=\"192\">Palestra de abertura<\/td>\n<td width=\"192\">palco<\/td>\n<\/tr>\n<tr>\n<td width=\"192\">&nbsp;<\/p>\n<p>9h.30min\u00a0 \u00e0s\u00a0 11h.30min.<\/td>\n<td width=\"192\">&nbsp;<\/p>\n<p>Apresenta\u00e7\u00e3o e avalia\u00e7\u00e3o dos trabalhos<\/td>\n<td width=\"192\">&nbsp;<\/p>\n<p>Estandes<\/td>\n<\/tr>\n<tr>\n<td width=\"192\">&nbsp;<\/p>\n<p>&nbsp;<\/p>\n<p>11h.30min.\u00a0 \u00e0s\u00a0 12h<\/td>\n<td width=\"192\">&nbsp;<\/p>\n<p>Encerramento Cultural e premia\u00e7\u00e3o<\/td>\n<td width=\"192\">&nbsp;<\/p>\n<p>palco<\/td>\n<\/tr>\n<\/tbody>\n<\/table>\n<p>&nbsp;<\/p>\n<p>&nbsp;<\/p>\n<table>\n<tbody>\n<tr>\n<td width=\"192\"><strong>SEXTA- 19\/10<\/strong><\/td>\n<td width=\"192\"><strong>ATIVIDADE<\/strong><\/td>\n<td width=\"192\">\n<table>\n<tbody>\n<tr>\n<td width=\"192\"><strong>LOCAL<\/strong><\/td>\n<\/tr>\n<\/tbody>\n<\/table>\n<\/td>\n<\/tr>\n<tr>\n<td width=\"192\">&nbsp;<\/p>\n<p>7h.30min \u00e0s 9h.<\/p>\n<p>&nbsp;<\/td>\n<td width=\"192\">Credenciamento<\/td>\n<td width=\"192\">recep\u00e7\u00e3o<\/td>\n<\/tr>\n<tr>\n<td width=\"192\">&nbsp;<\/p>\n<p>8h. \u00e0s 8h.30min.<\/td>\n<td width=\"192\">&nbsp;<\/p>\n<p>Organiza\u00e7\u00e3o dos trabalhos nos estandes<\/td>\n<td width=\"192\">&nbsp;<\/p>\n<p>estantes<\/td>\n<\/tr>\n<tr>\n<td width=\"192\">&nbsp;<\/p>\n<p>8h.30.\u00a0 \u00e0s\u00a0 9h.<\/td>\n<td width=\"192\">Abertura\/ Atividade cultural<\/td>\n<td width=\"192\">palco<\/td>\n<\/tr>\n<tr>\n<td width=\"192\">&nbsp;<\/p>\n<p>9h. \u00e0s\u00a0 9h.30min.<\/td>\n<td width=\"192\">&nbsp;<\/p>\n<p>Palestra de abertura<\/td>\n<td width=\"192\">&nbsp;<\/p>\n<p>palco<\/td>\n<\/tr>\n<tr>\n<td width=\"192\">&nbsp;<\/p>\n<p>9h.30min\u00a0 \u00e0s\u00a0 11h.30min.<\/td>\n<td width=\"192\">&nbsp;<\/p>\n<p>Apresenta\u00e7\u00e3o e avalia\u00e7\u00e3o dos trabalhos<\/td>\n<td width=\"192\">&nbsp;<\/p>\n<p>Estandes<\/td>\n<\/tr>\n<tr>\n<td width=\"192\">&nbsp;<\/p>\n<p>&nbsp;<\/p>\n<p>11h.30min.\u00a0 \u00e0s\u00a0 12h<\/td>\n<td width=\"192\">&nbsp;<\/p>\n<p>Encerramento Cultural e premia\u00e7\u00e3o<\/td>\n<td width=\"192\">&nbsp;<\/p>\n<p>palco<\/td>\n<\/tr>\n<\/tbody>\n<\/table>\n<p>&nbsp;<\/p>\n<p>&nbsp;<\/p>\n<p>&nbsp;<\/p>\n<p>&nbsp;<\/p>\n<p>&nbsp;<\/p>\n<p>&nbsp;<\/p>\n","protected":false},"excerpt":{"rendered":"<p>&#8220;A vida est\u00e1 cheia de desafios que, se aproveitados de forma criativa, transformam-se em oportunidades&#8221;. (Marxwell Maltz &#8211; Desenvolvedor da psicocibern\u00e9tica) &nbsp; Passo a passo a Educa\u00e7\u00e3o em Paudalho tem al\u00e7ado grandes \u201cvoos\u201d e hoje \u00e9 destaque em toda a Mata Norte de Pernambuco. Atrav\u00e9s de a\u00e7\u00f5es que visam fomentar a capacidade e o sonho [&hellip;]<\/p>\n","protected":false},"author":4,"featured_media":4210,"comment_status":"open","ping_status":"open","sticky":false,"template":"","format":"standard","meta":{"_jetpack_newsletter_access":"","_jetpack_dont_email_post_to_subs":false,"_jetpack_newsletter_tier_id":0,"_jetpack_memberships_contains_paywalled_content":false,"_jetpack_memberships_contains_paid_content":false,"footnotes":""},"categories":[2,4],"tags":[387,22,106,388],"class_list":["post-4207","post","type-post","status-publish","format-standard","has-post-thumbnail","hentry","category-destaque","category-educacao","tag-i-mostra-de-ciencia","tag-prefeitura-do-paudalho","tag-secretaria-de-educacao","tag-tecnologia-e-inovacao-inova-paudalho"],"jetpack_featured_media_url":"https:\/\/www.paudalho.pe.gov.br\/portal\/wp-content\/uploads\/2018\/10\/Inova\u00e7\u00e3o-no-varejo-C\u00f3pia.png","jetpack_sharing_enabled":true,"jetpack_shortlink":"https:\/\/wp.me\/p98mS2-15R","_links":{"self":[{"href":"https:\/\/www.paudalho.pe.gov.br\/portal\/wp-json\/wp\/v2\/posts\/4207","targetHints":{"allow":["GET"]}}],"collection":[{"href":"https:\/\/www.paudalho.pe.gov.br\/portal\/wp-json\/wp\/v2\/posts"}],"about":[{"href":"https:\/\/www.paudalho.pe.gov.br\/portal\/wp-json\/wp\/v2\/types\/post"}],"author":[{"embeddable":true,"href":"https:\/\/www.paudalho.pe.gov.br\/portal\/wp-json\/wp\/v2\/users\/4"}],"replies":[{"embeddable":true,"href":"https:\/\/www.paudalho.pe.gov.br\/portal\/wp-json\/wp\/v2\/comments?post=4207"}],"version-history":[{"count":3,"href":"https:\/\/www.paudalho.pe.gov.br\/portal\/wp-json\/wp\/v2\/posts\/4207\/revisions"}],"predecessor-version":[{"id":4212,"href":"https:\/\/www.paudalho.pe.gov.br\/portal\/wp-json\/wp\/v2\/posts\/4207\/revisions\/4212"}],"wp:featuredmedia":[{"embeddable":true,"href":"https:\/\/www.paudalho.pe.gov.br\/portal\/wp-json\/wp\/v2\/media\/4210"}],"wp:attachment":[{"href":"https:\/\/www.paudalho.pe.gov.br\/portal\/wp-json\/wp\/v2\/media?parent=4207"}],"wp:term":[{"taxonomy":"category","embeddable":true,"href":"https:\/\/www.paudalho.pe.gov.br\/portal\/wp-json\/wp\/v2\/categories?post=4207"},{"taxonomy":"post_tag","embeddable":true,"href":"https:\/\/www.paudalho.pe.gov.br\/portal\/wp-json\/wp\/v2\/tags?post=4207"}],"curies":[{"name":"wp","href":"https:\/\/api.w.org\/{rel}","templated":true}]}}