{"id":4174,"date":"2018-10-11T11:06:23","date_gmt":"2018-10-11T14:06:23","guid":{"rendered":"https:\/\/www.paudalho.pe.gov.br\/portal\/?p=4174"},"modified":"2018-10-11T11:09:57","modified_gmt":"2018-10-11T14:09:57","slug":"prefeitura-do-paudalho-oferta-parque-de-diversao-gratuito-em-comemoracao-ao-dia-das-criancas","status":"publish","type":"post","link":"https:\/\/www.paudalho.pe.gov.br\/portal\/prefeitura-do-paudalho-oferta-parque-de-diversao-gratuito-em-comemoracao-ao-dia-das-criancas\/","title":{"rendered":"Prefeitura do Paudalho oferta parque de divers\u00e3o gratuito em comemora\u00e7\u00e3o ao Dia das Crian\u00e7as"},"content":{"rendered":"<p>De acordo com o Artigo 227 da Constitui\u00e7\u00e3o Federal de 1988 \u00e9 dever da fam\u00edlia, da sociedade e do Estado assegurar \u00e0 crian\u00e7a, ao adolescente e ao jovem, com absoluta prioridade, o direito \u00e0 vida, \u00e0 sa\u00fade, \u00e0 alimenta\u00e7\u00e3o, \u00e0 educa\u00e7\u00e3o, ao lazer, \u00e0 profissionaliza\u00e7\u00e3o, \u00e0 cultura, \u00e0 dignidade, ao respeito, \u00e0 liberdade e \u00e0 conviv\u00eancia familiar e comunit\u00e1ria, al\u00e9m de coloc\u00e1-los a salvo de toda forma de neglig\u00eancia, discrimina\u00e7\u00e3o, explora\u00e7\u00e3o, viol\u00eancia, crueldade e opress\u00e3o.<\/p>\n<p>Pensando em continuar promovendo a\u00e7\u00f5es que assegurem esses direitos, a Prefeitura do Paudalho realiza uma programa\u00e7\u00e3o diferente que come\u00e7ou na \u00faltima segunda-feira (1) e segue at\u00e9 esta sexta-feira (12). Nela, um parque de divers\u00e3o foi mantado no Centro da cidade e ofertado \u00e0 popula\u00e7\u00e3o. Na a\u00e7\u00e3o, crian\u00e7as da Rede Municipal de Ensino foram contempladas e puderem se divertir gratuitamente.<\/p>\n<p>A dona de casa, Viviane Cristina de 34 anos levou o filho, o pequeno Miguel, para brincar no parque e comemorou a atividade na cidade. &#8220;Eu achei muito bom o parque porque ele se diverte n\u00e9? E antes n\u00e3o tinha isso. Eu hoje estava cheia de coisa para fazer em casa, mas eu trouxe ele porque \u00e9 importante ele brincar. Estamos muito felizes. Nota 10&#8221;, disse.<\/p>\n<p>As alunas do Col\u00e9gio Tancredo Neves, Emyle Tha\u00eds e Ana Vit\u00f3ria, ambas de 11 anos, tamb\u00e9m participaram da programa\u00e7\u00e3o. Elas comentaram sobre a import\u00e2ncia da a\u00e7\u00e3o para as fam\u00edlias que n\u00e3o t\u00eam condi\u00e7\u00f5es financeiras de oferecer divertimento aos filhos. &#8220;A gente j\u00e1 brincou em alguns e eu gostei mais do &#8220;surf&#8221;&#8221;, disse Ana Vit\u00f3ria. &#8220;Eu acho muito importante esse parque porque muitos pais n\u00e3o tem dinheiro para trazer os filhos e amanh\u00e3 \u00e9 dia das crian\u00e7as n\u00e9?&#8221;, comentou.<\/p>\n<p>O prefeito do Paudalho Marcelo Gouveia destacou que o objetivo principal da gest\u00e3o \u00e9 continuar promovendo a\u00e7\u00f5es que transformem as vidas dos paudalhenses. &#8220;N\u00f3s estamos empenhados e com um s\u00f3 compromisso que \u00e9 mudar a hist\u00f3ria de cada paudalhense. Olhar para o nosso povo atrav\u00e9s de a\u00e7\u00f5es humanizadas que possibilitem a transforma\u00e7\u00e3o social. E como eu sempre digo, nosso lema \u00e9: &#8220;trabalho, trabalho e trabalho&#8221;. Quando vejo as crian\u00e7as sorrindo, isso enche meu cora\u00e7\u00e3o. Pode ter certeza que vamos continuar avan\u00e7ando&#8221;, finalizou.<\/p>\n<p>&nbsp;<\/p>\n","protected":false},"excerpt":{"rendered":"<p>De acordo com o Artigo 227 da Constitui\u00e7\u00e3o Federal de 1988 \u00e9 dever da fam\u00edlia, da sociedade e do Estado assegurar \u00e0 crian\u00e7a, ao adolescente e ao jovem, com absoluta prioridade, o direito \u00e0 vida, \u00e0 sa\u00fade, \u00e0 alimenta\u00e7\u00e3o, \u00e0 educa\u00e7\u00e3o, ao lazer, \u00e0 profissionaliza\u00e7\u00e3o, \u00e0 cultura, \u00e0 dignidade, ao respeito, \u00e0 liberdade e \u00e0 [&hellip;]<\/p>\n","protected":false},"author":4,"featured_media":4179,"comment_status":"open","ping_status":"open","sticky":false,"template":"","format":"standard","meta":{"_jetpack_newsletter_access":"","_jetpack_dont_email_post_to_subs":false,"_jetpack_newsletter_tier_id":0,"_jetpack_memberships_contains_paywalled_content":false,"_jetpack_memberships_contains_paid_content":false,"footnotes":""},"categories":[2,1],"tags":[160,161,22],"class_list":["post-4174","post","type-post","status-publish","format-standard","has-post-thumbnail","hentry","category-destaque","category-noticias","tag-dia-das-criancas","tag-parque-de-diversao","tag-prefeitura-do-paudalho"],"jetpack_featured_media_url":"https:\/\/www.paudalho.pe.gov.br\/portal\/wp-content\/uploads\/2018\/10\/7d92b718-2a4c-42e0-b630-1359c6ee1317.jpg","jetpack_sharing_enabled":true,"jetpack_shortlink":"https:\/\/wp.me\/p98mS2-15k","_links":{"self":[{"href":"https:\/\/www.paudalho.pe.gov.br\/portal\/wp-json\/wp\/v2\/posts\/4174","targetHints":{"allow":["GET"]}}],"collection":[{"href":"https:\/\/www.paudalho.pe.gov.br\/portal\/wp-json\/wp\/v2\/posts"}],"about":[{"href":"https:\/\/www.paudalho.pe.gov.br\/portal\/wp-json\/wp\/v2\/types\/post"}],"author":[{"embeddable":true,"href":"https:\/\/www.paudalho.pe.gov.br\/portal\/wp-json\/wp\/v2\/users\/4"}],"replies":[{"embeddable":true,"href":"https:\/\/www.paudalho.pe.gov.br\/portal\/wp-json\/wp\/v2\/comments?post=4174"}],"version-history":[{"count":3,"href":"https:\/\/www.paudalho.pe.gov.br\/portal\/wp-json\/wp\/v2\/posts\/4174\/revisions"}],"predecessor-version":[{"id":4185,"href":"https:\/\/www.paudalho.pe.gov.br\/portal\/wp-json\/wp\/v2\/posts\/4174\/revisions\/4185"}],"wp:featuredmedia":[{"embeddable":true,"href":"https:\/\/www.paudalho.pe.gov.br\/portal\/wp-json\/wp\/v2\/media\/4179"}],"wp:attachment":[{"href":"https:\/\/www.paudalho.pe.gov.br\/portal\/wp-json\/wp\/v2\/media?parent=4174"}],"wp:term":[{"taxonomy":"category","embeddable":true,"href":"https:\/\/www.paudalho.pe.gov.br\/portal\/wp-json\/wp\/v2\/categories?post=4174"},{"taxonomy":"post_tag","embeddable":true,"href":"https:\/\/www.paudalho.pe.gov.br\/portal\/wp-json\/wp\/v2\/tags?post=4174"}],"curies":[{"name":"wp","href":"https:\/\/api.w.org\/{rel}","templated":true}]}}