{"id":4126,"date":"2018-10-03T00:32:29","date_gmt":"2018-10-03T03:32:29","guid":{"rendered":"https:\/\/www.paudalho.pe.gov.br\/portal\/?p=4126"},"modified":"2018-10-03T02:58:48","modified_gmt":"2018-10-03T05:58:48","slug":"prefeitura-do-paudalho-inaugura-escola-municipal-fonte-de-aldeia-na-zona-rural-da-cidade","status":"publish","type":"post","link":"https:\/\/www.paudalho.pe.gov.br\/portal\/prefeitura-do-paudalho-inaugura-escola-municipal-fonte-de-aldeia-na-zona-rural-da-cidade\/","title":{"rendered":"Prefeitura do Paudalho inaugura Escola Municipal Fonte de Aldeia, na Zona Rural da cidade"},"content":{"rendered":"<p>A Prefeitura do Paudalho inaugurou nesta ter\u00e7a-feira (2) a Escola Municipal C\u00edcero Lopes da Silva, conhecida popularmente pelo nome &#8220;Fonte de Aldeia&#8221;, comunidade onde est\u00e1 situada, na Zona Rural da cidade. Autoridades e a popula\u00e7\u00e3o participaram da solenidade que emocionou os moradores do bairro. De acordo com a Secretaria de Educa\u00e7\u00e3o foi investido o valor de R$ 500 mil na unidade de ensino de Educa\u00e7\u00e3o Infantil que oferta salas de aulas modernas, cozinhas equipadas, banheiros acess\u00edveis, entre outros espa\u00e7os.<\/p>\n<p>Genilda Hil\u00e1rio, de 46 anos \u00e9 m\u00e3e de sete crian\u00e7as, das quais duas delas v\u00e3o estudar na escola. Surpresa e alegria foram as rea\u00e7\u00f5es da dona de casa ao entrar na unidade. &#8220;Est\u00e1 muito maravilhosa. Antes as m\u00e3es tinham que esperar seus filhos porque a escola era longe. Eu mesmo voltava andando cerca de 30 minutos a p\u00e9 porque tinha que cuidar dos outros. Estamos muito felizes&#8221;, explicou.<\/p>\n<div id=\"attachment_4128\" style=\"width: 560px\" class=\"wp-caption alignnone\"><img loading=\"lazy\" decoding=\"async\" aria-describedby=\"caption-attachment-4128\" data-attachment-id=\"4128\" data-permalink=\"https:\/\/www.paudalho.pe.gov.br\/portal\/prefeitura-do-paudalho-inaugura-escola-municipal-fonte-de-aldeia-na-zona-rural-da-cidade\/img_2321\/\" data-orig-file=\"https:\/\/www.paudalho.pe.gov.br\/portal\/wp-content\/uploads\/2018\/10\/IMG_2321.jpg\" data-orig-size=\"5472,3648\" data-comments-opened=\"1\" data-image-meta=\"{&quot;aperture&quot;:&quot;3.22&quot;,&quot;credit&quot;:&quot;&quot;,&quot;camera&quot;:&quot;EOS 6D&quot;,&quot;caption&quot;:&quot;&quot;,&quot;created_timestamp&quot;:&quot;0&quot;,&quot;copyright&quot;:&quot;&quot;,&quot;focal_length&quot;:&quot;85&quot;,&quot;iso&quot;:&quot;1000&quot;,&quot;shutter_speed&quot;:&quot;0.007812&quot;,&quot;title&quot;:&quot;&quot;,&quot;orientation&quot;:&quot;1&quot;}\" data-image-title=\"IMG_2321\" data-image-description=\"\" data-image-caption=\"&lt;p&gt;Foto: Crist\u00f3v\u00e3o Neto\/PMP&lt;\/p&gt;\n\" data-medium-file=\"https:\/\/www.paudalho.pe.gov.br\/portal\/wp-content\/uploads\/2018\/10\/IMG_2321-350x230.jpg\" data-large-file=\"https:\/\/www.paudalho.pe.gov.br\/portal\/wp-content\/uploads\/2018\/10\/IMG_2321-800x450.jpg\" class=\" wp-image-4128\" src=\"https:\/\/www.paudalho.pe.gov.br\/portal\/wp-content\/uploads\/2018\/10\/IMG_2321-350x230.jpg\" alt=\"\" width=\"550\" height=\"361\" \/><p id=\"caption-attachment-4128\" class=\"wp-caption-text\">Foto: Crist\u00f3v\u00e3o Neto\/PMP<\/p><\/div>\n<p>Na\u00edlde Ten\u00f3rio e Tha\u00edsa Barbosa, ambas com nove anos de idade, v\u00e3o estudar na institui\u00e7\u00e3o e n\u00e3o esconderam a expectativa para o momento. &#8220;A gente achou muito bonita. Gostamos muito da grama na frente, da placa, das salas de aula. Estamos ansiosas&#8221;.<\/p>\n<div id=\"attachment_4129\" style=\"width: 560px\" class=\"wp-caption alignnone\"><img loading=\"lazy\" decoding=\"async\" aria-describedby=\"caption-attachment-4129\" data-attachment-id=\"4129\" data-permalink=\"https:\/\/www.paudalho.pe.gov.br\/portal\/prefeitura-do-paudalho-inaugura-escola-municipal-fonte-de-aldeia-na-zona-rural-da-cidade\/img_2328\/\" data-orig-file=\"https:\/\/www.paudalho.pe.gov.br\/portal\/wp-content\/uploads\/2018\/10\/IMG_2328.jpg\" data-orig-size=\"5472,3648\" data-comments-opened=\"1\" data-image-meta=\"{&quot;aperture&quot;:&quot;3.22&quot;,&quot;credit&quot;:&quot;&quot;,&quot;camera&quot;:&quot;EOS 6D&quot;,&quot;caption&quot;:&quot;&quot;,&quot;created_timestamp&quot;:&quot;0&quot;,&quot;copyright&quot;:&quot;&quot;,&quot;focal_length&quot;:&quot;75&quot;,&quot;iso&quot;:&quot;8000&quot;,&quot;shutter_speed&quot;:&quot;0.012048&quot;,&quot;title&quot;:&quot;&quot;,&quot;orientation&quot;:&quot;1&quot;}\" data-image-title=\"IMG_2328\" data-image-description=\"\" data-image-caption=\"&lt;p&gt;Foto: Crist\u00f3v\u00e3o Neto\/PMP&lt;\/p&gt;\n\" data-medium-file=\"https:\/\/www.paudalho.pe.gov.br\/portal\/wp-content\/uploads\/2018\/10\/IMG_2328-350x230.jpg\" data-large-file=\"https:\/\/www.paudalho.pe.gov.br\/portal\/wp-content\/uploads\/2018\/10\/IMG_2328-800x450.jpg\" class=\" wp-image-4129\" src=\"https:\/\/www.paudalho.pe.gov.br\/portal\/wp-content\/uploads\/2018\/10\/IMG_2328-350x230.jpg\" alt=\"\" width=\"550\" height=\"361\" \/><p id=\"caption-attachment-4129\" class=\"wp-caption-text\">Foto: Crist\u00f3v\u00e3o Neto\/PMP<\/p><\/div>\n<div id=\"attachment_4134\" style=\"width: 567px\" class=\"wp-caption alignnone\"><img loading=\"lazy\" decoding=\"async\" aria-describedby=\"caption-attachment-4134\" data-attachment-id=\"4134\" data-permalink=\"https:\/\/www.paudalho.pe.gov.br\/portal\/prefeitura-do-paudalho-inaugura-escola-municipal-fonte-de-aldeia-na-zona-rural-da-cidade\/imagem2\/\" data-orig-file=\"https:\/\/www.paudalho.pe.gov.br\/portal\/wp-content\/uploads\/2018\/10\/Imagem2.jpg\" data-orig-size=\"1920,1080\" data-comments-opened=\"1\" data-image-meta=\"{&quot;aperture&quot;:&quot;0&quot;,&quot;credit&quot;:&quot;&quot;,&quot;camera&quot;:&quot;&quot;,&quot;caption&quot;:&quot;&quot;,&quot;created_timestamp&quot;:&quot;0&quot;,&quot;copyright&quot;:&quot;&quot;,&quot;focal_length&quot;:&quot;0&quot;,&quot;iso&quot;:&quot;0&quot;,&quot;shutter_speed&quot;:&quot;0&quot;,&quot;title&quot;:&quot;&quot;,&quot;orientation&quot;:&quot;0&quot;}\" data-image-title=\"Imagem2\" data-image-description=\"\" data-image-caption=\"\" data-medium-file=\"https:\/\/www.paudalho.pe.gov.br\/portal\/wp-content\/uploads\/2018\/10\/Imagem2-350x230.jpg\" data-large-file=\"https:\/\/www.paudalho.pe.gov.br\/portal\/wp-content\/uploads\/2018\/10\/Imagem2-800x450.jpg\" class=\"wp-image-4134\" src=\"https:\/\/www.paudalho.pe.gov.br\/portal\/wp-content\/uploads\/2018\/10\/Imagem2-350x230.jpg\" alt=\"\" width=\"557\" height=\"366\" \/><p id=\"caption-attachment-4134\" class=\"wp-caption-text\">Foto: Crist\u00f3v\u00e3o Neto\/PMP<\/p><\/div>\n<div id=\"attachment_4135\" style=\"width: 567px\" class=\"wp-caption alignnone\"><img loading=\"lazy\" decoding=\"async\" aria-describedby=\"caption-attachment-4135\" data-attachment-id=\"4135\" data-permalink=\"https:\/\/www.paudalho.pe.gov.br\/portal\/prefeitura-do-paudalho-inaugura-escola-municipal-fonte-de-aldeia-na-zona-rural-da-cidade\/imagem3\/\" data-orig-file=\"https:\/\/www.paudalho.pe.gov.br\/portal\/wp-content\/uploads\/2018\/10\/Imagem3.jpg\" data-orig-size=\"1920,1080\" data-comments-opened=\"1\" data-image-meta=\"{&quot;aperture&quot;:&quot;0&quot;,&quot;credit&quot;:&quot;&quot;,&quot;camera&quot;:&quot;&quot;,&quot;caption&quot;:&quot;&quot;,&quot;created_timestamp&quot;:&quot;0&quot;,&quot;copyright&quot;:&quot;&quot;,&quot;focal_length&quot;:&quot;0&quot;,&quot;iso&quot;:&quot;0&quot;,&quot;shutter_speed&quot;:&quot;0&quot;,&quot;title&quot;:&quot;&quot;,&quot;orientation&quot;:&quot;0&quot;}\" data-image-title=\"Imagem3\" data-image-description=\"\" data-image-caption=\"\" data-medium-file=\"https:\/\/www.paudalho.pe.gov.br\/portal\/wp-content\/uploads\/2018\/10\/Imagem3-350x230.jpg\" data-large-file=\"https:\/\/www.paudalho.pe.gov.br\/portal\/wp-content\/uploads\/2018\/10\/Imagem3-800x450.jpg\" class=\"wp-image-4135\" src=\"https:\/\/www.paudalho.pe.gov.br\/portal\/wp-content\/uploads\/2018\/10\/Imagem3-350x230.jpg\" alt=\"\" width=\"557\" height=\"366\" \/><p id=\"caption-attachment-4135\" class=\"wp-caption-text\">Foto: Crist\u00f3v\u00e3o Neto\/PMP<\/p><\/div>\n<h2><strong>Mudan\u00e7a que gera empregos<\/strong><\/h2>\n<p>Al\u00e9m de transformar a hist\u00f3ria das crian\u00e7as, as obras realizadas pela Prefeitura no Munic\u00edpio t\u00eam um resultado imediato na vida dos paudalhenses. Ednaldo Jos\u00e9, de 36 anos, estava desempregado h\u00e1 algum tempo. Com as obras no local, a hist\u00f3ria da fam\u00edlia dele tamb\u00e9m foi transformada. &#8220;Eu estava parado h\u00e1 um ano e quatro meses e com a obra as coisas mudaram para muita gente da regi\u00e3o. E n\u00e3o para por a\u00ed, j\u00e1 vou come\u00e7ar a trabalhar em outra obra que ser\u00e1 inaugurada em breve&#8221;, comentou.<\/p>\n<div id=\"attachment_4130\" style=\"width: 560px\" class=\"wp-caption alignnone\"><img loading=\"lazy\" decoding=\"async\" aria-describedby=\"caption-attachment-4130\" data-attachment-id=\"4130\" data-permalink=\"https:\/\/www.paudalho.pe.gov.br\/portal\/prefeitura-do-paudalho-inaugura-escola-municipal-fonte-de-aldeia-na-zona-rural-da-cidade\/imagem1\/\" data-orig-file=\"https:\/\/www.paudalho.pe.gov.br\/portal\/wp-content\/uploads\/2018\/10\/Imagem1.jpg\" data-orig-size=\"1920,1080\" data-comments-opened=\"1\" data-image-meta=\"{&quot;aperture&quot;:&quot;0&quot;,&quot;credit&quot;:&quot;&quot;,&quot;camera&quot;:&quot;&quot;,&quot;caption&quot;:&quot;&quot;,&quot;created_timestamp&quot;:&quot;0&quot;,&quot;copyright&quot;:&quot;&quot;,&quot;focal_length&quot;:&quot;0&quot;,&quot;iso&quot;:&quot;0&quot;,&quot;shutter_speed&quot;:&quot;0&quot;,&quot;title&quot;:&quot;&quot;,&quot;orientation&quot;:&quot;0&quot;}\" data-image-title=\"Imagem1\" data-image-description=\"\" data-image-caption=\"&lt;p&gt;Foto: Crist\u00f3v\u00e3o Neto\/PMP&lt;\/p&gt;\n\" data-medium-file=\"https:\/\/www.paudalho.pe.gov.br\/portal\/wp-content\/uploads\/2018\/10\/Imagem1-350x230.jpg\" data-large-file=\"https:\/\/www.paudalho.pe.gov.br\/portal\/wp-content\/uploads\/2018\/10\/Imagem1-800x450.jpg\" class=\" wp-image-4130\" src=\"https:\/\/www.paudalho.pe.gov.br\/portal\/wp-content\/uploads\/2018\/10\/Imagem1-350x230.jpg\" alt=\"\" width=\"550\" height=\"361\" \/><p id=\"caption-attachment-4130\" class=\"wp-caption-text\">Foto: Crist\u00f3v\u00e3o Neto\/PMP<\/p><\/div>\n<p>Em menos de dois anos de gest\u00e3o, h\u00e1 mudan\u00e7a desde o Centro \u00e0 Zona Rural da cidade. O prefeito Marcelo Gouveia destacou o comprometimento da gest\u00e3o em alcan\u00e7ar todas as localidades do Munic\u00edpio. &#8220;\u00c9 importante a gente tratar Paudalho todo por igual. N\u00e3o importa se \u00e9 na Zona Rural, Urbana, se a pessoal \u00e9 rica ou pobre, branca ou negra, n\u00f3s queremos servi\u00e7os de qualidade para toda a popula\u00e7\u00e3o. Olhe essa escola, veja como est\u00e1 linda. \u00c9 isso que n\u00f3s queremos continuar fazendo. N\u00f3s queremos oferecer uma sa\u00fade, uma educa\u00e7\u00e3o, uma assist\u00eancial social, uma cultura e tantos outros servi\u00e7os de uma forma s\u00e9ria e tudo isso pensando em voc\u00ea. Aqui o lema \u00e9: &#8220;Trabalho, trabalho e trabalho&#8221;, finalizou.<\/p>\n<div id=\"attachment_4131\" style=\"width: 560px\" class=\"wp-caption alignnone\"><img loading=\"lazy\" decoding=\"async\" aria-describedby=\"caption-attachment-4131\" data-attachment-id=\"4131\" data-permalink=\"https:\/\/www.paudalho.pe.gov.br\/portal\/prefeitura-do-paudalho-inaugura-escola-municipal-fonte-de-aldeia-na-zona-rural-da-cidade\/dsc09812\/\" data-orig-file=\"https:\/\/www.paudalho.pe.gov.br\/portal\/wp-content\/uploads\/2018\/10\/DSC09812.jpg\" data-orig-size=\"6000,3376\" data-comments-opened=\"1\" data-image-meta=\"{&quot;aperture&quot;:&quot;3.5&quot;,&quot;credit&quot;:&quot;&quot;,&quot;camera&quot;:&quot;ILCE-6500&quot;,&quot;caption&quot;:&quot;&quot;,&quot;created_timestamp&quot;:&quot;1535835481&quot;,&quot;copyright&quot;:&quot;&quot;,&quot;focal_length&quot;:&quot;18&quot;,&quot;iso&quot;:&quot;3200&quot;,&quot;shutter_speed&quot;:&quot;0.00625&quot;,&quot;title&quot;:&quot;&quot;,&quot;orientation&quot;:&quot;1&quot;}\" data-image-title=\"DSC09812\" data-image-description=\"\" data-image-caption=\"\" data-medium-file=\"https:\/\/www.paudalho.pe.gov.br\/portal\/wp-content\/uploads\/2018\/10\/DSC09812-350x230.jpg\" data-large-file=\"https:\/\/www.paudalho.pe.gov.br\/portal\/wp-content\/uploads\/2018\/10\/DSC09812-800x450.jpg\" class=\"wp-image-4131\" src=\"https:\/\/www.paudalho.pe.gov.br\/portal\/wp-content\/uploads\/2018\/10\/DSC09812-350x230.jpg\" alt=\"\" width=\"550\" height=\"361\" \/><p id=\"caption-attachment-4131\" class=\"wp-caption-text\">Foto: Crist\u00f3v\u00e3o Neto\/PMP &#8220;N\u00f3s temos muitos motivos para comemorar e essa \u00e9 mais uma vit\u00f3ria. Estamos felizes com essa escola que vai beneficiar tanta crian\u00e7as&#8221;. disse o vice-prefeito, Andr\u00e9 Viana.<\/p><\/div>\n<p>O secretario de Educa\u00e7\u00e3o do Munic\u00edpio, Ednaldo Ernesto, tamb\u00e9m comentou da alegria de ver um sonho da comunidade sendo realizado.&#8221;N\u00f3s que fazemos parte do secretariado estamos muito felizes com a inaugura\u00e7\u00e3o de uma escola como essa em uma comunidade carente. Isso mostra o compromisso da gest\u00e3o em mudar a hist\u00f3ria do Paudalho. E n\u00f3s queremos lembrar que tudo isso \u00e9 pensando em cada aluno, cada fam\u00edlia. Essa escola aqui tem uma estrutura maravilhosa&#8221;, destacou.<\/p>\n<p>&nbsp;<\/p>\n","protected":false},"excerpt":{"rendered":"<p>A Prefeitura do Paudalho inaugurou nesta ter\u00e7a-feira (2) a Escola Municipal C\u00edcero Lopes da Silva, conhecida popularmente pelo nome &#8220;Fonte de Aldeia&#8221;, comunidade onde est\u00e1 situada, na Zona Rural da cidade. Autoridades e a popula\u00e7\u00e3o participaram da solenidade que emocionou os moradores do bairro. De acordo com a Secretaria de Educa\u00e7\u00e3o foi investido o valor [&hellip;]<\/p>\n","protected":false},"author":4,"featured_media":4127,"comment_status":"open","ping_status":"open","sticky":false,"template":"","format":"standard","meta":{"_jetpack_newsletter_access":"","_jetpack_dont_email_post_to_subs":false,"_jetpack_newsletter_tier_id":0,"_jetpack_memberships_contains_paywalled_content":false,"_jetpack_memberships_contains_paid_content":false,"footnotes":""},"categories":[2,4],"tags":[30,382,325,339,22],"class_list":["post-4126","post","type-post","status-publish","format-standard","has-post-thumbnail","hentry","category-destaque","category-educacao","tag-educacao","tag-escola-municipal-fonte-de-aldeia","tag-fonte-de-aldeia","tag-inauguracao","tag-prefeitura-do-paudalho"],"jetpack_featured_media_url":"https:\/\/www.paudalho.pe.gov.br\/portal\/wp-content\/uploads\/2018\/10\/DSC09809.jpg","jetpack_sharing_enabled":true,"jetpack_shortlink":"https:\/\/wp.me\/p98mS2-14y","_links":{"self":[{"href":"https:\/\/www.paudalho.pe.gov.br\/portal\/wp-json\/wp\/v2\/posts\/4126","targetHints":{"allow":["GET"]}}],"collection":[{"href":"https:\/\/www.paudalho.pe.gov.br\/portal\/wp-json\/wp\/v2\/posts"}],"about":[{"href":"https:\/\/www.paudalho.pe.gov.br\/portal\/wp-json\/wp\/v2\/types\/post"}],"author":[{"embeddable":true,"href":"https:\/\/www.paudalho.pe.gov.br\/portal\/wp-json\/wp\/v2\/users\/4"}],"replies":[{"embeddable":true,"href":"https:\/\/www.paudalho.pe.gov.br\/portal\/wp-json\/wp\/v2\/comments?post=4126"}],"version-history":[{"count":4,"href":"https:\/\/www.paudalho.pe.gov.br\/portal\/wp-json\/wp\/v2\/posts\/4126\/revisions"}],"predecessor-version":[{"id":4137,"href":"https:\/\/www.paudalho.pe.gov.br\/portal\/wp-json\/wp\/v2\/posts\/4126\/revisions\/4137"}],"wp:featuredmedia":[{"embeddable":true,"href":"https:\/\/www.paudalho.pe.gov.br\/portal\/wp-json\/wp\/v2\/media\/4127"}],"wp:attachment":[{"href":"https:\/\/www.paudalho.pe.gov.br\/portal\/wp-json\/wp\/v2\/media?parent=4126"}],"wp:term":[{"taxonomy":"category","embeddable":true,"href":"https:\/\/www.paudalho.pe.gov.br\/portal\/wp-json\/wp\/v2\/categories?post=4126"},{"taxonomy":"post_tag","embeddable":true,"href":"https:\/\/www.paudalho.pe.gov.br\/portal\/wp-json\/wp\/v2\/tags?post=4126"}],"curies":[{"name":"wp","href":"https:\/\/api.w.org\/{rel}","templated":true}]}}