{"id":4117,"date":"2018-10-01T13:44:53","date_gmt":"2018-10-01T16:44:53","guid":{"rendered":"https:\/\/www.paudalho.pe.gov.br\/portal\/?p=4117"},"modified":"2018-10-05T18:36:12","modified_gmt":"2018-10-05T21:36:12","slug":"prefeitura-inaugura-escola-ubs-e-assina-ordem-de-servico-para-ampliacao-do-colegio-gilda-barbosa-nesta-semana","status":"publish","type":"post","link":"https:\/\/www.paudalho.pe.gov.br\/portal\/prefeitura-inaugura-escola-ubs-e-assina-ordem-de-servico-para-ampliacao-do-colegio-gilda-barbosa-nesta-semana\/","title":{"rendered":"Prefeitura inaugura escola, UBS e assina Ordem de Servi\u00e7o para amplia\u00e7\u00e3o do Col\u00e9gio Gilda Barbosa nesta semana"},"content":{"rendered":"<p>Em menos de dois anos de gest\u00e3o, a Prefeitura do Paudalho tem avan\u00e7ado na Educa\u00e7\u00e3o, Sa\u00fade, Obras, Cultura, Assist\u00eancia Social, entre tantos outros servi\u00e7os. A cidade atualmente \u00e9 destaque na Mata Norte Pernambucana atrav\u00e9s de obras que beneficiam toda a regi\u00e3o como o <a href=\"https:\/\/www.paudalho.pe.gov.br\/portal\/com-estrutura-impressionante-centro-de-parto-normal-do-paudalho-gabrielly-ramos-e-inaugurado\/\">Centro do Parto Normal do Paudalho Gabrielly Ramos, unidade que atende gestantes em uma estrutura tecnol\u00f3gica e humanizada.<\/a><\/p>\n<p>E provando que a \u201cLinda Flor da Mata\u201d se transformou em um verdadeiro canteiro de obras, nesta ter\u00e7a-feira (2) foi inaugurada a primeira escola da comunidade de Fonte de Aldeia, na Zona Rural. A unidade de ensino de Educa\u00e7\u00e3o Infantil vai beneficiar diversas fam\u00edlias que antes sofriam que a falta de investimentos na comunidade.<\/p>\n<p>\u201cS\u00e3o pessoas carentes que se locomovem daqui para Ch\u00e3 de Conselho, de \u00f4nibus e tem muitas m\u00e3es que v\u00e3o acompanhando as suas crian\u00e7as, tendo que esperar at\u00e9 o meio-dia para voltar. As crian\u00e7as tinham que acordar muito cedo para se arrumar e atrav\u00e9s desse col\u00e9gio elas ser\u00e3o beneficiadas, porque as m\u00e3es v\u00e3o poder voltar para casa para cuidar dos seus lares. N\u00f3s estamos muito felizes. \u00c9 um sonho!\u201d, comenta Adriana Ten\u00f3rio de 32 anos, moradora do bairro.<\/p>\n<p>Pensando na qualidade da educa\u00e7\u00e3o que oferta \u00e0 popula\u00e7\u00e3o do Paudalho, a Prefeitura tamb\u00e9m assina nesta quarta-feira (3) a Ordem de Servi\u00e7o de amplia\u00e7\u00e3o do Col\u00e9gio Municipal Gilda Barbosa, que fica em Guadalajara. \u00a0Satisfeita com o ensino no Munic\u00edpio, a dona de casa Rocicleide Raimunda tem tr\u00eas netas estudando na Rede Municipal e comemora os avan\u00e7os na Educa\u00e7\u00e3o da cidade. \u201cA educa\u00e7\u00e3o em Paudalho mudou muito. Eu como av\u00f3 fico tranquila em deixar minhas netas aqui, sabendo que o trabalho \u00e9 feito com responsabilidade\u201d, enfatizou.<\/p>\n<h2><strong>Sa\u00fade que avan\u00e7a<\/strong><\/h2>\n<p>E como n\u00e3o perceber que a mudan\u00e7a alcan\u00e7ou a Sa\u00fade no Munic\u00edpio? Nesta sexta-feira (5) ser\u00e1 inaugurada mais uma Unidade B\u00e1sica de Sa\u00fade (UBS), agora UBS no bairro da Primavera a partir das 19h. E a popula\u00e7\u00e3o j\u00e1 comemora. O comerciante Severino Ferreira da Silva, de 36 anos, comentou que j\u00e1 consegue enxergar a mudan\u00e7a. \u201cEsses dias eu precisei da sa\u00fade e logo assim, de frente, eu resolvi tudo o que precisava. Melhorou muito (sa\u00fade), eu posso dizer que foi 90%, porque acredito que vai melhorar ainda mais\u2026 Hoje a gente tem muitas coisas\u201d, disse.<\/p>\n<div id=\"attachment_4118\" style=\"width: 560px\" class=\"wp-caption alignnone\"><img loading=\"lazy\" decoding=\"async\" aria-describedby=\"caption-attachment-4118\" data-attachment-id=\"4118\" data-permalink=\"https:\/\/www.paudalho.pe.gov.br\/portal\/prefeitura-inaugura-escola-ubs-e-assina-ordem-de-servico-para-ampliacao-do-colegio-gilda-barbosa-nesta-semana\/e9cfe437-d435-4b9f-abeb-9b91fe2712db-2\/\" data-orig-file=\"https:\/\/www.paudalho.pe.gov.br\/portal\/wp-content\/uploads\/2018\/10\/e9cfe437-d435-4b9f-abeb-9b91fe2712db.jpg\" data-orig-size=\"1100,722\" data-comments-opened=\"1\" data-image-meta=\"{&quot;aperture&quot;:&quot;0&quot;,&quot;credit&quot;:&quot;&quot;,&quot;camera&quot;:&quot;&quot;,&quot;caption&quot;:&quot;&quot;,&quot;created_timestamp&quot;:&quot;0&quot;,&quot;copyright&quot;:&quot;&quot;,&quot;focal_length&quot;:&quot;0&quot;,&quot;iso&quot;:&quot;0&quot;,&quot;shutter_speed&quot;:&quot;0&quot;,&quot;title&quot;:&quot;&quot;,&quot;orientation&quot;:&quot;0&quot;}\" data-image-title=\"e9cfe437-d435-4b9f-abeb-9b91fe2712db\" data-image-description=\"\" data-image-caption=\"&lt;p&gt;Foto: Thales K\u00edrion\/PMP&lt;\/p&gt;\n\" data-medium-file=\"https:\/\/www.paudalho.pe.gov.br\/portal\/wp-content\/uploads\/2018\/10\/e9cfe437-d435-4b9f-abeb-9b91fe2712db-350x230.jpg\" data-large-file=\"https:\/\/www.paudalho.pe.gov.br\/portal\/wp-content\/uploads\/2018\/10\/e9cfe437-d435-4b9f-abeb-9b91fe2712db-800x450.jpg\" class=\" wp-image-4118\" src=\"https:\/\/www.paudalho.pe.gov.br\/portal\/wp-content\/uploads\/2018\/10\/e9cfe437-d435-4b9f-abeb-9b91fe2712db-350x230.jpg\" alt=\"\" width=\"550\" height=\"361\" srcset=\"https:\/\/www.paudalho.pe.gov.br\/portal\/wp-content\/uploads\/2018\/10\/e9cfe437-d435-4b9f-abeb-9b91fe2712db-350x230.jpg 350w, https:\/\/www.paudalho.pe.gov.br\/portal\/wp-content\/uploads\/2018\/10\/e9cfe437-d435-4b9f-abeb-9b91fe2712db-768x504.jpg 768w, https:\/\/www.paudalho.pe.gov.br\/portal\/wp-content\/uploads\/2018\/10\/e9cfe437-d435-4b9f-abeb-9b91fe2712db.jpg 1100w\" sizes=\"auto, (max-width: 550px) 100vw, 550px\" \/><p id=\"caption-attachment-4118\" class=\"wp-caption-text\">Foto: Thales K\u00edrion\/PMP<\/p><\/div>\n<p>De acordo com a Secretaria Municipal de Sa\u00fade, entre estrutura f\u00edsica e equipamentos foram investidos cerca de R$ 600 mil nas duas unidades.<\/p>\n<p>Para o prefeito Marcelo Gouveia o prop\u00f3sito principal dos investimentos s\u00e3o as pessoas. \u201cN\u00f3s n\u00e3o enxergamos as pessoas como n\u00fameros. O nosso maior objetivo de investimento \u00e9 trazer mudan\u00e7a verdadeira para vida das pessoas. Acreditamos que a educa\u00e7\u00e3o e a sa\u00fade s\u00e3o dois direitos e pilares da vida de todo o ser humano, por isso \u00e9 seguir em frente sempre pensando em melhorar. Estou muito feliz, porque em uma semana vamos inaugurar tr\u00eas equipamentos t\u00e3o importantes\u201d, disse.<\/p>\n<div id=\"attachment_4119\" style=\"width: 560px\" class=\"wp-caption alignnone\"><img loading=\"lazy\" decoding=\"async\" aria-describedby=\"caption-attachment-4119\" data-attachment-id=\"4119\" data-permalink=\"https:\/\/www.paudalho.pe.gov.br\/portal\/prefeitura-inaugura-escola-ubs-e-assina-ordem-de-servico-para-ampliacao-do-colegio-gilda-barbosa-nesta-semana\/39151759_1038146859642396_1942218420665712640_n\/\" data-orig-file=\"https:\/\/www.paudalho.pe.gov.br\/portal\/wp-content\/uploads\/2018\/10\/39151759_1038146859642396_1942218420665712640_n.jpg\" data-orig-size=\"960,640\" data-comments-opened=\"1\" data-image-meta=\"{&quot;aperture&quot;:&quot;0&quot;,&quot;credit&quot;:&quot;&quot;,&quot;camera&quot;:&quot;&quot;,&quot;caption&quot;:&quot;&quot;,&quot;created_timestamp&quot;:&quot;0&quot;,&quot;copyright&quot;:&quot;&quot;,&quot;focal_length&quot;:&quot;0&quot;,&quot;iso&quot;:&quot;0&quot;,&quot;shutter_speed&quot;:&quot;0&quot;,&quot;title&quot;:&quot;&quot;,&quot;orientation&quot;:&quot;0&quot;}\" data-image-title=\"39151759_1038146859642396_1942218420665712640_n\" data-image-description=\"\" data-image-caption=\"&lt;p&gt;William F\u00e9lix\/PMP&lt;\/p&gt;\n\" data-medium-file=\"https:\/\/www.paudalho.pe.gov.br\/portal\/wp-content\/uploads\/2018\/10\/39151759_1038146859642396_1942218420665712640_n-350x230.jpg\" data-large-file=\"https:\/\/www.paudalho.pe.gov.br\/portal\/wp-content\/uploads\/2018\/10\/39151759_1038146859642396_1942218420665712640_n-800x450.jpg\" class=\" wp-image-4119\" src=\"https:\/\/www.paudalho.pe.gov.br\/portal\/wp-content\/uploads\/2018\/10\/39151759_1038146859642396_1942218420665712640_n-350x230.jpg\" alt=\"\" width=\"550\" height=\"361\" \/><p id=\"caption-attachment-4119\" class=\"wp-caption-text\">William F\u00e9lix\/PMP<\/p><\/div>\n","protected":false},"excerpt":{"rendered":"<p>Em menos de dois anos de gest\u00e3o, a Prefeitura do Paudalho tem avan\u00e7ado na Educa\u00e7\u00e3o, Sa\u00fade, Obras, Cultura, Assist\u00eancia Social, entre tantos outros servi\u00e7os. A cidade atualmente \u00e9 destaque na Mata Norte Pernambucana atrav\u00e9s de obras que beneficiam toda a regi\u00e3o como o Centro do Parto Normal do Paudalho Gabrielly Ramos, unidade que atende gestantes [&hellip;]<\/p>\n","protected":false},"author":4,"featured_media":4120,"comment_status":"open","ping_status":"open","sticky":false,"template":"","format":"standard","meta":{"_jetpack_newsletter_access":"","_jetpack_dont_email_post_to_subs":false,"_jetpack_newsletter_tier_id":0,"_jetpack_memberships_contains_paywalled_content":false,"_jetpack_memberships_contains_paid_content":false,"footnotes":""},"categories":[2,1,3],"tags":[30,374,325,339,14,16],"class_list":["post-4117","post","type-post","status-publish","format-standard","has-post-thumbnail","hentry","category-destaque","category-noticias","category-saude","tag-educacao","tag-escola","tag-fonte-de-aldeia","tag-inauguracao","tag-paudalho","tag-saude"],"jetpack_featured_media_url":"https:\/\/www.paudalho.pe.gov.br\/portal\/wp-content\/uploads\/2018\/10\/05fe672d-59af-4749-90de-e3a73b578a7d.jpg","jetpack_sharing_enabled":true,"jetpack_shortlink":"https:\/\/wp.me\/p98mS2-14p","_links":{"self":[{"href":"https:\/\/www.paudalho.pe.gov.br\/portal\/wp-json\/wp\/v2\/posts\/4117","targetHints":{"allow":["GET"]}}],"collection":[{"href":"https:\/\/www.paudalho.pe.gov.br\/portal\/wp-json\/wp\/v2\/posts"}],"about":[{"href":"https:\/\/www.paudalho.pe.gov.br\/portal\/wp-json\/wp\/v2\/types\/post"}],"author":[{"embeddable":true,"href":"https:\/\/www.paudalho.pe.gov.br\/portal\/wp-json\/wp\/v2\/users\/4"}],"replies":[{"embeddable":true,"href":"https:\/\/www.paudalho.pe.gov.br\/portal\/wp-json\/wp\/v2\/comments?post=4117"}],"version-history":[{"count":8,"href":"https:\/\/www.paudalho.pe.gov.br\/portal\/wp-json\/wp\/v2\/posts\/4117\/revisions"}],"predecessor-version":[{"id":4151,"href":"https:\/\/www.paudalho.pe.gov.br\/portal\/wp-json\/wp\/v2\/posts\/4117\/revisions\/4151"}],"wp:featuredmedia":[{"embeddable":true,"href":"https:\/\/www.paudalho.pe.gov.br\/portal\/wp-json\/wp\/v2\/media\/4120"}],"wp:attachment":[{"href":"https:\/\/www.paudalho.pe.gov.br\/portal\/wp-json\/wp\/v2\/media?parent=4117"}],"wp:term":[{"taxonomy":"category","embeddable":true,"href":"https:\/\/www.paudalho.pe.gov.br\/portal\/wp-json\/wp\/v2\/categories?post=4117"},{"taxonomy":"post_tag","embeddable":true,"href":"https:\/\/www.paudalho.pe.gov.br\/portal\/wp-json\/wp\/v2\/tags?post=4117"}],"curies":[{"name":"wp","href":"https:\/\/api.w.org\/{rel}","templated":true}]}}