{"id":4108,"date":"2018-09-27T21:49:02","date_gmt":"2018-09-28T00:49:02","guid":{"rendered":"https:\/\/www.paudalho.pe.gov.br\/portal\/?p=4108"},"modified":"2018-09-27T21:55:58","modified_gmt":"2018-09-28T00:55:58","slug":"hoje-paudalho-pode-sorrir-diz-moradora-sobre-servico-de-saude-bucal-no-municipio","status":"publish","type":"post","link":"https:\/\/www.paudalho.pe.gov.br\/portal\/hoje-paudalho-pode-sorrir-diz-moradora-sobre-servico-de-saude-bucal-no-municipio\/","title":{"rendered":"\u201cHoje Paudalho pode sorrir\u201d, diz moradora sobre servi\u00e7o de Sa\u00fade Bucal no Munic\u00edpio"},"content":{"rendered":"<p>De acordo com dados da Organiza\u00e7\u00e3o Mundial da Sa\u00fade (OMS) e Banco Mundial, metade da popula\u00e7\u00e3o no mundo n\u00e3o t\u00eam acesso aos servi\u00e7os essenciais de sa\u00fade. Ainda segundo os dados, entre os que t\u00eam acesso, ao menos 100 milh\u00f5es s\u00e3o empurrados para a pobreza por conta de gastos m\u00e9dicos.<\/p>\n<p>Mas a Prefeitura do Paudalho consegue vencer os obst\u00e1culos da crise financeira que atinge todo o Brasil e oferta \u00e0 popula\u00e7\u00e3o atendimento de qualidade desde a aten\u00e7\u00e3o b\u00e1sica at\u00e9 as especializadas. Um dos servi\u00e7os que t\u00eam se destacado no Munic\u00edpio \u00e9 o da Sa\u00fade Bucal. Nas Unidades B\u00e1sicas de Sa\u00fade (UBSs) a popula\u00e7\u00e3o pode se consultar com dentistas. Em m\u00e9dia por dia s\u00e3o atendidos de 15 a 20 pacientes. Hoje Paudalho pode sorrir!<\/p>\n<p>E \u00e9 um sorriso de felicidade como o da paudalhense Jeane Ferreira de 42 anos que se consultou na unidade do bairro da Santa Tereza. Ela elogiou o atendimento. \u201cFui bem atendida, o m\u00e9dico \u00e9 excelente. Com certeza voltarei de novo\u201d, disse.<\/p>\n<p>Moradora do bairro do Altos Dois Irm\u00e3os. Aliete Concei\u00e7\u00e3o tamb\u00e9m n\u00e3o escondeu a alegria pelo atendimento que foi ofertado \u00e0s suas filhas. \u201cMinha filha achou \u00f3timo. Ela disse que arrancou e vai pegar ficha novamente. Al\u00e9m disso, ela ainda recebeu uma limpeza nos dentes. Hoje Paudalho pode sorrir!\u201d, comentou.<\/p>\n<div id=\"attachment_4109\" style=\"width: 560px\" class=\"wp-caption alignnone\"><img loading=\"lazy\" decoding=\"async\" aria-describedby=\"caption-attachment-4109\" data-attachment-id=\"4109\" data-permalink=\"https:\/\/www.paudalho.pe.gov.br\/portal\/hoje-paudalho-pode-sorrir-diz-moradora-sobre-servico-de-saude-bucal-no-municipio\/0a4bdeb7-453f-43a3-9198-6b84944b4b38\/\" data-orig-file=\"https:\/\/www.paudalho.pe.gov.br\/portal\/wp-content\/uploads\/2018\/09\/0a4bdeb7-453f-43a3-9198-6b84944b4b38.jpg\" data-orig-size=\"1280,720\" data-comments-opened=\"1\" data-image-meta=\"{&quot;aperture&quot;:&quot;0&quot;,&quot;credit&quot;:&quot;&quot;,&quot;camera&quot;:&quot;&quot;,&quot;caption&quot;:&quot;&quot;,&quot;created_timestamp&quot;:&quot;0&quot;,&quot;copyright&quot;:&quot;&quot;,&quot;focal_length&quot;:&quot;0&quot;,&quot;iso&quot;:&quot;0&quot;,&quot;shutter_speed&quot;:&quot;0&quot;,&quot;title&quot;:&quot;&quot;,&quot;orientation&quot;:&quot;0&quot;}\" data-image-title=\"0a4bdeb7-453f-43a3-9198-6b84944b4b38\" data-image-description=\"\" data-image-caption=\"&lt;p&gt;Foto: Crist\u00f3v\u00e3o Neto\/PMP&lt;\/p&gt;\n\" data-medium-file=\"https:\/\/www.paudalho.pe.gov.br\/portal\/wp-content\/uploads\/2018\/09\/0a4bdeb7-453f-43a3-9198-6b84944b4b38-350x230.jpg\" data-large-file=\"https:\/\/www.paudalho.pe.gov.br\/portal\/wp-content\/uploads\/2018\/09\/0a4bdeb7-453f-43a3-9198-6b84944b4b38-800x450.jpg\" class=\" wp-image-4109\" src=\"https:\/\/www.paudalho.pe.gov.br\/portal\/wp-content\/uploads\/2018\/09\/0a4bdeb7-453f-43a3-9198-6b84944b4b38-350x230.jpg\" alt=\"\" width=\"550\" height=\"361\" \/><p id=\"caption-attachment-4109\" class=\"wp-caption-text\">Foto: Crist\u00f3v\u00e3o Neto\/PMP<\/p><\/div>\n<p>\u201cA Sa\u00fade Bucal \u00e9 muito importante para a gente at\u00e9 porque \u00e9 porta de entrada do organismo. A partir do momento que a gente tem essa sa\u00fade de qualidade, a gente vai ter um funcionamento do organismo de qualidade. A gente tratando a sa\u00fade b\u00e1sica da popula\u00e7\u00e3o vai ter uma melhoria na qualidade de vida\u201d explicou o dentista Thiago Clemente, respons\u00e1vel pelo servi\u00e7o na unidade do Alto Dois Irm\u00e3os.<\/p>\n<div id=\"attachment_4110\" style=\"width: 560px\" class=\"wp-caption alignnone\"><img loading=\"lazy\" decoding=\"async\" aria-describedby=\"caption-attachment-4110\" data-attachment-id=\"4110\" data-permalink=\"https:\/\/www.paudalho.pe.gov.br\/portal\/hoje-paudalho-pode-sorrir-diz-moradora-sobre-servico-de-saude-bucal-no-municipio\/33f6df1b-1290-4920-85b4-4bc7293b7b67\/\" data-orig-file=\"https:\/\/www.paudalho.pe.gov.br\/portal\/wp-content\/uploads\/2018\/09\/33f6df1b-1290-4920-85b4-4bc7293b7b67.jpg\" data-orig-size=\"1280,720\" data-comments-opened=\"1\" data-image-meta=\"{&quot;aperture&quot;:&quot;0&quot;,&quot;credit&quot;:&quot;&quot;,&quot;camera&quot;:&quot;&quot;,&quot;caption&quot;:&quot;&quot;,&quot;created_timestamp&quot;:&quot;0&quot;,&quot;copyright&quot;:&quot;&quot;,&quot;focal_length&quot;:&quot;0&quot;,&quot;iso&quot;:&quot;0&quot;,&quot;shutter_speed&quot;:&quot;0&quot;,&quot;title&quot;:&quot;&quot;,&quot;orientation&quot;:&quot;0&quot;}\" data-image-title=\"33f6df1b-1290-4920-85b4-4bc7293b7b67\" data-image-description=\"\" data-image-caption=\"\" data-medium-file=\"https:\/\/www.paudalho.pe.gov.br\/portal\/wp-content\/uploads\/2018\/09\/33f6df1b-1290-4920-85b4-4bc7293b7b67-350x230.jpg\" data-large-file=\"https:\/\/www.paudalho.pe.gov.br\/portal\/wp-content\/uploads\/2018\/09\/33f6df1b-1290-4920-85b4-4bc7293b7b67-800x450.jpg\" class=\"wp-image-4110\" src=\"https:\/\/www.paudalho.pe.gov.br\/portal\/wp-content\/uploads\/2018\/09\/33f6df1b-1290-4920-85b4-4bc7293b7b67-350x230.jpg\" alt=\"\" width=\"550\" height=\"361\" \/><p id=\"caption-attachment-4110\" class=\"wp-caption-text\">Foto: Crist\u00f3v\u00e3o Neto\/PMP<\/p><\/div>\n<p>A Prefeitura segue comprometida em investir na estrutura da sa\u00fade. Mas, outra preocupa\u00e7\u00e3o \u00e9 com a humaniza\u00e7\u00e3o do servi\u00e7o. Por isso, a equipe de Sa\u00fade Bucal criou o projeto \u201cOdontolengos\u201d, que ensina crian\u00e7as a cuidar da sa\u00fade da boca em uma forma mais humana e atenciosa. \u201c\u00c9 um projeto que a gente leva as escolas de uma forma mais descontra\u00edda. Ele \u00e9 feito com mamulengos e tem o objetivo das crian\u00e7as entenderem da forma deles como funciona essa sa\u00fade e n\u00f3s vamos voltar para as escolas agora em outubro com novas hist\u00f3rias e muitas mudan\u00e7as legais\u201d, detalhou.<\/p>\n<div id=\"attachment_4111\" style=\"width: 560px\" class=\"wp-caption alignnone\"><img loading=\"lazy\" decoding=\"async\" aria-describedby=\"caption-attachment-4111\" data-attachment-id=\"4111\" data-permalink=\"https:\/\/www.paudalho.pe.gov.br\/portal\/hoje-paudalho-pode-sorrir-diz-moradora-sobre-servico-de-saude-bucal-no-municipio\/5e474d17-d425-4478-918e-d41c5506c384\/\" data-orig-file=\"https:\/\/www.paudalho.pe.gov.br\/portal\/wp-content\/uploads\/2018\/09\/5e474d17-d425-4478-918e-d41c5506c384.jpg\" data-orig-size=\"1280,720\" data-comments-opened=\"1\" data-image-meta=\"{&quot;aperture&quot;:&quot;0&quot;,&quot;credit&quot;:&quot;&quot;,&quot;camera&quot;:&quot;&quot;,&quot;caption&quot;:&quot;&quot;,&quot;created_timestamp&quot;:&quot;0&quot;,&quot;copyright&quot;:&quot;&quot;,&quot;focal_length&quot;:&quot;0&quot;,&quot;iso&quot;:&quot;0&quot;,&quot;shutter_speed&quot;:&quot;0&quot;,&quot;title&quot;:&quot;&quot;,&quot;orientation&quot;:&quot;0&quot;}\" data-image-title=\"5e474d17-d425-4478-918e-d41c5506c384\" data-image-description=\"\" data-image-caption=\"\" data-medium-file=\"https:\/\/www.paudalho.pe.gov.br\/portal\/wp-content\/uploads\/2018\/09\/5e474d17-d425-4478-918e-d41c5506c384-350x230.jpg\" data-large-file=\"https:\/\/www.paudalho.pe.gov.br\/portal\/wp-content\/uploads\/2018\/09\/5e474d17-d425-4478-918e-d41c5506c384-800x450.jpg\" class=\"wp-image-4111\" src=\"https:\/\/www.paudalho.pe.gov.br\/portal\/wp-content\/uploads\/2018\/09\/5e474d17-d425-4478-918e-d41c5506c384-350x230.jpg\" alt=\"\" width=\"550\" height=\"361\" \/><p id=\"caption-attachment-4111\" class=\"wp-caption-text\">Foto: Crist\u00f3v\u00e3o Neto\/PMP<\/p><\/div>\n<p><strong>Confira a mat\u00e9ria no v\u00eddeo:<\/strong><\/p>\n<p><iframe loading=\"lazy\" style=\"border: none; overflow: hidden;\" src=\"https:\/\/www.facebook.com\/plugins\/video.php?href=https%3A%2F%2Fwww.facebook.com%2FPrefeituraPaudalho%2Fvideos%2F2165987960394053%2F&amp;show_text=1&amp;width=560\" width=\"560\" height=\"476\" frameborder=\"0\" scrolling=\"no\" allowfullscreen=\"allowfullscreen\"><\/iframe><\/p>\n","protected":false},"excerpt":{"rendered":"<p>De acordo com dados da Organiza\u00e7\u00e3o Mundial da Sa\u00fade (OMS) e Banco Mundial, metade da popula\u00e7\u00e3o no mundo n\u00e3o t\u00eam acesso aos servi\u00e7os essenciais de sa\u00fade. Ainda segundo os dados, entre os que t\u00eam acesso, ao menos 100 milh\u00f5es s\u00e3o empurrados para a pobreza por conta de gastos m\u00e9dicos. Mas a Prefeitura do Paudalho consegue [&hellip;]<\/p>\n","protected":false},"author":4,"featured_media":4109,"comment_status":"open","ping_status":"open","sticky":false,"template":"","format":"standard","meta":{"_jetpack_newsletter_access":"","_jetpack_dont_email_post_to_subs":false,"_jetpack_newsletter_tier_id":0,"_jetpack_memberships_contains_paywalled_content":false,"_jetpack_memberships_contains_paid_content":false,"footnotes":""},"categories":[2,3],"tags":[22,16,70],"class_list":["post-4108","post","type-post","status-publish","format-standard","has-post-thumbnail","hentry","category-destaque","category-saude","tag-prefeitura-do-paudalho","tag-saude","tag-saude-bucal"],"jetpack_featured_media_url":"https:\/\/www.paudalho.pe.gov.br\/portal\/wp-content\/uploads\/2018\/09\/0a4bdeb7-453f-43a3-9198-6b84944b4b38.jpg","jetpack_sharing_enabled":true,"jetpack_shortlink":"https:\/\/wp.me\/p98mS2-14g","_links":{"self":[{"href":"https:\/\/www.paudalho.pe.gov.br\/portal\/wp-json\/wp\/v2\/posts\/4108","targetHints":{"allow":["GET"]}}],"collection":[{"href":"https:\/\/www.paudalho.pe.gov.br\/portal\/wp-json\/wp\/v2\/posts"}],"about":[{"href":"https:\/\/www.paudalho.pe.gov.br\/portal\/wp-json\/wp\/v2\/types\/post"}],"author":[{"embeddable":true,"href":"https:\/\/www.paudalho.pe.gov.br\/portal\/wp-json\/wp\/v2\/users\/4"}],"replies":[{"embeddable":true,"href":"https:\/\/www.paudalho.pe.gov.br\/portal\/wp-json\/wp\/v2\/comments?post=4108"}],"version-history":[{"count":3,"href":"https:\/\/www.paudalho.pe.gov.br\/portal\/wp-json\/wp\/v2\/posts\/4108\/revisions"}],"predecessor-version":[{"id":4114,"href":"https:\/\/www.paudalho.pe.gov.br\/portal\/wp-json\/wp\/v2\/posts\/4108\/revisions\/4114"}],"wp:featuredmedia":[{"embeddable":true,"href":"https:\/\/www.paudalho.pe.gov.br\/portal\/wp-json\/wp\/v2\/media\/4109"}],"wp:attachment":[{"href":"https:\/\/www.paudalho.pe.gov.br\/portal\/wp-json\/wp\/v2\/media?parent=4108"}],"wp:term":[{"taxonomy":"category","embeddable":true,"href":"https:\/\/www.paudalho.pe.gov.br\/portal\/wp-json\/wp\/v2\/categories?post=4108"},{"taxonomy":"post_tag","embeddable":true,"href":"https:\/\/www.paudalho.pe.gov.br\/portal\/wp-json\/wp\/v2\/tags?post=4108"}],"curies":[{"name":"wp","href":"https:\/\/api.w.org\/{rel}","templated":true}]}}