{"id":4095,"date":"2018-09-26T16:24:12","date_gmt":"2018-09-26T19:24:12","guid":{"rendered":"https:\/\/www.paudalho.pe.gov.br\/portal\/?p=4095"},"modified":"2018-09-26T16:24:12","modified_gmt":"2018-09-26T19:24:12","slug":"conquista-paudalho-recebera-mais-288-unidades-habitacionais-do-programa-minha-casa-minha-vida","status":"publish","type":"post","link":"https:\/\/www.paudalho.pe.gov.br\/portal\/conquista-paudalho-recebera-mais-288-unidades-habitacionais-do-programa-minha-casa-minha-vida\/","title":{"rendered":"Conquista: Paudalho receber\u00e1 mais 288 unidades habitacionais do Programa Minha Casa, Minha Vida"},"content":{"rendered":"<p>Mais uma conquista para ser comemorada! De acordo com informa\u00e7\u00e3o do Di\u00e1rio Oficial publicado nesta quarta-feira (26) Paudalho receber\u00e1 outras 288 unidades habitacionais do Programa Minha Casa Minha Vida. O investimento no intitulado \u201cResidencial Guadalajara II\u201d ser\u00e1 de R$21 milh\u00f5es o que vai gerar cerca de 300 empregos diretos. Unindo esse residencial com o Guadalajara I, que j\u00e1 est\u00e1 sendo constru\u00eddo no Munic\u00edpio, ser\u00e3o entregues \u00e0 popula\u00e7\u00e3o 576 casas. \u201cA gente em Paudalho fica feliz porque isso s\u00f3 faz a nossa cidade crescer\u201d, comentou a dona de casa, Joselma Alves.<\/p>\n<p>J\u00e1 o estudante, Jos\u00e9 Renato, comenta alegre sobre os empregos que s\u00e3o gerados com empreendimentos como o Minha Casa Minha Vida. \u201cCom essa obra, quem est\u00e1 desempregado vai arrumar um emprego e minha nota \u00e9 mil. Fico feliz porque os pais de fam\u00edlias v\u00e3o ter uma oportunidade\u201d, comentou.<\/p>\n<p><img loading=\"lazy\" decoding=\"async\" data-attachment-id=\"4097\" data-permalink=\"https:\/\/www.paudalho.pe.gov.br\/portal\/conquista-paudalho-recebera-mais-288-unidades-habitacionais-do-programa-minha-casa-minha-vida\/77e6cac8-7288-4d7e-8c10-e4a7acbf5cca\/\" data-orig-file=\"https:\/\/www.paudalho.pe.gov.br\/portal\/wp-content\/uploads\/2018\/09\/77e6cac8-7288-4d7e-8c10-e4a7acbf5cca.jpg\" data-orig-size=\"1280,720\" data-comments-opened=\"1\" data-image-meta=\"{&quot;aperture&quot;:&quot;0&quot;,&quot;credit&quot;:&quot;&quot;,&quot;camera&quot;:&quot;&quot;,&quot;caption&quot;:&quot;&quot;,&quot;created_timestamp&quot;:&quot;0&quot;,&quot;copyright&quot;:&quot;&quot;,&quot;focal_length&quot;:&quot;0&quot;,&quot;iso&quot;:&quot;0&quot;,&quot;shutter_speed&quot;:&quot;0&quot;,&quot;title&quot;:&quot;&quot;,&quot;orientation&quot;:&quot;0&quot;}\" data-image-title=\"77e6cac8-7288-4d7e-8c10-e4a7acbf5cca\" data-image-description=\"\" data-image-caption=\"\" data-medium-file=\"https:\/\/www.paudalho.pe.gov.br\/portal\/wp-content\/uploads\/2018\/09\/77e6cac8-7288-4d7e-8c10-e4a7acbf5cca-350x230.jpg\" data-large-file=\"https:\/\/www.paudalho.pe.gov.br\/portal\/wp-content\/uploads\/2018\/09\/77e6cac8-7288-4d7e-8c10-e4a7acbf5cca-800x450.jpg\" class=\"alignnone wp-image-4097\" src=\"https:\/\/www.paudalho.pe.gov.br\/portal\/wp-content\/uploads\/2018\/09\/77e6cac8-7288-4d7e-8c10-e4a7acbf5cca-350x230.jpg\" alt=\"\" width=\"550\" height=\"361\" \/><\/p>\n<h2><strong>Obras do Residencial Guadalajara I seguem a todo vapor<\/strong><\/h2>\n<p>A constru\u00e7\u00e3o do primeiro empreendimento do Minha Casa Minha Vida segue a todo vapor na cidade. O Residencial Guadalajara I, que tamb\u00e9m vai ofertar 288 unidades, j\u00e1 provoca a mudan\u00e7a. Sefaz Ferreira de 53 anos estava desempregado. Hoje, ele comemora a oportunidade que conquistou com a chegada da constru\u00e7\u00e3o. \u201cMinha fam\u00edlia fica feliz porque estou trazendo o p\u00e3o para dentro de casa. E muito mais \u00e9 que muita gente n\u00e3o tem um casa e agora vai ter\u201d, destacou.<\/p>\n<p><img loading=\"lazy\" decoding=\"async\" data-attachment-id=\"4098\" data-permalink=\"https:\/\/www.paudalho.pe.gov.br\/portal\/conquista-paudalho-recebera-mais-288-unidades-habitacionais-do-programa-minha-casa-minha-vida\/279bbd99-fa67-446b-9fe2-38a6ab678733\/\" data-orig-file=\"https:\/\/www.paudalho.pe.gov.br\/portal\/wp-content\/uploads\/2018\/09\/279bbd99-fa67-446b-9fe2-38a6ab678733.jpg\" data-orig-size=\"1280,720\" data-comments-opened=\"1\" data-image-meta=\"{&quot;aperture&quot;:&quot;0&quot;,&quot;credit&quot;:&quot;&quot;,&quot;camera&quot;:&quot;&quot;,&quot;caption&quot;:&quot;&quot;,&quot;created_timestamp&quot;:&quot;0&quot;,&quot;copyright&quot;:&quot;&quot;,&quot;focal_length&quot;:&quot;0&quot;,&quot;iso&quot;:&quot;0&quot;,&quot;shutter_speed&quot;:&quot;0&quot;,&quot;title&quot;:&quot;&quot;,&quot;orientation&quot;:&quot;0&quot;}\" data-image-title=\"279bbd99-fa67-446b-9fe2-38a6ab678733\" data-image-description=\"\" data-image-caption=\"\" data-medium-file=\"https:\/\/www.paudalho.pe.gov.br\/portal\/wp-content\/uploads\/2018\/09\/279bbd99-fa67-446b-9fe2-38a6ab678733-350x230.jpg\" data-large-file=\"https:\/\/www.paudalho.pe.gov.br\/portal\/wp-content\/uploads\/2018\/09\/279bbd99-fa67-446b-9fe2-38a6ab678733-800x450.jpg\" class=\"alignnone wp-image-4098\" src=\"https:\/\/www.paudalho.pe.gov.br\/portal\/wp-content\/uploads\/2018\/09\/279bbd99-fa67-446b-9fe2-38a6ab678733-350x230.jpg\" alt=\"\" width=\"550\" height=\"361\" \/><\/p>\n<p>Para o prefeito Marcelo Gouveia, a conquista \u00e9 fruto de muito trabalho e empenho. \u201cN\u00f3s estamos muito felizes pelo fato de conseguir resgatar a dignidade das pessoas. Essa obra \u00e9 fruto de muito trabalho, empenho e articula\u00e7\u00e3o. N\u00f3s queremos lembrar ao paudalhense que a mudan\u00e7a n\u00e3o vai parar e n\u00f3s, juntos podemos avan\u00e7ar ainda mais\u201d, finalizou.<\/p>\n<p><strong>Confira a mat\u00e9ria no v\u00eddeo sobre a constru\u00e7\u00e3o do primeiro residencial na cidade:<\/strong><\/p>\n<p><iframe loading=\"lazy\" style=\"border: none; overflow: hidden;\" src=\"https:\/\/www.facebook.com\/plugins\/video.php?href=https%3A%2F%2Fwww.facebook.com%2FPrefeituraPaudalho%2Fvideos%2F268814850420250%2F&amp;show_text=1&amp;width=560\" width=\"560\" height=\"476\" frameborder=\"0\" scrolling=\"no\" allowfullscreen=\"allowfullscreen\"><\/iframe><\/p>\n","protected":false},"excerpt":{"rendered":"<p>Mais uma conquista para ser comemorada! De acordo com informa\u00e7\u00e3o do Di\u00e1rio Oficial publicado nesta quarta-feira (26) Paudalho receber\u00e1 outras 288 unidades habitacionais do Programa Minha Casa Minha Vida. O investimento no intitulado \u201cResidencial Guadalajara II\u201d ser\u00e1 de R$21 milh\u00f5es o que vai gerar cerca de 300 empregos diretos. Unindo esse residencial com o Guadalajara [&hellip;]<\/p>\n","protected":false},"author":4,"featured_media":4096,"comment_status":"open","ping_status":"open","sticky":false,"template":"","format":"standard","meta":{"_jetpack_newsletter_access":"","_jetpack_dont_email_post_to_subs":false,"_jetpack_newsletter_tier_id":0,"_jetpack_memberships_contains_paywalled_content":false,"_jetpack_memberships_contains_paid_content":false,"footnotes":""},"categories":[2,35],"tags":[381,129,36,14],"class_list":["post-4095","post","type-post","status-publish","format-standard","has-post-thumbnail","hentry","category-destaque","category-obras","tag-minha-casa","tag-minha-casa-minha-vida","tag-obras","tag-paudalho"],"jetpack_featured_media_url":"https:\/\/www.paudalho.pe.gov.br\/portal\/wp-content\/uploads\/2018\/09\/d984553d-8273-4033-86cc-18087dfd503d.jpg","jetpack_sharing_enabled":true,"jetpack_shortlink":"https:\/\/wp.me\/p98mS2-143","_links":{"self":[{"href":"https:\/\/www.paudalho.pe.gov.br\/portal\/wp-json\/wp\/v2\/posts\/4095","targetHints":{"allow":["GET"]}}],"collection":[{"href":"https:\/\/www.paudalho.pe.gov.br\/portal\/wp-json\/wp\/v2\/posts"}],"about":[{"href":"https:\/\/www.paudalho.pe.gov.br\/portal\/wp-json\/wp\/v2\/types\/post"}],"author":[{"embeddable":true,"href":"https:\/\/www.paudalho.pe.gov.br\/portal\/wp-json\/wp\/v2\/users\/4"}],"replies":[{"embeddable":true,"href":"https:\/\/www.paudalho.pe.gov.br\/portal\/wp-json\/wp\/v2\/comments?post=4095"}],"version-history":[{"count":1,"href":"https:\/\/www.paudalho.pe.gov.br\/portal\/wp-json\/wp\/v2\/posts\/4095\/revisions"}],"predecessor-version":[{"id":4099,"href":"https:\/\/www.paudalho.pe.gov.br\/portal\/wp-json\/wp\/v2\/posts\/4095\/revisions\/4099"}],"wp:featuredmedia":[{"embeddable":true,"href":"https:\/\/www.paudalho.pe.gov.br\/portal\/wp-json\/wp\/v2\/media\/4096"}],"wp:attachment":[{"href":"https:\/\/www.paudalho.pe.gov.br\/portal\/wp-json\/wp\/v2\/media?parent=4095"}],"wp:term":[{"taxonomy":"category","embeddable":true,"href":"https:\/\/www.paudalho.pe.gov.br\/portal\/wp-json\/wp\/v2\/categories?post=4095"},{"taxonomy":"post_tag","embeddable":true,"href":"https:\/\/www.paudalho.pe.gov.br\/portal\/wp-json\/wp\/v2\/tags?post=4095"}],"curies":[{"name":"wp","href":"https:\/\/api.w.org\/{rel}","templated":true}]}}