{"id":3985,"date":"2018-09-24T11:03:06","date_gmt":"2018-09-24T14:03:06","guid":{"rendered":"https:\/\/www.paudalho.pe.gov.br\/portal\/?p=3985"},"modified":"2018-10-01T13:17:40","modified_gmt":"2018-10-01T16:17:40","slug":"prefeitura-do-paudalho-inaugura-escola-na-comunidade-de-fonte-de-aldeia-na-proxima-segunda-feira","status":"publish","type":"post","link":"https:\/\/www.paudalho.pe.gov.br\/portal\/prefeitura-do-paudalho-inaugura-escola-na-comunidade-de-fonte-de-aldeia-na-proxima-segunda-feira\/","title":{"rendered":"Prefeitura do Paudalho inaugura escola na comunidade de Fonte de Aldeia na pr\u00f3xima ter\u00e7a-feira"},"content":{"rendered":"<p>A Educa\u00e7\u00e3o \u00e9 um direito assegurado pela Constitui\u00e7\u00e3o Federal atrav\u00e9s da Lei 9.394, de 20 de dezembro de 1996. De acordo com Organiza\u00e7\u00f5es das Na\u00e7\u00f5es Unidas no Brasil (ONUBRASIL) o direito \u00e0 educa\u00e7\u00e3o tamb\u00e9m \u00e9 previsto em 82% das constitui\u00e7\u00f5es nacionais no mundo, mas apenas 55% dos pa\u00edses permitem que cidad\u00e3os levem seus governos aos tribunais por viola\u00e7\u00e3o desse direito.<\/p>\n<p>Mas, a Prefeitura do Paudalho est\u00e1 comprometida com a mudan\u00e7a no Munic\u00edpio e atrav\u00e9s de a\u00e7\u00f5es que beneficiam os paudalhenses, a gest\u00e3o tem assegura o direito \u00e0 educa\u00e7\u00e3o na cidade. Exemplo disso, \u00e9 que na pr\u00f3xima ter\u00e7a-feira (2) ser\u00e1 inaugurada mais uma escola, dessa vez na comunidade de Fonte de Aldeia, na Zona Rural. A unidade de ensino de Educa\u00e7\u00e3o Infantil beneficiar\u00e1 centenas de crian\u00e7as na localidade que h\u00e1 muitos tempo n\u00e3o recebia uma a\u00e7\u00e3o da Prefeitura.<\/p>\n<p>Adriana Ten\u00f3rio de 32 anos \u00e9 moradora do bairro\u00a0e lembra as dificuldades que os estudantes enfrentavam. \u201cS\u00e3o pessoas carentes que se locomovem daqui para Ch\u00e3 de Conselho, de \u00f4nibus e tem muitas m\u00e3es que v\u00e3o acompanhando as suas crian\u00e7as, tendo que esperar at\u00e9 o meio-dia para voltar. As crian\u00e7as tinham que acordar muito cedo para se arrumar e atrav\u00e9s desse col\u00e9gio elas ser\u00e3o beneficiadas, porque as m\u00e3es v\u00e3o poder voltar para casa para cuidar dos seus lares\u201d, disse.<\/p>\n<p>A dona de casa mora ao lado das obras com as quatro filhas e o esposo e acompanhou as obras emocionada. \u201cEu estou muito feliz porque tenho uma filha de tr\u00eas anos que vai estudar bem pertinho de casa. Eu tamb\u00e9m estou feliz porque outras m\u00e3es v\u00e3o ficar mais tranquilas e eles tamb\u00e9m v\u00e3o aprender mais\u201d, disse.<\/p>\n<div id=\"attachment_3882\" style=\"width: 557px\" class=\"wp-caption alignnone\"><img loading=\"lazy\" decoding=\"async\" aria-describedby=\"caption-attachment-3882\" data-attachment-id=\"3882\" data-permalink=\"https:\/\/www.paudalho.pe.gov.br\/portal\/zona-rural-do-paudalho-experimenta-transformacao-e-populacao-comemora\/454eb716-a352-4980-87e1-20999950c4e6\/\" data-orig-file=\"https:\/\/www.paudalho.pe.gov.br\/portal\/wp-content\/uploads\/2018\/09\/454eb716-a352-4980-87e1-20999950c4e6.jpg\" data-orig-size=\"1280,853\" data-comments-opened=\"1\" data-image-meta=\"{&quot;aperture&quot;:&quot;0&quot;,&quot;credit&quot;:&quot;&quot;,&quot;camera&quot;:&quot;&quot;,&quot;caption&quot;:&quot;&quot;,&quot;created_timestamp&quot;:&quot;0&quot;,&quot;copyright&quot;:&quot;&quot;,&quot;focal_length&quot;:&quot;0&quot;,&quot;iso&quot;:&quot;0&quot;,&quot;shutter_speed&quot;:&quot;0&quot;,&quot;title&quot;:&quot;&quot;,&quot;orientation&quot;:&quot;0&quot;}\" data-image-title=\"454eb716-a352-4980-87e1-20999950c4e6\" data-image-description=\"\" data-image-caption=\"&lt;p&gt;Foto: Crist\u00f3v\u00e3o Neto\/PMP&lt;\/p&gt;\n\" data-medium-file=\"https:\/\/www.paudalho.pe.gov.br\/portal\/wp-content\/uploads\/2018\/09\/454eb716-a352-4980-87e1-20999950c4e6-350x230.jpg\" data-large-file=\"https:\/\/www.paudalho.pe.gov.br\/portal\/wp-content\/uploads\/2018\/09\/454eb716-a352-4980-87e1-20999950c4e6-800x450.jpg\" class=\" wp-image-3882\" src=\"https:\/\/www.paudalho.pe.gov.br\/portal\/wp-content\/uploads\/2018\/09\/454eb716-a352-4980-87e1-20999950c4e6-350x230.jpg\" alt=\"\" width=\"547\" height=\"359\" \/><p id=\"caption-attachment-3882\" class=\"wp-caption-text\">Foto: Crist\u00f3v\u00e3o Neto\/PMP<\/p><\/div>\n<h2><strong>Educa\u00e7\u00e3o em Paudalho \u00e9 destaque na Mata Norte<\/strong><\/h2>\n<p>Em menos de dois anos de gest\u00e3o, a Prefeitura do Paudalho tem realizado uma verdadeira \u201conda\u201d de transforma\u00e7\u00e3o na cidade. Obras, como a do Col\u00e9gio Municipal de Guadalajara (CMG) e da primeira Creche da cidade beneficiam centenas de pessoas no Munic\u00edpio. Al\u00e9m disso, todos os estudantes da Rede Municipal, tanto das escolas do Centro, quanto da Zona Rural receberam kits escolares, contendo canetas, l\u00e1pis grafites, borrachas, l\u00e1pis de cor, caneta hidrocor, kit com r\u00e9gua, dois cadernos, cola e uma bolsa. No Col\u00e9gio Municipal Manoel da Rosa, no bairro do Alto dois Irm\u00e3os, a dona de casa Cristiane Murilo, de 25 anos, \u00e9 m\u00e3e da pequena Jennifer Let\u00edcia de cinco anos. De acordo com ela, o kit surpreendeu. \u201cMuito bom, eu gostei muito e minha filha adorou\u201d, disse.<\/p>\n<div id=\"attachment_3578\" style=\"width: 560px\" class=\"wp-caption alignnone\"><img loading=\"lazy\" decoding=\"async\" aria-describedby=\"caption-attachment-3578\" data-attachment-id=\"3578\" data-permalink=\"https:\/\/www.paudalho.pe.gov.br\/portal\/entrega-de-kits-escolares-ordem-de-servico-e-postos-de-saude-mais-tecnologicos-marcam-semana-em-paudalho\/25d08c03-f992-4514-8716-fc32b86ad189\/\" data-orig-file=\"https:\/\/www.paudalho.pe.gov.br\/portal\/wp-content\/uploads\/2018\/08\/25d08c03-f992-4514-8716-fc32b86ad189.jpg\" data-orig-size=\"1280,853\" data-comments-opened=\"1\" data-image-meta=\"{&quot;aperture&quot;:&quot;0&quot;,&quot;credit&quot;:&quot;&quot;,&quot;camera&quot;:&quot;&quot;,&quot;caption&quot;:&quot;&quot;,&quot;created_timestamp&quot;:&quot;0&quot;,&quot;copyright&quot;:&quot;&quot;,&quot;focal_length&quot;:&quot;0&quot;,&quot;iso&quot;:&quot;0&quot;,&quot;shutter_speed&quot;:&quot;0&quot;,&quot;title&quot;:&quot;&quot;,&quot;orientation&quot;:&quot;0&quot;}\" data-image-title=\"25d08c03-f992-4514-8716-fc32b86ad189\" data-image-description=\"\" data-image-caption=\"&lt;p&gt;Foto: William F\u00e9lix &lt;\/p&gt;\n\" data-medium-file=\"https:\/\/www.paudalho.pe.gov.br\/portal\/wp-content\/uploads\/2018\/08\/25d08c03-f992-4514-8716-fc32b86ad189-350x230.jpg\" data-large-file=\"https:\/\/www.paudalho.pe.gov.br\/portal\/wp-content\/uploads\/2018\/08\/25d08c03-f992-4514-8716-fc32b86ad189-800x450.jpg\" class=\" wp-image-3578\" src=\"https:\/\/www.paudalho.pe.gov.br\/portal\/wp-content\/uploads\/2018\/08\/25d08c03-f992-4514-8716-fc32b86ad189-350x230.jpg\" alt=\"\" width=\"550\" height=\"361\" \/><p id=\"caption-attachment-3578\" class=\"wp-caption-text\">Foto: William F\u00e9lix\/PMP<\/p><\/div>\n<div id=\"attachment_3579\" style=\"width: 558px\" class=\"wp-caption alignnone\"><img loading=\"lazy\" decoding=\"async\" aria-describedby=\"caption-attachment-3579\" data-attachment-id=\"3579\" data-permalink=\"https:\/\/www.paudalho.pe.gov.br\/portal\/entrega-de-kits-escolares-ordem-de-servico-e-postos-de-saude-mais-tecnologicos-marcam-semana-em-paudalho\/c6c6d483-a4c1-45c7-929c-b1912b3376b0\/\" data-orig-file=\"https:\/\/www.paudalho.pe.gov.br\/portal\/wp-content\/uploads\/2018\/08\/c6c6d483-a4c1-45c7-929c-b1912b3376b0.jpg\" data-orig-size=\"1280,853\" data-comments-opened=\"1\" data-image-meta=\"{&quot;aperture&quot;:&quot;0&quot;,&quot;credit&quot;:&quot;&quot;,&quot;camera&quot;:&quot;&quot;,&quot;caption&quot;:&quot;&quot;,&quot;created_timestamp&quot;:&quot;0&quot;,&quot;copyright&quot;:&quot;&quot;,&quot;focal_length&quot;:&quot;0&quot;,&quot;iso&quot;:&quot;0&quot;,&quot;shutter_speed&quot;:&quot;0&quot;,&quot;title&quot;:&quot;&quot;,&quot;orientation&quot;:&quot;0&quot;}\" data-image-title=\"c6c6d483-a4c1-45c7-929c-b1912b3376b0\" data-image-description=\"\" data-image-caption=\"&lt;p&gt;Foto: William F\u00e9lix &lt;\/p&gt;\n\" data-medium-file=\"https:\/\/www.paudalho.pe.gov.br\/portal\/wp-content\/uploads\/2018\/08\/c6c6d483-a4c1-45c7-929c-b1912b3376b0-350x230.jpg\" data-large-file=\"https:\/\/www.paudalho.pe.gov.br\/portal\/wp-content\/uploads\/2018\/08\/c6c6d483-a4c1-45c7-929c-b1912b3376b0-800x450.jpg\" class=\" wp-image-3579\" src=\"https:\/\/www.paudalho.pe.gov.br\/portal\/wp-content\/uploads\/2018\/08\/c6c6d483-a4c1-45c7-929c-b1912b3376b0-350x230.jpg\" alt=\"\" width=\"548\" height=\"360\" \/><p id=\"caption-attachment-3579\" class=\"wp-caption-text\">Foto: William F\u00e9lix\/PMP<\/p><\/div>\n<h2><strong>Destaque no IDEPE<\/strong><\/h2>\n<p>E como n\u00e3o comemorar? Outro exemplo de que estamos indo no caminho certo \u00e9 que tr\u00eas escolas municipais se destacaram no quesito evolu\u00e7\u00e3o do \u00cdndice de Desenvolvimento da Educa\u00e7\u00e3o B\u00e1sica de Pernambuco (IDEPE) 2017 na Mata Norte.<\/p>\n<p>A escola Maria de F\u00e1tima, em Ch\u00e3 de Cruz, ficou em primeiro lugar no Ensino Fundamental I e II. A institui\u00e7\u00e3o Severino Maur\u00edcio Carneiro da Silva, em Piracirica, tamb\u00e9m levou o primeiro lugar no Ensino Fundamental I. J\u00e1 a unidade Paulo VI, em Ch\u00e3 de Pinheiro, apontou no ranking das 10 melhores escolas dos iniciais em toda a Mata Norte.<\/p>\n<p>Paula Soares, de 40 anos, \u00e9 m\u00e3e de duas crian\u00e7as que estudam na Escola Maria de F\u00e1tima. Ela comenta que o reconhecimento reflete diretamente na vida profissional dos seus filhos. \u201cEu como m\u00e3e fico muito feliz e satisfeita em saber que meus filhos est\u00e3o estudando em uma escola com boa qualifica\u00e7\u00e3o. Tanto meu filho, quanto minhas filhas pensam em fazer medicina e eu tenho certeza que essa conquista no IDEPE refletir\u00e1 nos sonhos deles\u201d, disse.<\/p>\n<div id=\"attachment_3944\" style=\"width: 558px\" class=\"wp-caption alignnone\"><img loading=\"lazy\" decoding=\"async\" aria-describedby=\"caption-attachment-3944\" data-attachment-id=\"3944\" data-permalink=\"https:\/\/www.paudalho.pe.gov.br\/portal\/educacao-em-paudalho-avanca-e-escolas-municipais-se-destacam-no-idepe\/bba8383f-e70c-4ded-ab60-9ce549aeefd3\/\" data-orig-file=\"https:\/\/www.paudalho.pe.gov.br\/portal\/wp-content\/uploads\/2018\/09\/bba8383f-e70c-4ded-ab60-9ce549aeefd3.jpg\" data-orig-size=\"1280,853\" data-comments-opened=\"1\" data-image-meta=\"{&quot;aperture&quot;:&quot;0&quot;,&quot;credit&quot;:&quot;&quot;,&quot;camera&quot;:&quot;&quot;,&quot;caption&quot;:&quot;&quot;,&quot;created_timestamp&quot;:&quot;0&quot;,&quot;copyright&quot;:&quot;&quot;,&quot;focal_length&quot;:&quot;0&quot;,&quot;iso&quot;:&quot;0&quot;,&quot;shutter_speed&quot;:&quot;0&quot;,&quot;title&quot;:&quot;&quot;,&quot;orientation&quot;:&quot;0&quot;}\" data-image-title=\"bba8383f-e70c-4ded-ab60-9ce549aeefd3\" data-image-description=\"\" data-image-caption=\"&lt;p&gt;Crist\u00f3v\u00e3o Neto\/PMP&lt;\/p&gt;\n\" data-medium-file=\"https:\/\/www.paudalho.pe.gov.br\/portal\/wp-content\/uploads\/2018\/09\/bba8383f-e70c-4ded-ab60-9ce549aeefd3-350x230.jpg\" data-large-file=\"https:\/\/www.paudalho.pe.gov.br\/portal\/wp-content\/uploads\/2018\/09\/bba8383f-e70c-4ded-ab60-9ce549aeefd3-800x450.jpg\" class=\" wp-image-3944\" src=\"https:\/\/www.paudalho.pe.gov.br\/portal\/wp-content\/uploads\/2018\/09\/bba8383f-e70c-4ded-ab60-9ce549aeefd3-350x230.jpg\" alt=\"\" width=\"548\" height=\"360\" \/><p id=\"caption-attachment-3944\" class=\"wp-caption-text\">Crist\u00f3v\u00e3o Neto\/PMP<\/p><\/div>\n<p><strong>Confira na mat\u00e9ria:\u00a0<\/strong><\/p>\n<p><iframe loading=\"lazy\" style=\"border: none; overflow: hidden;\" src=\"https:\/\/www.facebook.com\/plugins\/video.php?href=https%3A%2F%2Fwww.facebook.com%2FPrefeituraPaudalho%2Fvideos%2F718981168435461%2F&amp;show_text=1&amp;width=560\" width=\"560\" height=\"495\" frameborder=\"0\" scrolling=\"no\" allowfullscreen=\"allowfullscreen\"><\/iframe><\/p>\n<p>O prefeito Marcelo Gouveia destacou que, al\u00e9m de melhorar a educa\u00e7\u00e3o, a\u00e7\u00f5es como essa d\u00e3o suporte aos sonhos profissionais dos mun\u00edcipes que precisam de um ensino de qualidade para alcan\u00e7ar os seus objetivos. \u201cN\u00f3s estamos muito felizes com essas conquistas porque tudo isso vai influenciar na vida das nossas crian\u00e7as. Eles n\u00e3o s\u00e3o o futuro. Eles s\u00e3o tamb\u00e9m o hoje, o presente e essa escola \u00e9\u00a0 um reflexo do nosso compromisso com a vida e a educa\u00e7\u00e3o de cada paudalhense. N\u00f3s queremos que\u00a0 eles sonhem e realizem. Ficamos felizes por fazer parte de tudo isso\u201d, finalizou.<\/p>\n<div id=\"attachment_3668\" style=\"width: 560px\" class=\"wp-caption alignnone\"><img loading=\"lazy\" decoding=\"async\" aria-describedby=\"caption-attachment-3668\" data-attachment-id=\"3668\" data-permalink=\"https:\/\/www.paudalho.pe.gov.br\/portal\/com-estrutura-impressionante-centro-de-parto-normal-do-paudalho-gabrielly-ramos-e-inaugurado\/davi9883\/\" data-orig-file=\"https:\/\/www.paudalho.pe.gov.br\/portal\/wp-content\/uploads\/2018\/08\/DAVI9883.jpg\" data-orig-size=\"4512,2865\" data-comments-opened=\"1\" data-image-meta=\"{&quot;aperture&quot;:&quot;4&quot;,&quot;credit&quot;:&quot;&quot;,&quot;camera&quot;:&quot;Canon EOS 5D Mark III&quot;,&quot;caption&quot;:&quot;&quot;,&quot;created_timestamp&quot;:&quot;1534020861&quot;,&quot;copyright&quot;:&quot;&quot;,&quot;focal_length&quot;:&quot;70&quot;,&quot;iso&quot;:&quot;4000&quot;,&quot;shutter_speed&quot;:&quot;0.01&quot;,&quot;title&quot;:&quot;&quot;,&quot;orientation&quot;:&quot;0&quot;}\" data-image-title=\"DAVI9883\" data-image-description=\"\" data-image-caption=\"&lt;p&gt;William F\u00e9lix\/PMP&lt;\/p&gt;\n\" data-medium-file=\"https:\/\/www.paudalho.pe.gov.br\/portal\/wp-content\/uploads\/2018\/08\/DAVI9883-350x230.jpg\" data-large-file=\"https:\/\/www.paudalho.pe.gov.br\/portal\/wp-content\/uploads\/2018\/08\/DAVI9883-800x450.jpg\" class=\" wp-image-3668\" src=\"https:\/\/www.paudalho.pe.gov.br\/portal\/wp-content\/uploads\/2018\/08\/DAVI9883-350x230.jpg\" alt=\"\" width=\"550\" height=\"361\" \/><p id=\"caption-attachment-3668\" class=\"wp-caption-text\">William F\u00e9lix\/PMP<\/p><\/div>\n<p><strong>A Zona Rural da cidade tem experimentado a transforma\u00e7\u00e3o. Confira na mat\u00e9ria:\u00a0<\/strong><\/p>\n<p><iframe loading=\"lazy\" style=\"border: none; overflow: hidden;\" src=\"https:\/\/www.facebook.com\/plugins\/video.php?href=https%3A%2F%2Fwww.facebook.com%2FPrefeituraPaudalho%2Fvideos%2F299257240857999%2F&amp;show_text=1&amp;width=560\" width=\"560\" height=\"514\" frameborder=\"0\" scrolling=\"no\" allowfullscreen=\"allowfullscreen\"><\/iframe><\/p>\n<h2><strong>Servi\u00e7o:<\/strong><\/h2>\n<p>Inaugura\u00e7\u00e3o escola em Fonte de Aldeia<\/p>\n<p>Data: Segunda-feira &#8211; 01 de setembro<\/p>\n<p>Hor\u00e1rio: 19h<\/p>\n<p>Local: Fonte de Aldeia &#8211; Ch\u00e3 de Conselho<\/p>\n","protected":false},"excerpt":{"rendered":"<p>A Educa\u00e7\u00e3o \u00e9 um direito assegurado pela Constitui\u00e7\u00e3o Federal atrav\u00e9s da Lei 9.394, de 20 de dezembro de 1996. De acordo com Organiza\u00e7\u00f5es das Na\u00e7\u00f5es Unidas no Brasil (ONUBRASIL) o direito \u00e0 educa\u00e7\u00e3o tamb\u00e9m \u00e9 previsto em 82% das constitui\u00e7\u00f5es nacionais no mundo, mas apenas 55% dos pa\u00edses permitem que cidad\u00e3os levem seus governos aos [&hellip;]<\/p>\n","protected":false},"author":4,"featured_media":3999,"comment_status":"open","ping_status":"open","sticky":false,"template":"","format":"standard","meta":{"_jetpack_newsletter_access":"","_jetpack_dont_email_post_to_subs":false,"_jetpack_newsletter_tier_id":0,"_jetpack_memberships_contains_paywalled_content":false,"_jetpack_memberships_contains_paid_content":false,"footnotes":""},"categories":[2,3],"tags":[136,374,380,325,339,14,22,106],"class_list":["post-3985","post","type-post","status-publish","format-standard","has-post-thumbnail","hentry","category-destaque","category-saude","tag-aluno","tag-escola","tag-estudante","tag-fonte-de-aldeia","tag-inauguracao","tag-paudalho","tag-prefeitura-do-paudalho","tag-secretaria-de-educacao"],"jetpack_featured_media_url":"https:\/\/www.paudalho.pe.gov.br\/portal\/wp-content\/uploads\/2018\/09\/d8d0f9d3-9143-4629-adec-7e7acf191720.jpg","jetpack_sharing_enabled":true,"jetpack_shortlink":"https:\/\/wp.me\/p98mS2-12h","_links":{"self":[{"href":"https:\/\/www.paudalho.pe.gov.br\/portal\/wp-json\/wp\/v2\/posts\/3985","targetHints":{"allow":["GET"]}}],"collection":[{"href":"https:\/\/www.paudalho.pe.gov.br\/portal\/wp-json\/wp\/v2\/posts"}],"about":[{"href":"https:\/\/www.paudalho.pe.gov.br\/portal\/wp-json\/wp\/v2\/types\/post"}],"author":[{"embeddable":true,"href":"https:\/\/www.paudalho.pe.gov.br\/portal\/wp-json\/wp\/v2\/users\/4"}],"replies":[{"embeddable":true,"href":"https:\/\/www.paudalho.pe.gov.br\/portal\/wp-json\/wp\/v2\/comments?post=3985"}],"version-history":[{"count":5,"href":"https:\/\/www.paudalho.pe.gov.br\/portal\/wp-json\/wp\/v2\/posts\/3985\/revisions"}],"predecessor-version":[{"id":4116,"href":"https:\/\/www.paudalho.pe.gov.br\/portal\/wp-json\/wp\/v2\/posts\/3985\/revisions\/4116"}],"wp:featuredmedia":[{"embeddable":true,"href":"https:\/\/www.paudalho.pe.gov.br\/portal\/wp-json\/wp\/v2\/media\/3999"}],"wp:attachment":[{"href":"https:\/\/www.paudalho.pe.gov.br\/portal\/wp-json\/wp\/v2\/media?parent=3985"}],"wp:term":[{"taxonomy":"category","embeddable":true,"href":"https:\/\/www.paudalho.pe.gov.br\/portal\/wp-json\/wp\/v2\/categories?post=3985"},{"taxonomy":"post_tag","embeddable":true,"href":"https:\/\/www.paudalho.pe.gov.br\/portal\/wp-json\/wp\/v2\/tags?post=3985"}],"curies":[{"name":"wp","href":"https:\/\/api.w.org\/{rel}","templated":true}]}}