{"id":39673,"date":"2026-04-27T08:23:06","date_gmt":"2026-04-27T11:23:06","guid":{"rendered":"https:\/\/www.paudalho.pe.gov.br\/portal\/?p=39673"},"modified":"2026-04-27T08:23:06","modified_gmt":"2026-04-27T11:23:06","slug":"prefeitura-do-paudalho-divulga-resultado-final-do-edital-de-apoio-as-quadrilhas-juninas-2026","status":"publish","type":"post","link":"https:\/\/www.paudalho.pe.gov.br\/portal\/prefeitura-do-paudalho-divulga-resultado-final-do-edital-de-apoio-as-quadrilhas-juninas-2026\/","title":{"rendered":"Prefeitura do Paudalho divulga resultado final do edital de apoio \u00e0s Quadrilhas Juninas 2026"},"content":{"rendered":"\n<p>A Prefeitura do Paudalho, por meio da Secretaria Municipal de Cultura e Turismo, divulgou o <strong>resultado final do Edital de Chamamento P\u00fablico n\u00ba 002\/2026<\/strong>, voltado ao apoio \u00e0s Quadrilhas Juninas que ir\u00e3o participar das festividades do S\u00e3o Jo\u00e3o 2026 no munic\u00edpio.<\/p>\n\n\n\n<p>A iniciativa refor\u00e7a o compromisso da gest\u00e3o municipal com a valoriza\u00e7\u00e3o da cultura popular nordestina, incentivando os grupos juninos e fortalecendo as tradi\u00e7\u00f5es que fazem parte da identidade cultural de Paudalho.<\/p>\n\n\n\n<h3 class=\"wp-block-heading\">Quadrilhas contempladas<\/h3>\n\n\n\n<p><strong>Faixa 01<\/strong><\/p>\n\n\n\n<ul class=\"wp-block-list\">\n<li>Junina Rosa Linda Linda Rosa<\/li>\n\n\n\n<li>Junina Mastruz Com Leite<\/li>\n\n\n\n<li>Junina Forr\u00f3 Bai\u00e3o Nordestino<\/li>\n\n\n\n<li>Junina Rosa Linda Infantil<\/li>\n<\/ul>\n\n\n\n<p><strong>Faixa 02<\/strong><\/p>\n\n\n\n<ul class=\"wp-block-list\">\n<li>Junina Balanc\u00ea<\/li>\n\n\n\n<li>Junina Rosa dos Ventos<\/li>\n\n\n\n<li>Junina Matutinhos do Sert\u00e3o<\/li>\n\n\n\n<li>Junina Explos\u00e3o Show<\/li>\n<\/ul>\n\n\n\n<p>O apoio garantido por meio do edital contribui para a organiza\u00e7\u00e3o, produ\u00e7\u00e3o e apresenta\u00e7\u00e3o dos grupos, fortalecendo o ciclo junino e incentivando a participa\u00e7\u00e3o da comunidade nas festividades.<\/p>\n\n\n\n<p>A a\u00e7\u00e3o integra a pol\u00edtica cultural do munic\u00edpio, que tem investido continuamente no fortalecimento das manifesta\u00e7\u00f5es tradicionais, promovendo cultura, gera\u00e7\u00e3o de renda e valoriza\u00e7\u00e3o dos artistas locais.<\/p>\n\n\n\n<div data-wp-interactive=\"core\/file\" class=\"wp-block-file\"><object data-wp-bind--hidden=\"!state.hasPdfPreview\" hidden class=\"wp-block-file__embed\" data=\"https:\/\/www.paudalho.pe.gov.br\/portal\/wp-content\/uploads\/2026\/04\/RESULTADO-FINAL-EDITAL-QUADRILHAS-2026.pdf\" type=\"application\/pdf\" style=\"width:100%;height:600px\" aria-label=\"Incorporado de RESULTADO FINAL EDITAL QUADRILHAS 2026.\"><\/object><a id=\"wp-block-file--media-217dc17f-fc56-4d2d-b160-1d5d03e9e7cb\" href=\"https:\/\/www.paudalho.pe.gov.br\/portal\/wp-content\/uploads\/2026\/04\/RESULTADO-FINAL-EDITAL-QUADRILHAS-2026.pdf\">RESULTADO FINAL EDITAL QUADRILHAS 2026<\/a><a href=\"https:\/\/www.paudalho.pe.gov.br\/portal\/wp-content\/uploads\/2026\/04\/RESULTADO-FINAL-EDITAL-QUADRILHAS-2026.pdf\" class=\"wp-block-file__button wp-element-button\" download aria-describedby=\"wp-block-file--media-217dc17f-fc56-4d2d-b160-1d5d03e9e7cb\">Baixar<\/a><\/div>\n","protected":false},"excerpt":{"rendered":"<p>A Prefeitura do Paudalho, por meio da Secretaria Municipal de Cultura e Turismo, divulgou o resultado final do Edital de Chamamento P\u00fablico n\u00ba 002\/2026, voltado ao apoio \u00e0s Quadrilhas Juninas que ir\u00e3o participar das festividades do S\u00e3o Jo\u00e3o 2026 no munic\u00edpio. A iniciativa refor\u00e7a o compromisso da gest\u00e3o municipal com a valoriza\u00e7\u00e3o da cultura popular [&hellip;]<\/p>\n","protected":false},"author":20,"featured_media":36382,"comment_status":"open","ping_status":"open","sticky":false,"template":"","format":"standard","meta":{"_jetpack_newsletter_access":"","_jetpack_dont_email_post_to_subs":false,"_jetpack_newsletter_tier_id":0,"_jetpack_memberships_contains_paywalled_content":false,"_jetpack_memberships_contains_paid_content":false,"footnotes":""},"categories":[1184,2,1,749],"tags":[],"class_list":["post-39673","post","type-post","status-publish","format-standard","has-post-thumbnail","hentry","category-cultura-2","category-destaque","category-noticias","category-sao-joao"],"jetpack_featured_media_url":"https:\/\/www.paudalho.pe.gov.br\/portal\/wp-content\/uploads\/2025\/06\/foto.jpeg.png","jetpack_sharing_enabled":true,"jetpack_shortlink":"https:\/\/wp.me\/p98mS2-ajT","_links":{"self":[{"href":"https:\/\/www.paudalho.pe.gov.br\/portal\/wp-json\/wp\/v2\/posts\/39673","targetHints":{"allow":["GET"]}}],"collection":[{"href":"https:\/\/www.paudalho.pe.gov.br\/portal\/wp-json\/wp\/v2\/posts"}],"about":[{"href":"https:\/\/www.paudalho.pe.gov.br\/portal\/wp-json\/wp\/v2\/types\/post"}],"author":[{"embeddable":true,"href":"https:\/\/www.paudalho.pe.gov.br\/portal\/wp-json\/wp\/v2\/users\/20"}],"replies":[{"embeddable":true,"href":"https:\/\/www.paudalho.pe.gov.br\/portal\/wp-json\/wp\/v2\/comments?post=39673"}],"version-history":[{"count":1,"href":"https:\/\/www.paudalho.pe.gov.br\/portal\/wp-json\/wp\/v2\/posts\/39673\/revisions"}],"predecessor-version":[{"id":39675,"href":"https:\/\/www.paudalho.pe.gov.br\/portal\/wp-json\/wp\/v2\/posts\/39673\/revisions\/39675"}],"wp:featuredmedia":[{"embeddable":true,"href":"https:\/\/www.paudalho.pe.gov.br\/portal\/wp-json\/wp\/v2\/media\/36382"}],"wp:attachment":[{"href":"https:\/\/www.paudalho.pe.gov.br\/portal\/wp-json\/wp\/v2\/media?parent=39673"}],"wp:term":[{"taxonomy":"category","embeddable":true,"href":"https:\/\/www.paudalho.pe.gov.br\/portal\/wp-json\/wp\/v2\/categories?post=39673"},{"taxonomy":"post_tag","embeddable":true,"href":"https:\/\/www.paudalho.pe.gov.br\/portal\/wp-json\/wp\/v2\/tags?post=39673"}],"curies":[{"name":"wp","href":"https:\/\/api.w.org\/{rel}","templated":true}]}}