{"id":39585,"date":"2026-04-16T14:06:41","date_gmt":"2026-04-16T17:06:41","guid":{"rendered":"https:\/\/www.paudalho.pe.gov.br\/portal\/?p=39585"},"modified":"2026-04-24T14:10:33","modified_gmt":"2026-04-24T17:10:33","slug":"formacao-fortalece-praticas-de-alfabetizacao-em-lingua-portuguesa-para-professores-do-1o-e-2o-ano","status":"publish","type":"post","link":"https:\/\/www.paudalho.pe.gov.br\/portal\/formacao-fortalece-praticas-de-alfabetizacao-em-lingua-portuguesa-para-professores-do-1o-e-2o-ano\/","title":{"rendered":"Forma\u00e7\u00e3o fortalece pr\u00e1ticas de alfabetiza\u00e7\u00e3o em L\u00edngua Portuguesa para professores do 1\u00ba e 2\u00ba ano"},"content":{"rendered":"\n<p>Na \u00faltima quinta-feira (16), a Prefeitura do Paudalho, por meio da Secretaria de Educa\u00e7\u00e3o e Juventude, atrav\u00e9s da Ger\u00eancia de Desenvolvimento da Educa\u00e7\u00e3o (GDE), realizou a Forma\u00e7\u00e3o PCA de L\u00edngua Portuguesa, voltada para professores do 1\u00ba e 2\u00ba ano do Ensino Fundamental da Rede Municipal de Ensino.<\/p>\n\n\n\n<p>A forma\u00e7\u00e3o integra as a\u00e7\u00f5es do Compromisso Nacional Crian\u00e7a Alfabetizada (CNCA), programa que tem como objetivo garantir que todas as crian\u00e7as estejam alfabetizadas na idade certa, por meio do fortalecimento das pr\u00e1ticas pedag\u00f3gicas, do acompanhamento da aprendizagem e da forma\u00e7\u00e3o continuada dos educadores.<\/p>\n\n\n\n<p>Durante o encontro, foram discutidas estrat\u00e9gias de ensino, metodologias e pr\u00e1ticas pedag\u00f3gicas voltadas ao desenvolvimento da leitura e da escrita, al\u00e9m da troca de experi\u00eancias entre os professores, promovendo um momento de reflex\u00e3o e aprimoramento do trabalho em sala de aula.<\/p>\n\n\n\n<p>A iniciativa refor\u00e7a o compromisso da gest\u00e3o municipal com a alfabetiza\u00e7\u00e3o na idade certa, o desenvolvimento das habilidades essenciais dos estudantes e a constru\u00e7\u00e3o de uma educa\u00e7\u00e3o cada vez mais forte e de qualidade na Rede Municipal de Ensino de Paudalho.<\/p>\n","protected":false},"excerpt":{"rendered":"<p>Na \u00faltima quinta-feira (16), a Prefeitura do Paudalho, por meio da Secretaria de Educa\u00e7\u00e3o e Juventude, atrav\u00e9s da Ger\u00eancia de Desenvolvimento da Educa\u00e7\u00e3o (GDE), realizou a Forma\u00e7\u00e3o PCA de L\u00edngua Portuguesa, voltada para professores do 1\u00ba e 2\u00ba ano do Ensino Fundamental da Rede Municipal de Ensino. A forma\u00e7\u00e3o integra as a\u00e7\u00f5es do Compromisso Nacional [&hellip;]<\/p>\n","protected":false},"author":20,"featured_media":39587,"comment_status":"open","ping_status":"open","sticky":false,"template":"","format":"standard","meta":{"_jetpack_newsletter_access":"","_jetpack_dont_email_post_to_subs":false,"_jetpack_newsletter_tier_id":0,"_jetpack_memberships_contains_paywalled_content":false,"_jetpack_memberships_contains_paid_content":false,"footnotes":""},"categories":[2,520,1],"tags":[],"class_list":["post-39585","post","type-post","status-publish","format-standard","has-post-thumbnail","hentry","category-destaque","category-educacao-2","category-noticias"],"jetpack_featured_media_url":"https:\/\/www.paudalho.pe.gov.br\/portal\/wp-content\/uploads\/2026\/04\/IMG-20260416-WA0018.jpg","jetpack_sharing_enabled":true,"jetpack_shortlink":"https:\/\/wp.me\/p98mS2-ait","_links":{"self":[{"href":"https:\/\/www.paudalho.pe.gov.br\/portal\/wp-json\/wp\/v2\/posts\/39585","targetHints":{"allow":["GET"]}}],"collection":[{"href":"https:\/\/www.paudalho.pe.gov.br\/portal\/wp-json\/wp\/v2\/posts"}],"about":[{"href":"https:\/\/www.paudalho.pe.gov.br\/portal\/wp-json\/wp\/v2\/types\/post"}],"author":[{"embeddable":true,"href":"https:\/\/www.paudalho.pe.gov.br\/portal\/wp-json\/wp\/v2\/users\/20"}],"replies":[{"embeddable":true,"href":"https:\/\/www.paudalho.pe.gov.br\/portal\/wp-json\/wp\/v2\/comments?post=39585"}],"version-history":[{"count":1,"href":"https:\/\/www.paudalho.pe.gov.br\/portal\/wp-json\/wp\/v2\/posts\/39585\/revisions"}],"predecessor-version":[{"id":39589,"href":"https:\/\/www.paudalho.pe.gov.br\/portal\/wp-json\/wp\/v2\/posts\/39585\/revisions\/39589"}],"wp:featuredmedia":[{"embeddable":true,"href":"https:\/\/www.paudalho.pe.gov.br\/portal\/wp-json\/wp\/v2\/media\/39587"}],"wp:attachment":[{"href":"https:\/\/www.paudalho.pe.gov.br\/portal\/wp-json\/wp\/v2\/media?parent=39585"}],"wp:term":[{"taxonomy":"category","embeddable":true,"href":"https:\/\/www.paudalho.pe.gov.br\/portal\/wp-json\/wp\/v2\/categories?post=39585"},{"taxonomy":"post_tag","embeddable":true,"href":"https:\/\/www.paudalho.pe.gov.br\/portal\/wp-json\/wp\/v2\/tags?post=39585"}],"curies":[{"name":"wp","href":"https:\/\/api.w.org\/{rel}","templated":true}]}}