{"id":3942,"date":"2018-09-21T12:34:21","date_gmt":"2018-09-21T15:34:21","guid":{"rendered":"https:\/\/www.paudalho.pe.gov.br\/portal\/?p=3942"},"modified":"2018-09-25T13:32:25","modified_gmt":"2018-09-25T16:32:25","slug":"educacao-em-paudalho-avanca-e-escolas-municipais-se-destacam-no-idepe","status":"publish","type":"post","link":"https:\/\/www.paudalho.pe.gov.br\/portal\/educacao-em-paudalho-avanca-e-escolas-municipais-se-destacam-no-idepe\/","title":{"rendered":"Educa\u00e7\u00e3o em Paudalho avan\u00e7a e escolas municipais se destacam no IDEPE"},"content":{"rendered":"<p>A educa\u00e7\u00e3o em Paudalho avan\u00e7a e tem provocado mudan\u00e7as em milhares de pessoas na cidade. Como exemplo disso, tr\u00eas escolas municipais se destacaram no quesito evolu\u00e7\u00e3o do \u00cdndice de Desenvolvimento da Educa\u00e7\u00e3o B\u00e1sica de Pernambuco (IDEPE) 2017 na Mata Norte Pernambucana.<\/p>\n<p>A escola Maria de F\u00e1tima, em Ch\u00e3 de Cruz, ficou em primeiro lugar no Ensino Fundamental I e II. A institui\u00e7\u00e3o Severino Maur\u00edcio Carneiro da Silva, em Pirassirica, tamb\u00e9m levou o primeiro lugar no Ensino Fundamental I. J\u00e1 a unidade Paulo VI, em Ch\u00e3 de Pinheiro, apontou no ranking das 10 melhores escolas dos iniciais em toda a Mata Norte.<\/p>\n<p>Paula Soares, de 40 anos, \u00e9 m\u00e3e de duas crian\u00e7as que estudam na Escola Maria de F\u00e1tima. Ela comenta que o reconhecimento reflete diretamente na vida profissional dos seus filhos. &#8220;Eu como m\u00e3e fico muito feliz e satisfeita em saber que meus filhos est\u00e3o estudando em uma escola com boa qualifica\u00e7\u00e3o. Tanto meu filho, quanto minhas filhas pensam em fazer medicina e eu tenho certeza que essa conquista no IDEPE refletir\u00e1 nos sonhos deles&#8221;, disse.<\/p>\n<div id=\"attachment_3944\" style=\"width: 554px\" class=\"wp-caption alignnone\"><img loading=\"lazy\" decoding=\"async\" aria-describedby=\"caption-attachment-3944\" data-attachment-id=\"3944\" data-permalink=\"https:\/\/www.paudalho.pe.gov.br\/portal\/educacao-em-paudalho-avanca-e-escolas-municipais-se-destacam-no-idepe\/bba8383f-e70c-4ded-ab60-9ce549aeefd3\/\" data-orig-file=\"https:\/\/www.paudalho.pe.gov.br\/portal\/wp-content\/uploads\/2018\/09\/bba8383f-e70c-4ded-ab60-9ce549aeefd3.jpg\" data-orig-size=\"1280,853\" data-comments-opened=\"1\" data-image-meta=\"{&quot;aperture&quot;:&quot;0&quot;,&quot;credit&quot;:&quot;&quot;,&quot;camera&quot;:&quot;&quot;,&quot;caption&quot;:&quot;&quot;,&quot;created_timestamp&quot;:&quot;0&quot;,&quot;copyright&quot;:&quot;&quot;,&quot;focal_length&quot;:&quot;0&quot;,&quot;iso&quot;:&quot;0&quot;,&quot;shutter_speed&quot;:&quot;0&quot;,&quot;title&quot;:&quot;&quot;,&quot;orientation&quot;:&quot;0&quot;}\" data-image-title=\"bba8383f-e70c-4ded-ab60-9ce549aeefd3\" data-image-description=\"\" data-image-caption=\"&lt;p&gt;Crist\u00f3v\u00e3o Neto\/PMP&lt;\/p&gt;\n\" data-medium-file=\"https:\/\/www.paudalho.pe.gov.br\/portal\/wp-content\/uploads\/2018\/09\/bba8383f-e70c-4ded-ab60-9ce549aeefd3-350x230.jpg\" data-large-file=\"https:\/\/www.paudalho.pe.gov.br\/portal\/wp-content\/uploads\/2018\/09\/bba8383f-e70c-4ded-ab60-9ce549aeefd3-800x450.jpg\" class=\" wp-image-3944\" src=\"https:\/\/www.paudalho.pe.gov.br\/portal\/wp-content\/uploads\/2018\/09\/bba8383f-e70c-4ded-ab60-9ce549aeefd3-350x230.jpg\" alt=\"\" width=\"544\" height=\"357\" \/><p id=\"caption-attachment-3944\" class=\"wp-caption-text\">Crist\u00f3v\u00e3o Neto\/PMP<\/p><\/div>\n<p>A Prefeitura do Paudalho atrav\u00e9s da Secretaria de Educa\u00e7\u00e3o realiza al\u00e9m dos grandes investimentos na estrutura f\u00edsica, como constru\u00e7\u00f5es de unidades e entregas de kits escolares, a\u00e7\u00f5es humanizadas. Para a gestora adjunta do col\u00e9gio Maria de F\u00e1tima, Valdirez de Queiroz, o resultado \u00e9 fruto de um trabalho feito com dedica\u00e7\u00e3o e amor. &#8220;\u00c9 um trabalho espont\u00e2neo, feito com amor. O professor \u00e9 voltado para isso. Um trabalho com dedica\u00e7\u00e3o para formar cidad\u00e3os e n\u00f3s estamos felizes com o resultado&#8221;, comentou.<\/p>\n<div id=\"attachment_3945\" style=\"width: 560px\" class=\"wp-caption alignnone\"><img loading=\"lazy\" decoding=\"async\" aria-describedby=\"caption-attachment-3945\" data-attachment-id=\"3945\" data-permalink=\"https:\/\/www.paudalho.pe.gov.br\/portal\/educacao-em-paudalho-avanca-e-escolas-municipais-se-destacam-no-idepe\/b38fabe1-7eae-4922-b0e7-7e42aa312248\/\" data-orig-file=\"https:\/\/www.paudalho.pe.gov.br\/portal\/wp-content\/uploads\/2018\/09\/b38fabe1-7eae-4922-b0e7-7e42aa312248.jpg\" data-orig-size=\"1280,853\" data-comments-opened=\"1\" data-image-meta=\"{&quot;aperture&quot;:&quot;0&quot;,&quot;credit&quot;:&quot;&quot;,&quot;camera&quot;:&quot;&quot;,&quot;caption&quot;:&quot;&quot;,&quot;created_timestamp&quot;:&quot;0&quot;,&quot;copyright&quot;:&quot;&quot;,&quot;focal_length&quot;:&quot;0&quot;,&quot;iso&quot;:&quot;0&quot;,&quot;shutter_speed&quot;:&quot;0&quot;,&quot;title&quot;:&quot;&quot;,&quot;orientation&quot;:&quot;0&quot;}\" data-image-title=\"b38fabe1-7eae-4922-b0e7-7e42aa312248\" data-image-description=\"\" data-image-caption=\"&lt;p&gt;Crist\u00f3v\u00e3o Neto\/PMP&lt;\/p&gt;\n\" data-medium-file=\"https:\/\/www.paudalho.pe.gov.br\/portal\/wp-content\/uploads\/2018\/09\/b38fabe1-7eae-4922-b0e7-7e42aa312248-350x230.jpg\" data-large-file=\"https:\/\/www.paudalho.pe.gov.br\/portal\/wp-content\/uploads\/2018\/09\/b38fabe1-7eae-4922-b0e7-7e42aa312248-800x450.jpg\" class=\" wp-image-3945\" src=\"https:\/\/www.paudalho.pe.gov.br\/portal\/wp-content\/uploads\/2018\/09\/b38fabe1-7eae-4922-b0e7-7e42aa312248-350x230.jpg\" alt=\"\" width=\"550\" height=\"361\" \/><p id=\"caption-attachment-3945\" class=\"wp-caption-text\">Crist\u00f3v\u00e3o Neto\/PMP<\/p><\/div>\n<p>Satisfeita, a dona de casa Rocicleide Raimunda de 40 anos comemorou a conquista. Ela tem tr\u00eas netas estudando na escola Paulo XI. &#8220;A educa\u00e7\u00e3o em Paudalho mudou muito. Eu como av\u00f3 fico tranquila em deixar minhas netas aqui, sabendo que o trabalho \u00e9 feito com responsabilidade&#8221;, enfatizou.<\/p>\n<div id=\"attachment_3946\" style=\"width: 560px\" class=\"wp-caption alignnone\"><img loading=\"lazy\" decoding=\"async\" aria-describedby=\"caption-attachment-3946\" data-attachment-id=\"3946\" data-permalink=\"https:\/\/www.paudalho.pe.gov.br\/portal\/educacao-em-paudalho-avanca-e-escolas-municipais-se-destacam-no-idepe\/169f4e08-7d42-4347-9281-2109d102c6f6\/\" data-orig-file=\"https:\/\/www.paudalho.pe.gov.br\/portal\/wp-content\/uploads\/2018\/09\/169f4e08-7d42-4347-9281-2109d102c6f6.jpg\" data-orig-size=\"1280,853\" data-comments-opened=\"1\" data-image-meta=\"{&quot;aperture&quot;:&quot;0&quot;,&quot;credit&quot;:&quot;&quot;,&quot;camera&quot;:&quot;&quot;,&quot;caption&quot;:&quot;&quot;,&quot;created_timestamp&quot;:&quot;0&quot;,&quot;copyright&quot;:&quot;&quot;,&quot;focal_length&quot;:&quot;0&quot;,&quot;iso&quot;:&quot;0&quot;,&quot;shutter_speed&quot;:&quot;0&quot;,&quot;title&quot;:&quot;&quot;,&quot;orientation&quot;:&quot;0&quot;}\" data-image-title=\"169f4e08-7d42-4347-9281-2109d102c6f6\" data-image-description=\"\" data-image-caption=\"&lt;p&gt;Crist\u00f3v\u00e3o Neto\/PMP&lt;\/p&gt;\n\" data-medium-file=\"https:\/\/www.paudalho.pe.gov.br\/portal\/wp-content\/uploads\/2018\/09\/169f4e08-7d42-4347-9281-2109d102c6f6-350x230.jpg\" data-large-file=\"https:\/\/www.paudalho.pe.gov.br\/portal\/wp-content\/uploads\/2018\/09\/169f4e08-7d42-4347-9281-2109d102c6f6-800x450.jpg\" class=\" wp-image-3946\" src=\"https:\/\/www.paudalho.pe.gov.br\/portal\/wp-content\/uploads\/2018\/09\/169f4e08-7d42-4347-9281-2109d102c6f6-350x230.jpg\" alt=\"\" width=\"550\" height=\"361\" \/><p id=\"caption-attachment-3946\" class=\"wp-caption-text\">Crist\u00f3v\u00e3o Neto\/PMP<\/p><\/div>\n<p>\u201cEnsinar n\u00e3o \u00e9 transferir conhecimento, mas criar as possibilidades para a sua pr\u00f3pria produ\u00e7\u00e3o ou a sua constru\u00e7\u00e3o\u201d dizia o educador, pedagogo e fil\u00f3sofo Paulo Freire. E esse o objetivo da gest\u00e3o: atrav\u00e9s de uma educa\u00e7\u00e3o de qualidade, ofertar suporte para os sonhos profissionais dos alunos paudalhenses.<\/p>\n<p>o estudante do Col\u00e9gio Maria de F\u00e1tima, Gustavo Nascimento, \u00e9 um desses que sonha com uma profiss\u00e3o, a de jornalista. &#8220;Eu estudo aqui desde 2014 e percebo que mudou muita coisa. A gente tinha aulas e agora temos refor\u00e7o, atividades com m\u00fasica. Eu sonho em ser jornalista e acho que estou no caminho certo\u201d, detalhou.<\/p>\n<div id=\"attachment_3947\" style=\"width: 560px\" class=\"wp-caption alignnone\"><img loading=\"lazy\" decoding=\"async\" aria-describedby=\"caption-attachment-3947\" data-attachment-id=\"3947\" data-permalink=\"https:\/\/www.paudalho.pe.gov.br\/portal\/educacao-em-paudalho-avanca-e-escolas-municipais-se-destacam-no-idepe\/95e9a2e9-271e-498b-8112-527b5ddfcaf0\/\" data-orig-file=\"https:\/\/www.paudalho.pe.gov.br\/portal\/wp-content\/uploads\/2018\/09\/95e9a2e9-271e-498b-8112-527b5ddfcaf0.jpg\" data-orig-size=\"1280,853\" data-comments-opened=\"1\" data-image-meta=\"{&quot;aperture&quot;:&quot;0&quot;,&quot;credit&quot;:&quot;&quot;,&quot;camera&quot;:&quot;&quot;,&quot;caption&quot;:&quot;&quot;,&quot;created_timestamp&quot;:&quot;0&quot;,&quot;copyright&quot;:&quot;&quot;,&quot;focal_length&quot;:&quot;0&quot;,&quot;iso&quot;:&quot;0&quot;,&quot;shutter_speed&quot;:&quot;0&quot;,&quot;title&quot;:&quot;&quot;,&quot;orientation&quot;:&quot;0&quot;}\" data-image-title=\"95e9a2e9-271e-498b-8112-527b5ddfcaf0\" data-image-description=\"\" data-image-caption=\"&lt;p&gt;Crist\u00f3v\u00e3o Neto\/PMP&lt;\/p&gt;\n\" data-medium-file=\"https:\/\/www.paudalho.pe.gov.br\/portal\/wp-content\/uploads\/2018\/09\/95e9a2e9-271e-498b-8112-527b5ddfcaf0-350x230.jpg\" data-large-file=\"https:\/\/www.paudalho.pe.gov.br\/portal\/wp-content\/uploads\/2018\/09\/95e9a2e9-271e-498b-8112-527b5ddfcaf0-800x450.jpg\" class=\" wp-image-3947\" src=\"https:\/\/www.paudalho.pe.gov.br\/portal\/wp-content\/uploads\/2018\/09\/95e9a2e9-271e-498b-8112-527b5ddfcaf0-350x230.jpg\" alt=\"\" width=\"550\" height=\"361\" \/><p id=\"caption-attachment-3947\" class=\"wp-caption-text\">Crist\u00f3v\u00e3o Neto\/PMP<\/p><\/div>\n<h2><strong>Forma\u00e7\u00e3o de professores<\/strong><\/h2>\n<p>E no objetivo de continuar avan\u00e7ando nos resultados, a Secretaria realiza at\u00e9 est\u00e1 sexta-feira (21) a forma\u00e7\u00e3o de professores da Rede Municipal. Palestras nas diversas \u00e1reas do conhecimento s\u00e3o ministradas para enriquecer o conhecimento dos profissionais. &#8220;A forma\u00e7\u00e3o tem esse objetivo de aperfei\u00e7oar e melhorar o conhecimento dos professores. A gente quer que os alunos recebam esse conhecimento e isso influencie diretamente em seu aprendizado&#8221;, destacou o coordenador do Fundamental II no Munic\u00edpio, Paulino Andrade.<\/p>\n<div id=\"attachment_3948\" style=\"width: 560px\" class=\"wp-caption alignnone\"><img loading=\"lazy\" decoding=\"async\" aria-describedby=\"caption-attachment-3948\" data-attachment-id=\"3948\" data-permalink=\"https:\/\/www.paudalho.pe.gov.br\/portal\/educacao-em-paudalho-avanca-e-escolas-municipais-se-destacam-no-idepe\/f9d95b12-fb83-46b1-af48-af02e690269b\/\" data-orig-file=\"https:\/\/www.paudalho.pe.gov.br\/portal\/wp-content\/uploads\/2018\/09\/f9d95b12-fb83-46b1-af48-af02e690269b.jpg\" data-orig-size=\"1280,853\" data-comments-opened=\"1\" data-image-meta=\"{&quot;aperture&quot;:&quot;0&quot;,&quot;credit&quot;:&quot;&quot;,&quot;camera&quot;:&quot;&quot;,&quot;caption&quot;:&quot;&quot;,&quot;created_timestamp&quot;:&quot;0&quot;,&quot;copyright&quot;:&quot;&quot;,&quot;focal_length&quot;:&quot;0&quot;,&quot;iso&quot;:&quot;0&quot;,&quot;shutter_speed&quot;:&quot;0&quot;,&quot;title&quot;:&quot;&quot;,&quot;orientation&quot;:&quot;0&quot;}\" data-image-title=\"f9d95b12-fb83-46b1-af48-af02e690269b\" data-image-description=\"\" data-image-caption=\"&lt;p&gt;T\u00e9cnico educacional de matem\u00e1tica, Luciana Vilarim, t\u00e9cnico educacional de matem\u00e1tica Dionizio  J\u00fanior e coordenador Municipal do fundamental dois, Paulino Andrade.  &lt;\/p&gt;\n\" data-medium-file=\"https:\/\/www.paudalho.pe.gov.br\/portal\/wp-content\/uploads\/2018\/09\/f9d95b12-fb83-46b1-af48-af02e690269b-350x230.jpg\" data-large-file=\"https:\/\/www.paudalho.pe.gov.br\/portal\/wp-content\/uploads\/2018\/09\/f9d95b12-fb83-46b1-af48-af02e690269b-800x450.jpg\" class=\" wp-image-3948\" src=\"https:\/\/www.paudalho.pe.gov.br\/portal\/wp-content\/uploads\/2018\/09\/f9d95b12-fb83-46b1-af48-af02e690269b-350x230.jpg\" alt=\"\" width=\"550\" height=\"361\" \/><p id=\"caption-attachment-3948\" class=\"wp-caption-text\">T\u00e9cnico educacional de matem\u00e1tica, Luciana Vilarim, t\u00e9cnico educacional de matem\u00e1tica Dionizio J\u00fanior e coordenador Municipal do fundamental dois, Paulino Andrade.<\/p><\/div>\n<h2><strong>Sobral: exemplo de mudan\u00e7a<\/strong><\/h2>\n<p>Outra a\u00e7\u00e3o realizada pela Pasta para melhorar o trabalho no Munic\u00edpio foi a visita \u00e0 Sobral, no Cear\u00e1. A cidade foi destaque em todo o pa\u00eds como o melhor \u00cdndice de Desenvolvimento da Educa\u00e7\u00e3o B\u00e1sica em todo o Brasil. Professores, gestores e coordenadores do Paudalho estiveram no Munic\u00edpio cearense em uma troca de experi\u00eancia que resultar\u00e1 em um relat\u00f3rio de a\u00e7\u00f5es que ser\u00e3o implantadas na cidade. &#8220;Sobral \u00e9 um Munic\u00edpio que se destacou no Brasil e n\u00f3s podemos nos espelhar nesse trabalho. N\u00e3o \u00e9 nada m\u00e1gica, mas sim um trabalho intensificado que n\u00f3s tamb\u00e9m realizamos aqui nos Munic\u00edpio. Atrav\u00e9s de um relat\u00f3rio que est\u00e1 sendo preparado sobre Sobral, n\u00f3s vamos come\u00e7ar a fazer algumas mudan\u00e7as tamb\u00e9m em nossa Educa\u00e7\u00e3o&#8221;, explicou a representante da Secretaria de Educa\u00e7\u00e3o, Claudecy Feirreira.<\/p>\n<div id=\"attachment_3950\" style=\"width: 557px\" class=\"wp-caption alignnone\"><img loading=\"lazy\" decoding=\"async\" aria-describedby=\"caption-attachment-3950\" data-attachment-id=\"3950\" data-permalink=\"https:\/\/www.paudalho.pe.gov.br\/portal\/educacao-em-paudalho-avanca-e-escolas-municipais-se-destacam-no-idepe\/85c33a5b-6f0f-4bc9-a1f0-3a47a00046ce\/\" data-orig-file=\"https:\/\/www.paudalho.pe.gov.br\/portal\/wp-content\/uploads\/2018\/09\/85c33a5b-6f0f-4bc9-a1f0-3a47a00046ce.jpg\" data-orig-size=\"1280,853\" data-comments-opened=\"1\" data-image-meta=\"{&quot;aperture&quot;:&quot;0&quot;,&quot;credit&quot;:&quot;&quot;,&quot;camera&quot;:&quot;&quot;,&quot;caption&quot;:&quot;&quot;,&quot;created_timestamp&quot;:&quot;0&quot;,&quot;copyright&quot;:&quot;&quot;,&quot;focal_length&quot;:&quot;0&quot;,&quot;iso&quot;:&quot;0&quot;,&quot;shutter_speed&quot;:&quot;0&quot;,&quot;title&quot;:&quot;&quot;,&quot;orientation&quot;:&quot;0&quot;}\" data-image-title=\"85c33a5b-6f0f-4bc9-a1f0-3a47a00046ce\" data-image-description=\"\" data-image-caption=\"&lt;p&gt;Crist\u00f3v\u00e3o Neto\/PMP&lt;\/p&gt;\n\" data-medium-file=\"https:\/\/www.paudalho.pe.gov.br\/portal\/wp-content\/uploads\/2018\/09\/85c33a5b-6f0f-4bc9-a1f0-3a47a00046ce-350x230.jpg\" data-large-file=\"https:\/\/www.paudalho.pe.gov.br\/portal\/wp-content\/uploads\/2018\/09\/85c33a5b-6f0f-4bc9-a1f0-3a47a00046ce-800x450.jpg\" class=\" wp-image-3950\" src=\"https:\/\/www.paudalho.pe.gov.br\/portal\/wp-content\/uploads\/2018\/09\/85c33a5b-6f0f-4bc9-a1f0-3a47a00046ce-350x230.jpg\" alt=\"\" width=\"547\" height=\"359\" \/><p id=\"caption-attachment-3950\" class=\"wp-caption-text\">Crist\u00f3v\u00e3o Neto\/PMP<\/p><\/div>\n<div id=\"attachment_3949\" style=\"width: 557px\" class=\"wp-caption alignnone\"><img loading=\"lazy\" decoding=\"async\" aria-describedby=\"caption-attachment-3949\" data-attachment-id=\"3949\" data-permalink=\"https:\/\/www.paudalho.pe.gov.br\/portal\/educacao-em-paudalho-avanca-e-escolas-municipais-se-destacam-no-idepe\/b377af4e-9b28-4de7-adab-ec6a2a08f549\/\" data-orig-file=\"https:\/\/www.paudalho.pe.gov.br\/portal\/wp-content\/uploads\/2018\/09\/b377af4e-9b28-4de7-adab-ec6a2a08f549.jpg\" data-orig-size=\"1280,960\" data-comments-opened=\"1\" data-image-meta=\"{&quot;aperture&quot;:&quot;0&quot;,&quot;credit&quot;:&quot;&quot;,&quot;camera&quot;:&quot;&quot;,&quot;caption&quot;:&quot;&quot;,&quot;created_timestamp&quot;:&quot;0&quot;,&quot;copyright&quot;:&quot;&quot;,&quot;focal_length&quot;:&quot;0&quot;,&quot;iso&quot;:&quot;0&quot;,&quot;shutter_speed&quot;:&quot;0&quot;,&quot;title&quot;:&quot;&quot;,&quot;orientation&quot;:&quot;0&quot;}\" data-image-title=\"b377af4e-9b28-4de7-adab-ec6a2a08f549\" data-image-description=\"\" data-image-caption=\"&lt;p&gt;Equipe em visita ao munic\u00edpio de Sobral no Cear\u00e1. &lt;\/p&gt;\n\" data-medium-file=\"https:\/\/www.paudalho.pe.gov.br\/portal\/wp-content\/uploads\/2018\/09\/b377af4e-9b28-4de7-adab-ec6a2a08f549-350x230.jpg\" data-large-file=\"https:\/\/www.paudalho.pe.gov.br\/portal\/wp-content\/uploads\/2018\/09\/b377af4e-9b28-4de7-adab-ec6a2a08f549-800x450.jpg\" class=\" wp-image-3949\" src=\"https:\/\/www.paudalho.pe.gov.br\/portal\/wp-content\/uploads\/2018\/09\/b377af4e-9b28-4de7-adab-ec6a2a08f549-350x230.jpg\" alt=\"\" width=\"547\" height=\"359\" \/><p id=\"caption-attachment-3949\" class=\"wp-caption-text\">Equipe em visita ao munic\u00edpio de Sobral no Cear\u00e1.<\/p><\/div>\n<p>S\u00e3o n\u00edtidas todas as conquistas que o Munic\u00edpio j\u00e1 vive como as reconstru\u00e7\u00f5es do Col\u00e9gio Municipal de Guadalajara, a Creche Leonel Francisco Soares e agora as obras da primeira escola da comunidade de Fonte de Aldeia, na Zona Rural. O prefeito Marcelo Gouveia destacou que o principal objetivo \u00e9 promover a\u00e7\u00f5es que dignifiquem os paudalhenses. &#8220;N\u00f3s queremos apenas que todos os paudalhenses tenham uma vida digna e a educa\u00e7\u00e3o \u00e9 essa &#8220;arma&#8221; que nos prepara para uma nova vida. Por isso, pode ficar certo que estamos apenas come\u00e7ando e tem muito mais conquistas para serem alcan\u00e7adas. Estou feliz em ver nossas crian\u00e7as j\u00e1 trilhando um futuro melhor&#8221;, comentou.<\/p>\n","protected":false},"excerpt":{"rendered":"<p>A educa\u00e7\u00e3o em Paudalho avan\u00e7a e tem provocado mudan\u00e7as em milhares de pessoas na cidade. Como exemplo disso, tr\u00eas escolas municipais se destacaram no quesito evolu\u00e7\u00e3o do \u00cdndice de Desenvolvimento da Educa\u00e7\u00e3o B\u00e1sica de Pernambuco (IDEPE) 2017 na Mata Norte Pernambucana. A escola Maria de F\u00e1tima, em Ch\u00e3 de Cruz, ficou em primeiro lugar no [&hellip;]<\/p>\n","protected":false},"author":4,"featured_media":3943,"comment_status":"open","ping_status":"open","sticky":false,"template":"","format":"standard","meta":{"_jetpack_newsletter_access":"","_jetpack_dont_email_post_to_subs":false,"_jetpack_newsletter_tier_id":0,"_jetpack_memberships_contains_paywalled_content":false,"_jetpack_memberships_contains_paid_content":false,"footnotes":""},"categories":[2,1],"tags":[30,379,378,158],"class_list":["post-3942","post","type-post","status-publish","format-standard","has-post-thumbnail","hentry","category-destaque","category-noticias","tag-educacao","tag-ensino","tag-idepe","tag-prefeitura-do-paudalaho"],"jetpack_featured_media_url":"https:\/\/www.paudalho.pe.gov.br\/portal\/wp-content\/uploads\/2018\/09\/cbf26ef2-8802-44df-8768-dadc429fb41c.jpg","jetpack_sharing_enabled":true,"jetpack_shortlink":"https:\/\/wp.me\/p98mS2-11A","_links":{"self":[{"href":"https:\/\/www.paudalho.pe.gov.br\/portal\/wp-json\/wp\/v2\/posts\/3942","targetHints":{"allow":["GET"]}}],"collection":[{"href":"https:\/\/www.paudalho.pe.gov.br\/portal\/wp-json\/wp\/v2\/posts"}],"about":[{"href":"https:\/\/www.paudalho.pe.gov.br\/portal\/wp-json\/wp\/v2\/types\/post"}],"author":[{"embeddable":true,"href":"https:\/\/www.paudalho.pe.gov.br\/portal\/wp-json\/wp\/v2\/users\/4"}],"replies":[{"embeddable":true,"href":"https:\/\/www.paudalho.pe.gov.br\/portal\/wp-json\/wp\/v2\/comments?post=3942"}],"version-history":[{"count":5,"href":"https:\/\/www.paudalho.pe.gov.br\/portal\/wp-json\/wp\/v2\/posts\/3942\/revisions"}],"predecessor-version":[{"id":4094,"href":"https:\/\/www.paudalho.pe.gov.br\/portal\/wp-json\/wp\/v2\/posts\/3942\/revisions\/4094"}],"wp:featuredmedia":[{"embeddable":true,"href":"https:\/\/www.paudalho.pe.gov.br\/portal\/wp-json\/wp\/v2\/media\/3943"}],"wp:attachment":[{"href":"https:\/\/www.paudalho.pe.gov.br\/portal\/wp-json\/wp\/v2\/media?parent=3942"}],"wp:term":[{"taxonomy":"category","embeddable":true,"href":"https:\/\/www.paudalho.pe.gov.br\/portal\/wp-json\/wp\/v2\/categories?post=3942"},{"taxonomy":"post_tag","embeddable":true,"href":"https:\/\/www.paudalho.pe.gov.br\/portal\/wp-json\/wp\/v2\/tags?post=3942"}],"curies":[{"name":"wp","href":"https:\/\/api.w.org\/{rel}","templated":true}]}}