{"id":39320,"date":"2026-03-11T10:30:57","date_gmt":"2026-03-11T13:30:57","guid":{"rendered":"https:\/\/www.paudalho.pe.gov.br\/portal\/?p=39320"},"modified":"2026-03-16T10:32:13","modified_gmt":"2026-03-16T13:32:13","slug":"secretaria-de-educacao-e-juventude-realiza-reuniao-de-coordenacao-escolar-para-os-anos-finais-do-ensino-fundamental","status":"publish","type":"post","link":"https:\/\/www.paudalho.pe.gov.br\/portal\/secretaria-de-educacao-e-juventude-realiza-reuniao-de-coordenacao-escolar-para-os-anos-finais-do-ensino-fundamental\/","title":{"rendered":"Secretaria de Educa\u00e7\u00e3o e Juventude realiza reuni\u00e3o de Coordena\u00e7\u00e3o Escolar para os Anos Finais do Ensino Fundamental"},"content":{"rendered":"\n<p>A Prefeitura do Paudalho, por meio da Secretaria de Educa\u00e7\u00e3o e Juventude, realizou na \u00faltima quarta-feira (04) a Reuni\u00e3o de Coordena\u00e7\u00e3o Escolar, Planejamento e A\u00e7\u00e3o \u2013 Ensino Fundamental Anos Finais, reunindo coordenadores pedag\u00f3gicos da Rede Municipal de Ensino.<\/p>\n\n\n\n<p>O encontro aconteceu na Escola Municipal Professora Marta Lira e teve como objetivo fortalecer o planejamento pedag\u00f3gico, alinhar estrat\u00e9gias e discutir a\u00e7\u00f5es voltadas ao acompanhamento da aprendizagem dos estudantes dos Anos Finais do Ensino Fundamental.<\/p>\n\n\n\n<p>Durante a reuni\u00e3o, foram abordados temas importantes para o trabalho desenvolvido nas escolas, al\u00e9m da troca de experi\u00eancias entre os profissionais e do alinhamento de pr\u00e1ticas pedag\u00f3gicas que contribuem para o avan\u00e7o da educa\u00e7\u00e3o municipal.<\/p>\n\n\n\n<p>Momentos como esse refor\u00e7am o compromisso da gest\u00e3o municipal com o planejamento, a organiza\u00e7\u00e3o e o acompanhamento das a\u00e7\u00f5es educacionais, fortalecendo o trabalho coletivo e contribuindo para a melhoria cont\u00ednua da qualidade da educa\u00e7\u00e3o na Rede Municipal de Ensino de Paudalho.<\/p>\n","protected":false},"excerpt":{"rendered":"<p>A Prefeitura do Paudalho, por meio da Secretaria de Educa\u00e7\u00e3o e Juventude, realizou na \u00faltima quarta-feira (04) a Reuni\u00e3o de Coordena\u00e7\u00e3o Escolar, Planejamento e A\u00e7\u00e3o \u2013 Ensino Fundamental Anos Finais, reunindo coordenadores pedag\u00f3gicos da Rede Municipal de Ensino. O encontro aconteceu na Escola Municipal Professora Marta Lira e teve como objetivo fortalecer o planejamento pedag\u00f3gico, [&hellip;]<\/p>\n","protected":false},"author":20,"featured_media":39308,"comment_status":"open","ping_status":"open","sticky":false,"template":"","format":"standard","meta":{"_jetpack_newsletter_access":"","_jetpack_dont_email_post_to_subs":false,"_jetpack_newsletter_tier_id":0,"_jetpack_memberships_contains_paywalled_content":false,"_jetpack_memberships_contains_paid_content":false,"footnotes":""},"categories":[2,520,1],"tags":[],"class_list":["post-39320","post","type-post","status-publish","format-standard","has-post-thumbnail","hentry","category-destaque","category-educacao-2","category-noticias"],"jetpack_featured_media_url":"https:\/\/www.paudalho.pe.gov.br\/portal\/wp-content\/uploads\/2026\/03\/IMG-20260311-WA0012.jpg","jetpack_sharing_enabled":true,"jetpack_shortlink":"https:\/\/wp.me\/p98mS2-aec","_links":{"self":[{"href":"https:\/\/www.paudalho.pe.gov.br\/portal\/wp-json\/wp\/v2\/posts\/39320","targetHints":{"allow":["GET"]}}],"collection":[{"href":"https:\/\/www.paudalho.pe.gov.br\/portal\/wp-json\/wp\/v2\/posts"}],"about":[{"href":"https:\/\/www.paudalho.pe.gov.br\/portal\/wp-json\/wp\/v2\/types\/post"}],"author":[{"embeddable":true,"href":"https:\/\/www.paudalho.pe.gov.br\/portal\/wp-json\/wp\/v2\/users\/20"}],"replies":[{"embeddable":true,"href":"https:\/\/www.paudalho.pe.gov.br\/portal\/wp-json\/wp\/v2\/comments?post=39320"}],"version-history":[{"count":1,"href":"https:\/\/www.paudalho.pe.gov.br\/portal\/wp-json\/wp\/v2\/posts\/39320\/revisions"}],"predecessor-version":[{"id":39321,"href":"https:\/\/www.paudalho.pe.gov.br\/portal\/wp-json\/wp\/v2\/posts\/39320\/revisions\/39321"}],"wp:featuredmedia":[{"embeddable":true,"href":"https:\/\/www.paudalho.pe.gov.br\/portal\/wp-json\/wp\/v2\/media\/39308"}],"wp:attachment":[{"href":"https:\/\/www.paudalho.pe.gov.br\/portal\/wp-json\/wp\/v2\/media?parent=39320"}],"wp:term":[{"taxonomy":"category","embeddable":true,"href":"https:\/\/www.paudalho.pe.gov.br\/portal\/wp-json\/wp\/v2\/categories?post=39320"},{"taxonomy":"post_tag","embeddable":true,"href":"https:\/\/www.paudalho.pe.gov.br\/portal\/wp-json\/wp\/v2\/tags?post=39320"}],"curies":[{"name":"wp","href":"https:\/\/api.w.org\/{rel}","templated":true}]}}