{"id":38874,"date":"2026-01-27T15:24:07","date_gmt":"2026-01-27T18:24:07","guid":{"rendered":"https:\/\/www.paudalho.pe.gov.br\/portal\/?p=38874"},"modified":"2026-01-27T15:24:07","modified_gmt":"2026-01-27T18:24:07","slug":"paudalho-promove-festival-de-ferias-2026-com-esporte-lazer-e-integracao-para-todas-as-idades","status":"publish","type":"post","link":"https:\/\/www.paudalho.pe.gov.br\/portal\/paudalho-promove-festival-de-ferias-2026-com-esporte-lazer-e-integracao-para-todas-as-idades\/","title":{"rendered":"Paudalho promove Festival de F\u00e9rias 2026 com esporte, lazer e integra\u00e7\u00e3o para todas as idades"},"content":{"rendered":"\n<p>A Prefeitura do Paudalho, por meio da Secretaria Municipal de Esportes, realiza entre os dias 27 e 30 de janeiro o Festival de F\u00e9rias 2026, um grande evento esportivo que vai movimentar o munic\u00edpio durante o per\u00edodo de recesso escolar, promovendo lazer, sa\u00fade e integra\u00e7\u00e3o social.<\/p>\n\n\n\n<p>O festival acontecer\u00e1 nas Quadras de Esportes do Centro, localizadas na Avenida Miguel Arraes, com programa\u00e7\u00e3o nos turnos da tarde, das 13h30 \u00e0s 17h30, e da noite, das 19h \u00e0s 22h, garantindo a participa\u00e7\u00e3o de p\u00fablicos de diferentes idades e perfis.<\/p>\n\n\n\n<p>A programa\u00e7\u00e3o conta com diversas modalidades esportivas, como futsal, voleibol, basquetebol, karat\u00ea, X2, futmesa, queimado e taekwondo, incentivando a pr\u00e1tica esportiva, a conviv\u00eancia saud\u00e1vel e a valoriza\u00e7\u00e3o dos atletas locais. <\/p>\n\n\n\n<p>As atividades tamb\u00e9m estimulam crian\u00e7as, jovens e adultos a adotarem h\u00e1bitos mais ativos e saud\u00e1veis durante o per\u00edodo de f\u00e9rias.O Festival de F\u00e9rias refor\u00e7a o compromisso da gest\u00e3o municipal com o esporte como ferramenta de inclus\u00e3o social, cidadania e desenvolvimento humano, promovendo espa\u00e7os de conviv\u00eancia, divers\u00e3o e bem-estar para toda a popula\u00e7\u00e3o.<\/p>\n\n\n\n<p>A Prefeitura do Paudalho segue investindo em a\u00e7\u00f5es que fortalecem a qualidade de vida, o lazer e as oportunidades para os paudalhenses, reafirmando que o esporte \u00e9 um caminho importante para integrar pessoas, fortalecer comunidades e construir o futuro.<\/p>\n\n\n\n<figure class=\"wp-block-image size-large\"><img loading=\"lazy\" decoding=\"async\" width=\"800\" height=\"450\" data-attachment-id=\"38898\" data-permalink=\"https:\/\/www.paudalho.pe.gov.br\/portal\/paudalho-promove-festival-de-ferias-2026-com-esporte-lazer-e-integracao-para-todas-as-idades\/img-20260127-wa0013\/\" data-orig-file=\"https:\/\/www.paudalho.pe.gov.br\/portal\/wp-content\/uploads\/2026\/01\/IMG-20260127-WA0013.jpg\" data-orig-size=\"1280,854\" data-comments-opened=\"1\" data-image-meta=\"{&quot;aperture&quot;:&quot;0&quot;,&quot;credit&quot;:&quot;&quot;,&quot;camera&quot;:&quot;&quot;,&quot;caption&quot;:&quot;&quot;,&quot;created_timestamp&quot;:&quot;0&quot;,&quot;copyright&quot;:&quot;&quot;,&quot;focal_length&quot;:&quot;0&quot;,&quot;iso&quot;:&quot;0&quot;,&quot;shutter_speed&quot;:&quot;0&quot;,&quot;title&quot;:&quot;&quot;,&quot;orientation&quot;:&quot;0&quot;}\" data-image-title=\"IMG-20260127-WA0013\" data-image-description=\"\" data-image-caption=\"\" data-medium-file=\"https:\/\/www.paudalho.pe.gov.br\/portal\/wp-content\/uploads\/2026\/01\/IMG-20260127-WA0013-350x230.jpg\" data-large-file=\"https:\/\/www.paudalho.pe.gov.br\/portal\/wp-content\/uploads\/2026\/01\/IMG-20260127-WA0013-800x450.jpg\" src=\"https:\/\/www.paudalho.pe.gov.br\/portal\/wp-content\/uploads\/2026\/01\/IMG-20260127-WA0013-800x450.jpg\" alt=\"\" class=\"wp-image-38898\"\/><\/figure>\n\n\n\n<figure class=\"wp-block-image size-large\"><img loading=\"lazy\" decoding=\"async\" width=\"800\" height=\"450\" data-attachment-id=\"38896\" data-permalink=\"https:\/\/www.paudalho.pe.gov.br\/portal\/paudalho-promove-festival-de-ferias-2026-com-esporte-lazer-e-integracao-para-todas-as-idades\/img-20260127-wa0011\/\" data-orig-file=\"https:\/\/www.paudalho.pe.gov.br\/portal\/wp-content\/uploads\/2026\/01\/IMG-20260127-WA0011.jpg\" data-orig-size=\"1600,1066\" data-comments-opened=\"1\" data-image-meta=\"{&quot;aperture&quot;:&quot;0&quot;,&quot;credit&quot;:&quot;&quot;,&quot;camera&quot;:&quot;&quot;,&quot;caption&quot;:&quot;&quot;,&quot;created_timestamp&quot;:&quot;0&quot;,&quot;copyright&quot;:&quot;&quot;,&quot;focal_length&quot;:&quot;0&quot;,&quot;iso&quot;:&quot;0&quot;,&quot;shutter_speed&quot;:&quot;0&quot;,&quot;title&quot;:&quot;&quot;,&quot;orientation&quot;:&quot;0&quot;}\" data-image-title=\"IMG-20260127-WA0011\" data-image-description=\"\" data-image-caption=\"\" data-medium-file=\"https:\/\/www.paudalho.pe.gov.br\/portal\/wp-content\/uploads\/2026\/01\/IMG-20260127-WA0011-350x230.jpg\" data-large-file=\"https:\/\/www.paudalho.pe.gov.br\/portal\/wp-content\/uploads\/2026\/01\/IMG-20260127-WA0011-800x450.jpg\" src=\"https:\/\/www.paudalho.pe.gov.br\/portal\/wp-content\/uploads\/2026\/01\/IMG-20260127-WA0011-800x450.jpg\" alt=\"\" class=\"wp-image-38896\"\/><\/figure>\n\n\n\n<figure class=\"wp-block-image size-large\"><img loading=\"lazy\" decoding=\"async\" width=\"800\" height=\"450\" data-attachment-id=\"38894\" data-permalink=\"https:\/\/www.paudalho.pe.gov.br\/portal\/paudalho-promove-festival-de-ferias-2026-com-esporte-lazer-e-integracao-para-todas-as-idades\/img-20260127-wa0017\/\" data-orig-file=\"https:\/\/www.paudalho.pe.gov.br\/portal\/wp-content\/uploads\/2026\/01\/IMG-20260127-WA0017.jpg\" data-orig-size=\"1280,854\" data-comments-opened=\"1\" data-image-meta=\"{&quot;aperture&quot;:&quot;0&quot;,&quot;credit&quot;:&quot;&quot;,&quot;camera&quot;:&quot;&quot;,&quot;caption&quot;:&quot;&quot;,&quot;created_timestamp&quot;:&quot;0&quot;,&quot;copyright&quot;:&quot;&quot;,&quot;focal_length&quot;:&quot;0&quot;,&quot;iso&quot;:&quot;0&quot;,&quot;shutter_speed&quot;:&quot;0&quot;,&quot;title&quot;:&quot;&quot;,&quot;orientation&quot;:&quot;0&quot;}\" data-image-title=\"IMG-20260127-WA0017\" data-image-description=\"\" data-image-caption=\"\" data-medium-file=\"https:\/\/www.paudalho.pe.gov.br\/portal\/wp-content\/uploads\/2026\/01\/IMG-20260127-WA0017-350x230.jpg\" data-large-file=\"https:\/\/www.paudalho.pe.gov.br\/portal\/wp-content\/uploads\/2026\/01\/IMG-20260127-WA0017-800x450.jpg\" src=\"https:\/\/www.paudalho.pe.gov.br\/portal\/wp-content\/uploads\/2026\/01\/IMG-20260127-WA0017-800x450.jpg\" alt=\"\" class=\"wp-image-38894\"\/><\/figure>\n\n\n\n<figure class=\"wp-block-image size-large\"><img loading=\"lazy\" decoding=\"async\" width=\"800\" height=\"450\" data-attachment-id=\"38890\" data-permalink=\"https:\/\/www.paudalho.pe.gov.br\/portal\/paudalho-promove-festival-de-ferias-2026-com-esporte-lazer-e-integracao-para-todas-as-idades\/img-20260127-wa0023\/\" data-orig-file=\"https:\/\/www.paudalho.pe.gov.br\/portal\/wp-content\/uploads\/2026\/01\/IMG-20260127-WA0023.jpg\" data-orig-size=\"1280,854\" data-comments-opened=\"1\" data-image-meta=\"{&quot;aperture&quot;:&quot;0&quot;,&quot;credit&quot;:&quot;&quot;,&quot;camera&quot;:&quot;&quot;,&quot;caption&quot;:&quot;&quot;,&quot;created_timestamp&quot;:&quot;0&quot;,&quot;copyright&quot;:&quot;&quot;,&quot;focal_length&quot;:&quot;0&quot;,&quot;iso&quot;:&quot;0&quot;,&quot;shutter_speed&quot;:&quot;0&quot;,&quot;title&quot;:&quot;&quot;,&quot;orientation&quot;:&quot;0&quot;}\" data-image-title=\"IMG-20260127-WA0023\" data-image-description=\"\" data-image-caption=\"\" data-medium-file=\"https:\/\/www.paudalho.pe.gov.br\/portal\/wp-content\/uploads\/2026\/01\/IMG-20260127-WA0023-350x230.jpg\" data-large-file=\"https:\/\/www.paudalho.pe.gov.br\/portal\/wp-content\/uploads\/2026\/01\/IMG-20260127-WA0023-800x450.jpg\" src=\"https:\/\/www.paudalho.pe.gov.br\/portal\/wp-content\/uploads\/2026\/01\/IMG-20260127-WA0023-800x450.jpg\" alt=\"\" class=\"wp-image-38890\"\/><\/figure>\n\n\n\n<figure class=\"wp-block-image size-large\"><img loading=\"lazy\" decoding=\"async\" width=\"800\" height=\"450\" data-attachment-id=\"38889\" data-permalink=\"https:\/\/www.paudalho.pe.gov.br\/portal\/paudalho-promove-festival-de-ferias-2026-com-esporte-lazer-e-integracao-para-todas-as-idades\/img-20260127-wa0022\/\" data-orig-file=\"https:\/\/www.paudalho.pe.gov.br\/portal\/wp-content\/uploads\/2026\/01\/IMG-20260127-WA0022.jpg\" data-orig-size=\"1600,1066\" data-comments-opened=\"1\" data-image-meta=\"{&quot;aperture&quot;:&quot;0&quot;,&quot;credit&quot;:&quot;&quot;,&quot;camera&quot;:&quot;&quot;,&quot;caption&quot;:&quot;&quot;,&quot;created_timestamp&quot;:&quot;0&quot;,&quot;copyright&quot;:&quot;&quot;,&quot;focal_length&quot;:&quot;0&quot;,&quot;iso&quot;:&quot;0&quot;,&quot;shutter_speed&quot;:&quot;0&quot;,&quot;title&quot;:&quot;&quot;,&quot;orientation&quot;:&quot;0&quot;}\" data-image-title=\"IMG-20260127-WA0022\" data-image-description=\"\" data-image-caption=\"\" data-medium-file=\"https:\/\/www.paudalho.pe.gov.br\/portal\/wp-content\/uploads\/2026\/01\/IMG-20260127-WA0022-350x230.jpg\" data-large-file=\"https:\/\/www.paudalho.pe.gov.br\/portal\/wp-content\/uploads\/2026\/01\/IMG-20260127-WA0022-800x450.jpg\" src=\"https:\/\/www.paudalho.pe.gov.br\/portal\/wp-content\/uploads\/2026\/01\/IMG-20260127-WA0022-800x450.jpg\" alt=\"\" class=\"wp-image-38889\"\/><\/figure>\n\n\n\n<figure class=\"wp-block-image size-large\"><img loading=\"lazy\" decoding=\"async\" width=\"800\" height=\"450\" data-attachment-id=\"38885\" data-permalink=\"https:\/\/www.paudalho.pe.gov.br\/portal\/paudalho-promove-festival-de-ferias-2026-com-esporte-lazer-e-integracao-para-todas-as-idades\/img-20260127-wa0028\/\" data-orig-file=\"https:\/\/www.paudalho.pe.gov.br\/portal\/wp-content\/uploads\/2026\/01\/IMG-20260127-WA0028.jpg\" data-orig-size=\"1280,854\" data-comments-opened=\"1\" data-image-meta=\"{&quot;aperture&quot;:&quot;0&quot;,&quot;credit&quot;:&quot;&quot;,&quot;camera&quot;:&quot;&quot;,&quot;caption&quot;:&quot;&quot;,&quot;created_timestamp&quot;:&quot;0&quot;,&quot;copyright&quot;:&quot;&quot;,&quot;focal_length&quot;:&quot;0&quot;,&quot;iso&quot;:&quot;0&quot;,&quot;shutter_speed&quot;:&quot;0&quot;,&quot;title&quot;:&quot;&quot;,&quot;orientation&quot;:&quot;0&quot;}\" data-image-title=\"IMG-20260127-WA0028\" data-image-description=\"\" data-image-caption=\"\" data-medium-file=\"https:\/\/www.paudalho.pe.gov.br\/portal\/wp-content\/uploads\/2026\/01\/IMG-20260127-WA0028-350x230.jpg\" data-large-file=\"https:\/\/www.paudalho.pe.gov.br\/portal\/wp-content\/uploads\/2026\/01\/IMG-20260127-WA0028-800x450.jpg\" src=\"https:\/\/www.paudalho.pe.gov.br\/portal\/wp-content\/uploads\/2026\/01\/IMG-20260127-WA0028-800x450.jpg\" alt=\"\" class=\"wp-image-38885\"\/><\/figure>\n\n\n\n<figure class=\"wp-block-image size-large\"><img loading=\"lazy\" decoding=\"async\" width=\"800\" height=\"450\" data-attachment-id=\"38882\" data-permalink=\"https:\/\/www.paudalho.pe.gov.br\/portal\/paudalho-promove-festival-de-ferias-2026-com-esporte-lazer-e-integracao-para-todas-as-idades\/img-20260127-wa0026\/\" data-orig-file=\"https:\/\/www.paudalho.pe.gov.br\/portal\/wp-content\/uploads\/2026\/01\/IMG-20260127-WA0026.jpg\" data-orig-size=\"1280,854\" data-comments-opened=\"1\" data-image-meta=\"{&quot;aperture&quot;:&quot;0&quot;,&quot;credit&quot;:&quot;&quot;,&quot;camera&quot;:&quot;&quot;,&quot;caption&quot;:&quot;&quot;,&quot;created_timestamp&quot;:&quot;0&quot;,&quot;copyright&quot;:&quot;&quot;,&quot;focal_length&quot;:&quot;0&quot;,&quot;iso&quot;:&quot;0&quot;,&quot;shutter_speed&quot;:&quot;0&quot;,&quot;title&quot;:&quot;&quot;,&quot;orientation&quot;:&quot;0&quot;}\" data-image-title=\"IMG-20260127-WA0026\" data-image-description=\"\" data-image-caption=\"\" data-medium-file=\"https:\/\/www.paudalho.pe.gov.br\/portal\/wp-content\/uploads\/2026\/01\/IMG-20260127-WA0026-350x230.jpg\" data-large-file=\"https:\/\/www.paudalho.pe.gov.br\/portal\/wp-content\/uploads\/2026\/01\/IMG-20260127-WA0026-800x450.jpg\" src=\"https:\/\/www.paudalho.pe.gov.br\/portal\/wp-content\/uploads\/2026\/01\/IMG-20260127-WA0026-800x450.jpg\" alt=\"\" class=\"wp-image-38882\"\/><\/figure>\n\n\n\n<figure class=\"wp-block-image size-large\"><img loading=\"lazy\" decoding=\"async\" width=\"800\" height=\"450\" data-attachment-id=\"38879\" data-permalink=\"https:\/\/www.paudalho.pe.gov.br\/portal\/paudalho-promove-festival-de-ferias-2026-com-esporte-lazer-e-integracao-para-todas-as-idades\/img-20260127-wa0032\/\" data-orig-file=\"https:\/\/www.paudalho.pe.gov.br\/portal\/wp-content\/uploads\/2026\/01\/IMG-20260127-WA0032.jpg\" data-orig-size=\"1280,854\" data-comments-opened=\"1\" data-image-meta=\"{&quot;aperture&quot;:&quot;0&quot;,&quot;credit&quot;:&quot;&quot;,&quot;camera&quot;:&quot;&quot;,&quot;caption&quot;:&quot;&quot;,&quot;created_timestamp&quot;:&quot;0&quot;,&quot;copyright&quot;:&quot;&quot;,&quot;focal_length&quot;:&quot;0&quot;,&quot;iso&quot;:&quot;0&quot;,&quot;shutter_speed&quot;:&quot;0&quot;,&quot;title&quot;:&quot;&quot;,&quot;orientation&quot;:&quot;0&quot;}\" data-image-title=\"IMG-20260127-WA0032\" data-image-description=\"\" data-image-caption=\"\" data-medium-file=\"https:\/\/www.paudalho.pe.gov.br\/portal\/wp-content\/uploads\/2026\/01\/IMG-20260127-WA0032-350x230.jpg\" data-large-file=\"https:\/\/www.paudalho.pe.gov.br\/portal\/wp-content\/uploads\/2026\/01\/IMG-20260127-WA0032-800x450.jpg\" src=\"https:\/\/www.paudalho.pe.gov.br\/portal\/wp-content\/uploads\/2026\/01\/IMG-20260127-WA0032-800x450.jpg\" alt=\"\" class=\"wp-image-38879\"\/><\/figure>\n\n\n\n<figure class=\"wp-block-image size-large\"><img loading=\"lazy\" decoding=\"async\" width=\"800\" height=\"450\" data-attachment-id=\"38880\" data-permalink=\"https:\/\/www.paudalho.pe.gov.br\/portal\/paudalho-promove-festival-de-ferias-2026-com-esporte-lazer-e-integracao-para-todas-as-idades\/img-20260127-wa0033\/\" data-orig-file=\"https:\/\/www.paudalho.pe.gov.br\/portal\/wp-content\/uploads\/2026\/01\/IMG-20260127-WA0033.jpg\" data-orig-size=\"1280,854\" data-comments-opened=\"1\" data-image-meta=\"{&quot;aperture&quot;:&quot;0&quot;,&quot;credit&quot;:&quot;&quot;,&quot;camera&quot;:&quot;&quot;,&quot;caption&quot;:&quot;&quot;,&quot;created_timestamp&quot;:&quot;0&quot;,&quot;copyright&quot;:&quot;&quot;,&quot;focal_length&quot;:&quot;0&quot;,&quot;iso&quot;:&quot;0&quot;,&quot;shutter_speed&quot;:&quot;0&quot;,&quot;title&quot;:&quot;&quot;,&quot;orientation&quot;:&quot;0&quot;}\" data-image-title=\"IMG-20260127-WA0033\" data-image-description=\"\" data-image-caption=\"\" data-medium-file=\"https:\/\/www.paudalho.pe.gov.br\/portal\/wp-content\/uploads\/2026\/01\/IMG-20260127-WA0033-350x230.jpg\" data-large-file=\"https:\/\/www.paudalho.pe.gov.br\/portal\/wp-content\/uploads\/2026\/01\/IMG-20260127-WA0033-800x450.jpg\" src=\"https:\/\/www.paudalho.pe.gov.br\/portal\/wp-content\/uploads\/2026\/01\/IMG-20260127-WA0033-800x450.jpg\" alt=\"\" class=\"wp-image-38880\"\/><\/figure>\n\n\n\n<figure class=\"wp-block-image size-large\"><img loading=\"lazy\" decoding=\"async\" width=\"800\" height=\"450\" data-attachment-id=\"38877\" data-permalink=\"https:\/\/www.paudalho.pe.gov.br\/portal\/paudalho-promove-festival-de-ferias-2026-com-esporte-lazer-e-integracao-para-todas-as-idades\/img-20260127-wa0030\/\" data-orig-file=\"https:\/\/www.paudalho.pe.gov.br\/portal\/wp-content\/uploads\/2026\/01\/IMG-20260127-WA0030.jpg\" data-orig-size=\"1600,1066\" data-comments-opened=\"1\" data-image-meta=\"{&quot;aperture&quot;:&quot;0&quot;,&quot;credit&quot;:&quot;&quot;,&quot;camera&quot;:&quot;&quot;,&quot;caption&quot;:&quot;&quot;,&quot;created_timestamp&quot;:&quot;0&quot;,&quot;copyright&quot;:&quot;&quot;,&quot;focal_length&quot;:&quot;0&quot;,&quot;iso&quot;:&quot;0&quot;,&quot;shutter_speed&quot;:&quot;0&quot;,&quot;title&quot;:&quot;&quot;,&quot;orientation&quot;:&quot;0&quot;}\" data-image-title=\"IMG-20260127-WA0030\" data-image-description=\"\" data-image-caption=\"\" data-medium-file=\"https:\/\/www.paudalho.pe.gov.br\/portal\/wp-content\/uploads\/2026\/01\/IMG-20260127-WA0030-350x230.jpg\" data-large-file=\"https:\/\/www.paudalho.pe.gov.br\/portal\/wp-content\/uploads\/2026\/01\/IMG-20260127-WA0030-800x450.jpg\" src=\"https:\/\/www.paudalho.pe.gov.br\/portal\/wp-content\/uploads\/2026\/01\/IMG-20260127-WA0030-800x450.jpg\" alt=\"\" class=\"wp-image-38877\"\/><\/figure>\n","protected":false},"excerpt":{"rendered":"<p>A Prefeitura do Paudalho, por meio da Secretaria Municipal de Esportes, realiza entre os dias 27 e 30 de janeiro o Festival de F\u00e9rias 2026, um grande evento esportivo que vai movimentar o munic\u00edpio durante o per\u00edodo de recesso escolar, promovendo lazer, sa\u00fade e integra\u00e7\u00e3o social. O festival acontecer\u00e1 nas Quadras de Esportes do Centro, [&hellip;]<\/p>\n","protected":false},"author":20,"featured_media":38897,"comment_status":"open","ping_status":"open","sticky":false,"template":"","format":"standard","meta":{"_jetpack_newsletter_access":"","_jetpack_dont_email_post_to_subs":false,"_jetpack_newsletter_tier_id":0,"_jetpack_memberships_contains_paywalled_content":false,"_jetpack_memberships_contains_paid_content":false,"footnotes":""},"categories":[2,520,7,1],"tags":[],"class_list":["post-38874","post","type-post","status-publish","format-standard","has-post-thumbnail","hentry","category-destaque","category-educacao-2","category-esportes","category-noticias"],"jetpack_featured_media_url":"https:\/\/www.paudalho.pe.gov.br\/portal\/wp-content\/uploads\/2026\/01\/IMG-20260127-WA0012.jpg","jetpack_sharing_enabled":true,"jetpack_shortlink":"https:\/\/wp.me\/p98mS2-a70","_links":{"self":[{"href":"https:\/\/www.paudalho.pe.gov.br\/portal\/wp-json\/wp\/v2\/posts\/38874","targetHints":{"allow":["GET"]}}],"collection":[{"href":"https:\/\/www.paudalho.pe.gov.br\/portal\/wp-json\/wp\/v2\/posts"}],"about":[{"href":"https:\/\/www.paudalho.pe.gov.br\/portal\/wp-json\/wp\/v2\/types\/post"}],"author":[{"embeddable":true,"href":"https:\/\/www.paudalho.pe.gov.br\/portal\/wp-json\/wp\/v2\/users\/20"}],"replies":[{"embeddable":true,"href":"https:\/\/www.paudalho.pe.gov.br\/portal\/wp-json\/wp\/v2\/comments?post=38874"}],"version-history":[{"count":1,"href":"https:\/\/www.paudalho.pe.gov.br\/portal\/wp-json\/wp\/v2\/posts\/38874\/revisions"}],"predecessor-version":[{"id":38899,"href":"https:\/\/www.paudalho.pe.gov.br\/portal\/wp-json\/wp\/v2\/posts\/38874\/revisions\/38899"}],"wp:featuredmedia":[{"embeddable":true,"href":"https:\/\/www.paudalho.pe.gov.br\/portal\/wp-json\/wp\/v2\/media\/38897"}],"wp:attachment":[{"href":"https:\/\/www.paudalho.pe.gov.br\/portal\/wp-json\/wp\/v2\/media?parent=38874"}],"wp:term":[{"taxonomy":"category","embeddable":true,"href":"https:\/\/www.paudalho.pe.gov.br\/portal\/wp-json\/wp\/v2\/categories?post=38874"},{"taxonomy":"post_tag","embeddable":true,"href":"https:\/\/www.paudalho.pe.gov.br\/portal\/wp-json\/wp\/v2\/tags?post=38874"}],"curies":[{"name":"wp","href":"https:\/\/api.w.org\/{rel}","templated":true}]}}