{"id":38850,"date":"2026-01-27T10:15:16","date_gmt":"2026-01-27T13:15:16","guid":{"rendered":"https:\/\/www.paudalho.pe.gov.br\/portal\/?p=38850"},"modified":"2026-01-27T10:15:16","modified_gmt":"2026-01-27T13:15:16","slug":"paudalho-celebra-157a-festa-de-sao-sebastiao-com-fe-tradicao-e-grandes-atracoes-culturais","status":"publish","type":"post","link":"https:\/\/www.paudalho.pe.gov.br\/portal\/paudalho-celebra-157a-festa-de-sao-sebastiao-com-fe-tradicao-e-grandes-atracoes-culturais\/","title":{"rendered":"Paudalho celebra 157\u00aa Festa de S\u00e3o Sebasti\u00e3o com f\u00e9, tradi\u00e7\u00e3o e grandes atra\u00e7\u00f5es culturais"},"content":{"rendered":"\n<p>Com uma programa\u00e7\u00e3o que uniu f\u00e9, tradi\u00e7\u00e3o e muita anima\u00e7\u00e3o, o munic\u00edpio de Paudalho celebrou, com grande participa\u00e7\u00e3o popular, a <strong>157\u00aa Festa de S\u00e3o Sebasti\u00e3o<\/strong>, reafirmando a devo\u00e7\u00e3o do povo paudalhense ao seu m\u00e1rtir e fortalecendo uma das mais tradicionais manifesta\u00e7\u00f5es religiosas e culturais da cidade.<\/p>\n\n\n\n<p>A programa\u00e7\u00e3o religiosa foi realizada na Igreja de Nossa Senhora do Livramento, reunindo fi\u00e9is em momentos de ora\u00e7\u00e3o, celebra\u00e7\u00f5es e express\u00f5es de f\u00e9. Paralelamente, as atividades culturais aconteceram no Polo Cultural, ao lado do Col\u00e9gio Municipal de Paudalho (CMP), e no Parque de Eventos Beira Rio, atraindo milhares de pessoas ao longo dos dias de festividade.<\/p>\n\n\n\n<p>O p\u00fablico compareceu em peso para prestigiar as atra\u00e7\u00f5es culturais e musicais, que garantiram anima\u00e7\u00e3o e impulsionaram a economia local. Entre os destaques da programa\u00e7\u00e3o esteve o cantor <strong>Tarc\u00edsio do Acordeom<\/strong>, que levou uma multid\u00e3o ao Parque de Eventos Beira Rio e marcou um dos pontos altos da festa.<\/p>\n\n\n\n<p>A organiza\u00e7\u00e3o do evento foi amplamente elogiada pela popula\u00e7\u00e3o, refor\u00e7ando o padr\u00e3o de qualidade j\u00e1 reconhecido nos grandes eventos realizados no munic\u00edpio. A Prefeitura de Paudalho destacou o compromisso com a seguran\u00e7a, a estrutura e a valoriza\u00e7\u00e3o cultural, garantindo que a festa ocorresse de forma organizada e acolhedora para todos.<\/p>\n\n\n\n<p>A gest\u00e3o municipal reafirma seu compromisso com o fortalecimento das ra\u00edzes culturais e religiosas de Paudalho, preservando tradi\u00e7\u00f5es que atravessam gera\u00e7\u00f5es e promovendo eventos que valorizam a identidade do munic\u00edpio, o sentimento de pertencimento e o desenvolvimento cultural da cidade.<\/p>\n\n\n\n<figure class=\"wp-block-image size-large\"><img loading=\"lazy\" decoding=\"async\" width=\"800\" height=\"450\" data-attachment-id=\"38862\" data-permalink=\"https:\/\/www.paudalho.pe.gov.br\/portal\/paudalho-celebra-157a-festa-de-sao-sebastiao-com-fe-tradicao-e-grandes-atracoes-culturais\/whatsapp-image-2026-01-25-at-19-09-43-2\/\" data-orig-file=\"https:\/\/www.paudalho.pe.gov.br\/portal\/wp-content\/uploads\/2026\/01\/WhatsApp-Image-2026-01-25-at-19.09.43-2.jpeg\" data-orig-size=\"1600,1066\" data-comments-opened=\"1\" data-image-meta=\"{&quot;aperture&quot;:&quot;0&quot;,&quot;credit&quot;:&quot;&quot;,&quot;camera&quot;:&quot;&quot;,&quot;caption&quot;:&quot;&quot;,&quot;created_timestamp&quot;:&quot;0&quot;,&quot;copyright&quot;:&quot;&quot;,&quot;focal_length&quot;:&quot;0&quot;,&quot;iso&quot;:&quot;0&quot;,&quot;shutter_speed&quot;:&quot;0&quot;,&quot;title&quot;:&quot;&quot;,&quot;orientation&quot;:&quot;0&quot;}\" data-image-title=\"WhatsApp Image 2026-01-25 at 19.09.43 (2)\" data-image-description=\"\" data-image-caption=\"\" data-medium-file=\"https:\/\/www.paudalho.pe.gov.br\/portal\/wp-content\/uploads\/2026\/01\/WhatsApp-Image-2026-01-25-at-19.09.43-2-350x230.jpeg\" data-large-file=\"https:\/\/www.paudalho.pe.gov.br\/portal\/wp-content\/uploads\/2026\/01\/WhatsApp-Image-2026-01-25-at-19.09.43-2-800x450.jpeg\" src=\"https:\/\/www.paudalho.pe.gov.br\/portal\/wp-content\/uploads\/2026\/01\/WhatsApp-Image-2026-01-25-at-19.09.43-2-800x450.jpeg\" alt=\"\" class=\"wp-image-38862\"\/><\/figure>\n\n\n\n<figure class=\"wp-block-image size-large\"><img loading=\"lazy\" decoding=\"async\" width=\"800\" height=\"450\" data-attachment-id=\"38861\" data-permalink=\"https:\/\/www.paudalho.pe.gov.br\/portal\/paudalho-celebra-157a-festa-de-sao-sebastiao-com-fe-tradicao-e-grandes-atracoes-culturais\/whatsapp-image-2026-01-25-at-19-09-43-1\/\" data-orig-file=\"https:\/\/www.paudalho.pe.gov.br\/portal\/wp-content\/uploads\/2026\/01\/WhatsApp-Image-2026-01-25-at-19.09.43-1.jpeg\" data-orig-size=\"1600,1066\" data-comments-opened=\"1\" data-image-meta=\"{&quot;aperture&quot;:&quot;0&quot;,&quot;credit&quot;:&quot;&quot;,&quot;camera&quot;:&quot;&quot;,&quot;caption&quot;:&quot;&quot;,&quot;created_timestamp&quot;:&quot;0&quot;,&quot;copyright&quot;:&quot;&quot;,&quot;focal_length&quot;:&quot;0&quot;,&quot;iso&quot;:&quot;0&quot;,&quot;shutter_speed&quot;:&quot;0&quot;,&quot;title&quot;:&quot;&quot;,&quot;orientation&quot;:&quot;0&quot;}\" data-image-title=\"WhatsApp Image 2026-01-25 at 19.09.43 (1)\" data-image-description=\"\" data-image-caption=\"\" data-medium-file=\"https:\/\/www.paudalho.pe.gov.br\/portal\/wp-content\/uploads\/2026\/01\/WhatsApp-Image-2026-01-25-at-19.09.43-1-350x230.jpeg\" data-large-file=\"https:\/\/www.paudalho.pe.gov.br\/portal\/wp-content\/uploads\/2026\/01\/WhatsApp-Image-2026-01-25-at-19.09.43-1-800x450.jpeg\" src=\"https:\/\/www.paudalho.pe.gov.br\/portal\/wp-content\/uploads\/2026\/01\/WhatsApp-Image-2026-01-25-at-19.09.43-1-800x450.jpeg\" alt=\"\" class=\"wp-image-38861\"\/><\/figure>\n\n\n\n<figure class=\"wp-block-image size-large\"><img loading=\"lazy\" decoding=\"async\" width=\"800\" height=\"450\" data-attachment-id=\"38863\" data-permalink=\"https:\/\/www.paudalho.pe.gov.br\/portal\/paudalho-celebra-157a-festa-de-sao-sebastiao-com-fe-tradicao-e-grandes-atracoes-culturais\/whatsapp-image-2026-01-25-at-19-09-43-5\/\" data-orig-file=\"https:\/\/www.paudalho.pe.gov.br\/portal\/wp-content\/uploads\/2026\/01\/WhatsApp-Image-2026-01-25-at-19.09.43-5.jpeg\" data-orig-size=\"1600,1066\" data-comments-opened=\"1\" data-image-meta=\"{&quot;aperture&quot;:&quot;0&quot;,&quot;credit&quot;:&quot;&quot;,&quot;camera&quot;:&quot;&quot;,&quot;caption&quot;:&quot;&quot;,&quot;created_timestamp&quot;:&quot;0&quot;,&quot;copyright&quot;:&quot;&quot;,&quot;focal_length&quot;:&quot;0&quot;,&quot;iso&quot;:&quot;0&quot;,&quot;shutter_speed&quot;:&quot;0&quot;,&quot;title&quot;:&quot;&quot;,&quot;orientation&quot;:&quot;0&quot;}\" data-image-title=\"WhatsApp Image 2026-01-25 at 19.09.43 (5)\" data-image-description=\"\" data-image-caption=\"\" data-medium-file=\"https:\/\/www.paudalho.pe.gov.br\/portal\/wp-content\/uploads\/2026\/01\/WhatsApp-Image-2026-01-25-at-19.09.43-5-350x230.jpeg\" data-large-file=\"https:\/\/www.paudalho.pe.gov.br\/portal\/wp-content\/uploads\/2026\/01\/WhatsApp-Image-2026-01-25-at-19.09.43-5-800x450.jpeg\" src=\"https:\/\/www.paudalho.pe.gov.br\/portal\/wp-content\/uploads\/2026\/01\/WhatsApp-Image-2026-01-25-at-19.09.43-5-800x450.jpeg\" alt=\"\" class=\"wp-image-38863\"\/><\/figure>\n\n\n\n<figure class=\"wp-block-image size-large\"><img loading=\"lazy\" decoding=\"async\" width=\"800\" height=\"450\" data-attachment-id=\"38859\" data-permalink=\"https:\/\/www.paudalho.pe.gov.br\/portal\/paudalho-celebra-157a-festa-de-sao-sebastiao-com-fe-tradicao-e-grandes-atracoes-culturais\/whatsapp-image-2026-01-25-at-19-09-42-1\/\" data-orig-file=\"https:\/\/www.paudalho.pe.gov.br\/portal\/wp-content\/uploads\/2026\/01\/WhatsApp-Image-2026-01-25-at-19.09.42-1.jpeg\" data-orig-size=\"1600,1066\" data-comments-opened=\"1\" data-image-meta=\"{&quot;aperture&quot;:&quot;0&quot;,&quot;credit&quot;:&quot;&quot;,&quot;camera&quot;:&quot;&quot;,&quot;caption&quot;:&quot;&quot;,&quot;created_timestamp&quot;:&quot;0&quot;,&quot;copyright&quot;:&quot;&quot;,&quot;focal_length&quot;:&quot;0&quot;,&quot;iso&quot;:&quot;0&quot;,&quot;shutter_speed&quot;:&quot;0&quot;,&quot;title&quot;:&quot;&quot;,&quot;orientation&quot;:&quot;0&quot;}\" data-image-title=\"WhatsApp Image 2026-01-25 at 19.09.42 (1)\" data-image-description=\"\" data-image-caption=\"\" data-medium-file=\"https:\/\/www.paudalho.pe.gov.br\/portal\/wp-content\/uploads\/2026\/01\/WhatsApp-Image-2026-01-25-at-19.09.42-1-350x230.jpeg\" data-large-file=\"https:\/\/www.paudalho.pe.gov.br\/portal\/wp-content\/uploads\/2026\/01\/WhatsApp-Image-2026-01-25-at-19.09.42-1-800x450.jpeg\" src=\"https:\/\/www.paudalho.pe.gov.br\/portal\/wp-content\/uploads\/2026\/01\/WhatsApp-Image-2026-01-25-at-19.09.42-1-800x450.jpeg\" alt=\"\" class=\"wp-image-38859\"\/><\/figure>\n\n\n\n<figure class=\"wp-block-image size-large\"><img loading=\"lazy\" decoding=\"async\" width=\"800\" height=\"450\" data-attachment-id=\"38858\" data-permalink=\"https:\/\/www.paudalho.pe.gov.br\/portal\/paudalho-celebra-157a-festa-de-sao-sebastiao-com-fe-tradicao-e-grandes-atracoes-culturais\/whatsapp-image-2026-01-25-at-19-09-41\/\" data-orig-file=\"https:\/\/www.paudalho.pe.gov.br\/portal\/wp-content\/uploads\/2026\/01\/WhatsApp-Image-2026-01-25-at-19.09.41.jpeg\" data-orig-size=\"1600,1066\" data-comments-opened=\"1\" data-image-meta=\"{&quot;aperture&quot;:&quot;0&quot;,&quot;credit&quot;:&quot;&quot;,&quot;camera&quot;:&quot;&quot;,&quot;caption&quot;:&quot;&quot;,&quot;created_timestamp&quot;:&quot;0&quot;,&quot;copyright&quot;:&quot;&quot;,&quot;focal_length&quot;:&quot;0&quot;,&quot;iso&quot;:&quot;0&quot;,&quot;shutter_speed&quot;:&quot;0&quot;,&quot;title&quot;:&quot;&quot;,&quot;orientation&quot;:&quot;0&quot;}\" data-image-title=\"WhatsApp Image 2026-01-25 at 19.09.41\" data-image-description=\"\" data-image-caption=\"\" data-medium-file=\"https:\/\/www.paudalho.pe.gov.br\/portal\/wp-content\/uploads\/2026\/01\/WhatsApp-Image-2026-01-25-at-19.09.41-350x230.jpeg\" data-large-file=\"https:\/\/www.paudalho.pe.gov.br\/portal\/wp-content\/uploads\/2026\/01\/WhatsApp-Image-2026-01-25-at-19.09.41-800x450.jpeg\" src=\"https:\/\/www.paudalho.pe.gov.br\/portal\/wp-content\/uploads\/2026\/01\/WhatsApp-Image-2026-01-25-at-19.09.41-800x450.jpeg\" alt=\"\" class=\"wp-image-38858\"\/><\/figure>\n\n\n\n<figure class=\"wp-block-image size-large\"><img loading=\"lazy\" decoding=\"async\" width=\"800\" height=\"450\" data-attachment-id=\"38856\" data-permalink=\"https:\/\/www.paudalho.pe.gov.br\/portal\/paudalho-celebra-157a-festa-de-sao-sebastiao-com-fe-tradicao-e-grandes-atracoes-culturais\/whatsapp-image-2026-01-24-at-01-49-32-1\/\" data-orig-file=\"https:\/\/www.paudalho.pe.gov.br\/portal\/wp-content\/uploads\/2026\/01\/WhatsApp-Image-2026-01-24-at-01.49.32-1.jpeg\" data-orig-size=\"1280,854\" data-comments-opened=\"1\" data-image-meta=\"{&quot;aperture&quot;:&quot;0&quot;,&quot;credit&quot;:&quot;&quot;,&quot;camera&quot;:&quot;&quot;,&quot;caption&quot;:&quot;&quot;,&quot;created_timestamp&quot;:&quot;0&quot;,&quot;copyright&quot;:&quot;&quot;,&quot;focal_length&quot;:&quot;0&quot;,&quot;iso&quot;:&quot;0&quot;,&quot;shutter_speed&quot;:&quot;0&quot;,&quot;title&quot;:&quot;&quot;,&quot;orientation&quot;:&quot;0&quot;}\" data-image-title=\"WhatsApp Image 2026-01-24 at 01.49.32 (1)\" data-image-description=\"\" data-image-caption=\"\" data-medium-file=\"https:\/\/www.paudalho.pe.gov.br\/portal\/wp-content\/uploads\/2026\/01\/WhatsApp-Image-2026-01-24-at-01.49.32-1-350x230.jpeg\" data-large-file=\"https:\/\/www.paudalho.pe.gov.br\/portal\/wp-content\/uploads\/2026\/01\/WhatsApp-Image-2026-01-24-at-01.49.32-1-800x450.jpeg\" src=\"https:\/\/www.paudalho.pe.gov.br\/portal\/wp-content\/uploads\/2026\/01\/WhatsApp-Image-2026-01-24-at-01.49.32-1-800x450.jpeg\" alt=\"\" class=\"wp-image-38856\"\/><\/figure>\n\n\n\n<figure class=\"wp-block-image size-large\"><img loading=\"lazy\" decoding=\"async\" width=\"800\" height=\"450\" data-attachment-id=\"38855\" data-permalink=\"https:\/\/www.paudalho.pe.gov.br\/portal\/paudalho-celebra-157a-festa-de-sao-sebastiao-com-fe-tradicao-e-grandes-atracoes-culturais\/whatsapp-image-2026-01-24-at-00-03-44-3\/\" data-orig-file=\"https:\/\/www.paudalho.pe.gov.br\/portal\/wp-content\/uploads\/2026\/01\/WhatsApp-Image-2026-01-24-at-00.03.44-3.jpeg\" data-orig-size=\"1280,854\" data-comments-opened=\"1\" data-image-meta=\"{&quot;aperture&quot;:&quot;0&quot;,&quot;credit&quot;:&quot;&quot;,&quot;camera&quot;:&quot;&quot;,&quot;caption&quot;:&quot;&quot;,&quot;created_timestamp&quot;:&quot;0&quot;,&quot;copyright&quot;:&quot;&quot;,&quot;focal_length&quot;:&quot;0&quot;,&quot;iso&quot;:&quot;0&quot;,&quot;shutter_speed&quot;:&quot;0&quot;,&quot;title&quot;:&quot;&quot;,&quot;orientation&quot;:&quot;0&quot;}\" data-image-title=\"WhatsApp Image 2026-01-24 at 00.03.44 (3)\" data-image-description=\"\" data-image-caption=\"\" data-medium-file=\"https:\/\/www.paudalho.pe.gov.br\/portal\/wp-content\/uploads\/2026\/01\/WhatsApp-Image-2026-01-24-at-00.03.44-3-350x230.jpeg\" data-large-file=\"https:\/\/www.paudalho.pe.gov.br\/portal\/wp-content\/uploads\/2026\/01\/WhatsApp-Image-2026-01-24-at-00.03.44-3-800x450.jpeg\" src=\"https:\/\/www.paudalho.pe.gov.br\/portal\/wp-content\/uploads\/2026\/01\/WhatsApp-Image-2026-01-24-at-00.03.44-3-800x450.jpeg\" alt=\"\" class=\"wp-image-38855\"\/><\/figure>\n\n\n\n<figure class=\"wp-block-image size-large\"><img loading=\"lazy\" decoding=\"async\" width=\"800\" height=\"450\" data-attachment-id=\"38854\" data-permalink=\"https:\/\/www.paudalho.pe.gov.br\/portal\/paudalho-celebra-157a-festa-de-sao-sebastiao-com-fe-tradicao-e-grandes-atracoes-culturais\/whatsapp-image-2026-01-24-at-00-03-42-1\/\" data-orig-file=\"https:\/\/www.paudalho.pe.gov.br\/portal\/wp-content\/uploads\/2026\/01\/WhatsApp-Image-2026-01-24-at-00.03.42-1.jpeg\" data-orig-size=\"1280,854\" data-comments-opened=\"1\" data-image-meta=\"{&quot;aperture&quot;:&quot;0&quot;,&quot;credit&quot;:&quot;&quot;,&quot;camera&quot;:&quot;&quot;,&quot;caption&quot;:&quot;&quot;,&quot;created_timestamp&quot;:&quot;0&quot;,&quot;copyright&quot;:&quot;&quot;,&quot;focal_length&quot;:&quot;0&quot;,&quot;iso&quot;:&quot;0&quot;,&quot;shutter_speed&quot;:&quot;0&quot;,&quot;title&quot;:&quot;&quot;,&quot;orientation&quot;:&quot;0&quot;}\" data-image-title=\"WhatsApp Image 2026-01-24 at 00.03.42 (1)\" data-image-description=\"\" data-image-caption=\"\" data-medium-file=\"https:\/\/www.paudalho.pe.gov.br\/portal\/wp-content\/uploads\/2026\/01\/WhatsApp-Image-2026-01-24-at-00.03.42-1-350x230.jpeg\" data-large-file=\"https:\/\/www.paudalho.pe.gov.br\/portal\/wp-content\/uploads\/2026\/01\/WhatsApp-Image-2026-01-24-at-00.03.42-1-800x450.jpeg\" src=\"https:\/\/www.paudalho.pe.gov.br\/portal\/wp-content\/uploads\/2026\/01\/WhatsApp-Image-2026-01-24-at-00.03.42-1-800x450.jpeg\" alt=\"\" class=\"wp-image-38854\"\/><\/figure>\n\n\n\n<figure class=\"wp-block-image size-large\"><img loading=\"lazy\" decoding=\"async\" width=\"800\" height=\"450\" data-attachment-id=\"38852\" data-permalink=\"https:\/\/www.paudalho.pe.gov.br\/portal\/paudalho-celebra-157a-festa-de-sao-sebastiao-com-fe-tradicao-e-grandes-atracoes-culturais\/6i7a4739\/\" data-orig-file=\"https:\/\/www.paudalho.pe.gov.br\/portal\/wp-content\/uploads\/2026\/01\/6I7A4739-scaled.jpg\" data-orig-size=\"2560,1707\" data-comments-opened=\"1\" data-image-meta=\"{&quot;aperture&quot;:&quot;4&quot;,&quot;credit&quot;:&quot;&quot;,&quot;camera&quot;:&quot;Canon EOS R&quot;,&quot;caption&quot;:&quot;&quot;,&quot;created_timestamp&quot;:&quot;1769380245&quot;,&quot;copyright&quot;:&quot;&quot;,&quot;focal_length&quot;:&quot;105&quot;,&quot;iso&quot;:&quot;6400&quot;,&quot;shutter_speed&quot;:&quot;0.00625&quot;,&quot;title&quot;:&quot;&quot;,&quot;orientation&quot;:&quot;1&quot;}\" data-image-title=\"6I7A4739\" data-image-description=\"\" data-image-caption=\"\" data-medium-file=\"https:\/\/www.paudalho.pe.gov.br\/portal\/wp-content\/uploads\/2026\/01\/6I7A4739-350x230.jpg\" data-large-file=\"https:\/\/www.paudalho.pe.gov.br\/portal\/wp-content\/uploads\/2026\/01\/6I7A4739-800x450.jpg\" src=\"https:\/\/www.paudalho.pe.gov.br\/portal\/wp-content\/uploads\/2026\/01\/6I7A4739-800x450.jpg\" alt=\"\" class=\"wp-image-38852\"\/><\/figure>\n\n\n\n<figure class=\"wp-block-image size-large\"><img loading=\"lazy\" decoding=\"async\" width=\"800\" height=\"450\" data-attachment-id=\"38851\" data-permalink=\"https:\/\/www.paudalho.pe.gov.br\/portal\/paudalho-celebra-157a-festa-de-sao-sebastiao-com-fe-tradicao-e-grandes-atracoes-culturais\/6i7a4702\/\" data-orig-file=\"https:\/\/www.paudalho.pe.gov.br\/portal\/wp-content\/uploads\/2026\/01\/6I7A4702-scaled.jpg\" data-orig-size=\"2560,1707\" data-comments-opened=\"1\" data-image-meta=\"{&quot;aperture&quot;:&quot;4&quot;,&quot;credit&quot;:&quot;&quot;,&quot;camera&quot;:&quot;Canon EOS R&quot;,&quot;caption&quot;:&quot;&quot;,&quot;created_timestamp&quot;:&quot;1769378897&quot;,&quot;copyright&quot;:&quot;&quot;,&quot;focal_length&quot;:&quot;24&quot;,&quot;iso&quot;:&quot;6400&quot;,&quot;shutter_speed&quot;:&quot;0.01&quot;,&quot;title&quot;:&quot;&quot;,&quot;orientation&quot;:&quot;1&quot;}\" data-image-title=\"6I7A4702\" data-image-description=\"\" data-image-caption=\"\" data-medium-file=\"https:\/\/www.paudalho.pe.gov.br\/portal\/wp-content\/uploads\/2026\/01\/6I7A4702-350x230.jpg\" data-large-file=\"https:\/\/www.paudalho.pe.gov.br\/portal\/wp-content\/uploads\/2026\/01\/6I7A4702-800x450.jpg\" src=\"https:\/\/www.paudalho.pe.gov.br\/portal\/wp-content\/uploads\/2026\/01\/6I7A4702-800x450.jpg\" alt=\"\" class=\"wp-image-38851\"\/><\/figure>\n","protected":false},"excerpt":{"rendered":"<p>Com uma programa\u00e7\u00e3o que uniu f\u00e9, tradi\u00e7\u00e3o e muita anima\u00e7\u00e3o, o munic\u00edpio de Paudalho celebrou, com grande participa\u00e7\u00e3o popular, a 157\u00aa Festa de S\u00e3o Sebasti\u00e3o, reafirmando a devo\u00e7\u00e3o do povo paudalhense ao seu m\u00e1rtir e fortalecendo uma das mais tradicionais manifesta\u00e7\u00f5es religiosas e culturais da cidade. A programa\u00e7\u00e3o religiosa foi realizada na Igreja de Nossa [&hellip;]<\/p>\n","protected":false},"author":20,"featured_media":38860,"comment_status":"open","ping_status":"open","sticky":false,"template":"","format":"standard","meta":{"_jetpack_newsletter_access":"","_jetpack_dont_email_post_to_subs":false,"_jetpack_newsletter_tier_id":0,"_jetpack_memberships_contains_paywalled_content":false,"_jetpack_memberships_contains_paid_content":false,"footnotes":""},"categories":[1184,2,1],"tags":[],"class_list":["post-38850","post","type-post","status-publish","format-standard","has-post-thumbnail","hentry","category-cultura-2","category-destaque","category-noticias"],"jetpack_featured_media_url":"https:\/\/www.paudalho.pe.gov.br\/portal\/wp-content\/uploads\/2026\/01\/WhatsApp-Image-2026-01-25-at-19.09.42-3.jpeg","jetpack_sharing_enabled":true,"jetpack_shortlink":"https:\/\/wp.me\/p98mS2-a6C","_links":{"self":[{"href":"https:\/\/www.paudalho.pe.gov.br\/portal\/wp-json\/wp\/v2\/posts\/38850","targetHints":{"allow":["GET"]}}],"collection":[{"href":"https:\/\/www.paudalho.pe.gov.br\/portal\/wp-json\/wp\/v2\/posts"}],"about":[{"href":"https:\/\/www.paudalho.pe.gov.br\/portal\/wp-json\/wp\/v2\/types\/post"}],"author":[{"embeddable":true,"href":"https:\/\/www.paudalho.pe.gov.br\/portal\/wp-json\/wp\/v2\/users\/20"}],"replies":[{"embeddable":true,"href":"https:\/\/www.paudalho.pe.gov.br\/portal\/wp-json\/wp\/v2\/comments?post=38850"}],"version-history":[{"count":2,"href":"https:\/\/www.paudalho.pe.gov.br\/portal\/wp-json\/wp\/v2\/posts\/38850\/revisions"}],"predecessor-version":[{"id":38865,"href":"https:\/\/www.paudalho.pe.gov.br\/portal\/wp-json\/wp\/v2\/posts\/38850\/revisions\/38865"}],"wp:featuredmedia":[{"embeddable":true,"href":"https:\/\/www.paudalho.pe.gov.br\/portal\/wp-json\/wp\/v2\/media\/38860"}],"wp:attachment":[{"href":"https:\/\/www.paudalho.pe.gov.br\/portal\/wp-json\/wp\/v2\/media?parent=38850"}],"wp:term":[{"taxonomy":"category","embeddable":true,"href":"https:\/\/www.paudalho.pe.gov.br\/portal\/wp-json\/wp\/v2\/categories?post=38850"},{"taxonomy":"post_tag","embeddable":true,"href":"https:\/\/www.paudalho.pe.gov.br\/portal\/wp-json\/wp\/v2\/tags?post=38850"}],"curies":[{"name":"wp","href":"https:\/\/api.w.org\/{rel}","templated":true}]}}