{"id":38828,"date":"2026-01-23T11:54:59","date_gmt":"2026-01-23T14:54:59","guid":{"rendered":"https:\/\/www.paudalho.pe.gov.br\/portal\/?p=38828"},"modified":"2026-01-23T11:54:59","modified_gmt":"2026-01-23T14:54:59","slug":"prefeitura-do-paudalho-divulga-resultado-final-do-edital-de-apoio-financeiro-ao-carnaval-2026","status":"publish","type":"post","link":"https:\/\/www.paudalho.pe.gov.br\/portal\/prefeitura-do-paudalho-divulga-resultado-final-do-edital-de-apoio-financeiro-ao-carnaval-2026\/","title":{"rendered":"Prefeitura do Paudalho divulga Resultado Final do Edital de Apoio Financeiro ao Carnaval 2026"},"content":{"rendered":"\n<p>A Prefeitura do Paudalho, por meio da Secretaria Municipal de Cultura e Turismo, publicou o Resultado Final do Edital de Chamamento P\u00fablico n\u00ba 001\/2026, que trata do Apoio Financeiro ao Ciclo do Carnaval 2026, reafirmando o compromisso da gest\u00e3o municipal com o fortalecimento das tradi\u00e7\u00f5es culturais e o apoio aos fazedores de cultura do munic\u00edpio.<\/p>\n\n\n\n<p><br>De acordo com o resultado final, a Secretaria realizou um remanejamento t\u00e9cnico de recursos, conforme previsto no edital, ap\u00f3s a identifica\u00e7\u00e3o de categorias que n\u00e3o atingiram o n\u00famero m\u00e1ximo de propostas aptas. A medida possibilitou a amplia\u00e7\u00e3o do n\u00famero de contemplados em \u00e1reas com maior demanda, garantindo melhor aproveitamento dos recursos p\u00fablicos e beneficiando um n\u00famero maior de grupos culturais.<\/p>\n\n\n\n<p><br>Entre os impactos do remanejamento, destacam-se:<br>Tro\u00e7as e Blocos \u2013 Faixa 03: amplia\u00e7\u00e3o de 14 para 18 propostas contempladas, assegurando 100% de atendimento aos grupos habilitados nesta categoria;<br>Maracatus Convidados: amplia\u00e7\u00e3o de 30 para 41 propostas contempladas.<\/p>\n\n\n\n<p><br>A iniciativa fortalece a realiza\u00e7\u00e3o de um Carnaval mais plural, democr\u00e1tico e representativo, evitando a devolu\u00e7\u00e3o de recursos e ampliando o alcance do apoio financeiro \u00e0s diversas manifesta\u00e7\u00f5es culturais que comp\u00f5em o ciclo carnavalesco de Paudalho.<\/p>\n\n\n\n<p><br>Os proponentes devem ficar atentos aos pr\u00f3ximos passos e aos prazos previstos no cronograma, conforme estabelecido no edital, contando a partir da data desta publica\u00e7\u00e3o. A lista completa dos habilitados por categoria est\u00e1 dispon\u00edvel em anexo ap\u00f3s esta mat\u00e9ria.<\/p>\n\n\n\n<p><br>A gest\u00e3o municipal reafirma seu compromisso com a transpar\u00eancia, a valoriza\u00e7\u00e3o da cultura local e o apoio cont\u00ednuo aos artistas e agremia\u00e7\u00f5es, contribuindo para a constru\u00e7\u00e3o de um Carnaval 2026 ainda mais forte, organizado e participativo em Paudalho.<\/p>\n\n\n\n<div data-wp-interactive=\"core\/file\" class=\"wp-block-file\"><object data-wp-bind--hidden=\"!state.hasPdfPreview\" hidden class=\"wp-block-file__embed\" data=\"https:\/\/www.paudalho.pe.gov.br\/portal\/wp-content\/uploads\/2026\/01\/RESULTADO-FINAL-EDITAL-DE-CARNAVAL-2026.pdf\" type=\"application\/pdf\" style=\"width:100%;height:600px\" aria-label=\"Incorporado de RESULTADO-FINAL EDITAL-DE-CARNAVAL-2026.\"><\/object><a id=\"wp-block-file--media-e5c66452-6f01-45bc-b71f-553763b049af\" href=\"https:\/\/www.paudalho.pe.gov.br\/portal\/wp-content\/uploads\/2026\/01\/RESULTADO-FINAL-EDITAL-DE-CARNAVAL-2026.pdf\">RESULTADO-FINAL EDITAL-DE-CARNAVAL-2026<\/a><a href=\"https:\/\/www.paudalho.pe.gov.br\/portal\/wp-content\/uploads\/2026\/01\/RESULTADO-FINAL-EDITAL-DE-CARNAVAL-2026.pdf\" class=\"wp-block-file__button wp-element-button\" download aria-describedby=\"wp-block-file--media-e5c66452-6f01-45bc-b71f-553763b049af\">Baixar<\/a><\/div>\n","protected":false},"excerpt":{"rendered":"<p>A Prefeitura do Paudalho, por meio da Secretaria Municipal de Cultura e Turismo, publicou o Resultado Final do Edital de Chamamento P\u00fablico n\u00ba 001\/2026, que trata do Apoio Financeiro ao Ciclo do Carnaval 2026, reafirmando o compromisso da gest\u00e3o municipal com o fortalecimento das tradi\u00e7\u00f5es culturais e o apoio aos fazedores de cultura do munic\u00edpio. [&hellip;]<\/p>\n","protected":false},"author":20,"featured_media":38759,"comment_status":"open","ping_status":"open","sticky":false,"template":"","format":"standard","meta":{"_jetpack_newsletter_access":"","_jetpack_dont_email_post_to_subs":false,"_jetpack_newsletter_tier_id":0,"_jetpack_memberships_contains_paywalled_content":false,"_jetpack_memberships_contains_paid_content":false,"footnotes":""},"categories":[37,1184,2,1],"tags":[],"class_list":["post-38828","post","type-post","status-publish","format-standard","has-post-thumbnail","hentry","category-carnaval","category-cultura-2","category-destaque","category-noticias"],"jetpack_featured_media_url":"https:\/\/www.paudalho.pe.gov.br\/portal\/wp-content\/uploads\/2026\/01\/04_1ICON.jpg","jetpack_sharing_enabled":true,"jetpack_shortlink":"https:\/\/wp.me\/p98mS2-a6g","_links":{"self":[{"href":"https:\/\/www.paudalho.pe.gov.br\/portal\/wp-json\/wp\/v2\/posts\/38828","targetHints":{"allow":["GET"]}}],"collection":[{"href":"https:\/\/www.paudalho.pe.gov.br\/portal\/wp-json\/wp\/v2\/posts"}],"about":[{"href":"https:\/\/www.paudalho.pe.gov.br\/portal\/wp-json\/wp\/v2\/types\/post"}],"author":[{"embeddable":true,"href":"https:\/\/www.paudalho.pe.gov.br\/portal\/wp-json\/wp\/v2\/users\/20"}],"replies":[{"embeddable":true,"href":"https:\/\/www.paudalho.pe.gov.br\/portal\/wp-json\/wp\/v2\/comments?post=38828"}],"version-history":[{"count":1,"href":"https:\/\/www.paudalho.pe.gov.br\/portal\/wp-json\/wp\/v2\/posts\/38828\/revisions"}],"predecessor-version":[{"id":38830,"href":"https:\/\/www.paudalho.pe.gov.br\/portal\/wp-json\/wp\/v2\/posts\/38828\/revisions\/38830"}],"wp:featuredmedia":[{"embeddable":true,"href":"https:\/\/www.paudalho.pe.gov.br\/portal\/wp-json\/wp\/v2\/media\/38759"}],"wp:attachment":[{"href":"https:\/\/www.paudalho.pe.gov.br\/portal\/wp-json\/wp\/v2\/media?parent=38828"}],"wp:term":[{"taxonomy":"category","embeddable":true,"href":"https:\/\/www.paudalho.pe.gov.br\/portal\/wp-json\/wp\/v2\/categories?post=38828"},{"taxonomy":"post_tag","embeddable":true,"href":"https:\/\/www.paudalho.pe.gov.br\/portal\/wp-json\/wp\/v2\/tags?post=38828"}],"curies":[{"name":"wp","href":"https:\/\/api.w.org\/{rel}","templated":true}]}}