{"id":38817,"date":"2026-01-21T11:07:30","date_gmt":"2026-01-21T14:07:30","guid":{"rendered":"https:\/\/www.paudalho.pe.gov.br\/portal\/?p=38817"},"modified":"2026-01-21T11:07:30","modified_gmt":"2026-01-21T14:07:30","slug":"estudantes-do-pre-jovem-de-paudalho-alcancam-bons-resultados-em-matematica-no-enem-2025","status":"publish","type":"post","link":"https:\/\/www.paudalho.pe.gov.br\/portal\/estudantes-do-pre-jovem-de-paudalho-alcancam-bons-resultados-em-matematica-no-enem-2025\/","title":{"rendered":"Estudantes do Pr\u00e9-Jovem de Paudalho alcan\u00e7am bons resultados em Matem\u00e1tica no ENEM 2025"},"content":{"rendered":"\n<p>Os estudantes do Pr\u00e9-Jovem de Paudalho conquistaram expressivos resultados na prova de Matem\u00e1tica do ENEM 2025, demonstrando avan\u00e7o no racioc\u00ednio l\u00f3gico, na interpreta\u00e7\u00e3o de problemas e no dom\u00ednio de conte\u00fados essenciais para o ingresso no ensino superior.<\/p>\n\n\n\n<p>O desempenho refor\u00e7a a consist\u00eancia da prepara\u00e7\u00e3o oferecida pelo programa, que trabalha de forma integrada as diferentes \u00e1reas do conhecimento, contribuindo para o desenvolvimento acad\u00eamico e para o fortalecimento da confian\u00e7a dos jovens durante o exame. Al\u00e9m da Matem\u00e1tica, o grupo tamb\u00e9m obteve bons desempenhos em outras \u00e1reas avaliadas, incluindo a reda\u00e7\u00e3o.<\/p>\n\n\n\n<p>Entre as notas de destaque em Matem\u00e1tica est\u00e3o:<br>Silvanio Manoel \u2013 867<br>Abner Rogell \u2013 740<br>Aryanne Karla \u2013 706<br>Nelson Vin\u00edcius \u2013 633<br>Maria Victoria \u2013 627<\/p>\n\n\n\n<p>O Pr\u00e9-Jovem \u00e9 uma iniciativa da Prefeitura do Paudalho, por meio da Secretaria de Educa\u00e7\u00e3o e Juventude, voltada \u00e0 prepara\u00e7\u00e3o gratuita de jovens para o ENEM, oferecendo acompanhamento pedag\u00f3gico, orienta\u00e7\u00e3o e incentivo \u00e0 perman\u00eancia nos estudos.<\/p>\n\n\n\n<p>A gest\u00e3o municipal parabeniza os estudantes pelos resultados alcan\u00e7ados e reafirma o compromisso com pol\u00edticas p\u00fablicas que ampliam o acesso \u00e0 educa\u00e7\u00e3o, fortalecem trajet\u00f3rias acad\u00eamicas e criam novas oportunidades para a juventude paudalhense.<\/p>\n","protected":false},"excerpt":{"rendered":"<p>Os estudantes do Pr\u00e9-Jovem de Paudalho conquistaram expressivos resultados na prova de Matem\u00e1tica do ENEM 2025, demonstrando avan\u00e7o no racioc\u00ednio l\u00f3gico, na interpreta\u00e7\u00e3o de problemas e no dom\u00ednio de conte\u00fados essenciais para o ingresso no ensino superior. O desempenho refor\u00e7a a consist\u00eancia da prepara\u00e7\u00e3o oferecida pelo programa, que trabalha de forma integrada as diferentes \u00e1reas [&hellip;]<\/p>\n","protected":false},"author":20,"featured_media":38818,"comment_status":"open","ping_status":"open","sticky":false,"template":"","format":"standard","meta":{"_jetpack_newsletter_access":"","_jetpack_dont_email_post_to_subs":false,"_jetpack_newsletter_tier_id":0,"_jetpack_memberships_contains_paywalled_content":false,"_jetpack_memberships_contains_paid_content":false,"footnotes":""},"categories":[2,520,1],"tags":[],"class_list":["post-38817","post","type-post","status-publish","format-standard","has-post-thumbnail","hentry","category-destaque","category-educacao-2","category-noticias"],"jetpack_featured_media_url":"https:\/\/www.paudalho.pe.gov.br\/portal\/wp-content\/uploads\/2026\/01\/WhatsApp-Image-2026-01-21-at-11.05.13.jpeg","jetpack_sharing_enabled":true,"jetpack_shortlink":"https:\/\/wp.me\/p98mS2-a65","_links":{"self":[{"href":"https:\/\/www.paudalho.pe.gov.br\/portal\/wp-json\/wp\/v2\/posts\/38817","targetHints":{"allow":["GET"]}}],"collection":[{"href":"https:\/\/www.paudalho.pe.gov.br\/portal\/wp-json\/wp\/v2\/posts"}],"about":[{"href":"https:\/\/www.paudalho.pe.gov.br\/portal\/wp-json\/wp\/v2\/types\/post"}],"author":[{"embeddable":true,"href":"https:\/\/www.paudalho.pe.gov.br\/portal\/wp-json\/wp\/v2\/users\/20"}],"replies":[{"embeddable":true,"href":"https:\/\/www.paudalho.pe.gov.br\/portal\/wp-json\/wp\/v2\/comments?post=38817"}],"version-history":[{"count":1,"href":"https:\/\/www.paudalho.pe.gov.br\/portal\/wp-json\/wp\/v2\/posts\/38817\/revisions"}],"predecessor-version":[{"id":38819,"href":"https:\/\/www.paudalho.pe.gov.br\/portal\/wp-json\/wp\/v2\/posts\/38817\/revisions\/38819"}],"wp:featuredmedia":[{"embeddable":true,"href":"https:\/\/www.paudalho.pe.gov.br\/portal\/wp-json\/wp\/v2\/media\/38818"}],"wp:attachment":[{"href":"https:\/\/www.paudalho.pe.gov.br\/portal\/wp-json\/wp\/v2\/media?parent=38817"}],"wp:term":[{"taxonomy":"category","embeddable":true,"href":"https:\/\/www.paudalho.pe.gov.br\/portal\/wp-json\/wp\/v2\/categories?post=38817"},{"taxonomy":"post_tag","embeddable":true,"href":"https:\/\/www.paudalho.pe.gov.br\/portal\/wp-json\/wp\/v2\/tags?post=38817"}],"curies":[{"name":"wp","href":"https:\/\/api.w.org\/{rel}","templated":true}]}}