{"id":3880,"date":"2018-09-17T14:55:20","date_gmt":"2018-09-17T17:55:20","guid":{"rendered":"https:\/\/www.paudalho.pe.gov.br\/portal\/?p=3880"},"modified":"2018-09-17T15:58:40","modified_gmt":"2018-09-17T18:58:40","slug":"zona-rural-do-paudalho-experimenta-transformacao-e-populacao-comemora","status":"publish","type":"post","link":"https:\/\/www.paudalho.pe.gov.br\/portal\/zona-rural-do-paudalho-experimenta-transformacao-e-populacao-comemora\/","title":{"rendered":"Zona Rural do Paudalho experimenta transforma\u00e7\u00e3o e popula\u00e7\u00e3o comemora"},"content":{"rendered":"<p>Paudalho possui uma grande extens\u00e3o territorial sendo considerada uma das maiores cidades de Zona da Mata Norte do Estado de Pernambuco. Mas, quem pensa que o tamanho impede as a\u00e7\u00f5es da Prefeitura do Paudalho chegarem \u00e0s comunidades se engana. S\u00e3o centenas de servi\u00e7os prestados que favorecem populares tanto do Centro da cidade quanto da Zona Rural.<\/p>\n<p>Adriana Ten\u00f3rio de 32 anos \u00e9 moradora do bairro de Fonte de Aldeia, comunidade que fica \u00e1 cerca de 40 minutos do Centro da cidade. O local, que h\u00e1 v\u00e1rios anos n\u00e3o recebia investimentos do Poder Executivo agora passa a vivenciar a mudan\u00e7a. No bairro, est\u00e1 sendo constru\u00edda uma escola de Educa\u00e7\u00e3o Infantil que vai beneficiar centenas de crian\u00e7as, deixando para traz um passado de dificuldades.\u00a0\u00a0\u201cS\u00e3o pessoas carentes que se locomovem daqui para Ch\u00e3 de Conselho, de \u00f4nibus e tem muitas m\u00e3es que v\u00e3o acompanhando as suas crian\u00e7as, tendo que esperar at\u00e9 o meio-dia para voltar. As crian\u00e7as tinham que acordar muito cedo para se arrumar e atrav\u00e9s desse col\u00e9gio elas ser\u00e3o beneficiadas, porque as m\u00e3es v\u00e3o poder voltar para casa para cuidar dos seus lares\u201d, comentou Adriana.<\/p>\n<div id=\"attachment_3882\" style=\"width: 560px\" class=\"wp-caption alignnone\"><img loading=\"lazy\" decoding=\"async\" aria-describedby=\"caption-attachment-3882\" data-attachment-id=\"3882\" data-permalink=\"https:\/\/www.paudalho.pe.gov.br\/portal\/zona-rural-do-paudalho-experimenta-transformacao-e-populacao-comemora\/454eb716-a352-4980-87e1-20999950c4e6\/\" data-orig-file=\"https:\/\/www.paudalho.pe.gov.br\/portal\/wp-content\/uploads\/2018\/09\/454eb716-a352-4980-87e1-20999950c4e6.jpg\" data-orig-size=\"1280,853\" data-comments-opened=\"1\" data-image-meta=\"{&quot;aperture&quot;:&quot;0&quot;,&quot;credit&quot;:&quot;&quot;,&quot;camera&quot;:&quot;&quot;,&quot;caption&quot;:&quot;&quot;,&quot;created_timestamp&quot;:&quot;0&quot;,&quot;copyright&quot;:&quot;&quot;,&quot;focal_length&quot;:&quot;0&quot;,&quot;iso&quot;:&quot;0&quot;,&quot;shutter_speed&quot;:&quot;0&quot;,&quot;title&quot;:&quot;&quot;,&quot;orientation&quot;:&quot;0&quot;}\" data-image-title=\"454eb716-a352-4980-87e1-20999950c4e6\" data-image-description=\"\" data-image-caption=\"&lt;p&gt;Foto: Crist\u00f3v\u00e3o Neto\/PMP&lt;\/p&gt;\n\" data-medium-file=\"https:\/\/www.paudalho.pe.gov.br\/portal\/wp-content\/uploads\/2018\/09\/454eb716-a352-4980-87e1-20999950c4e6-350x230.jpg\" data-large-file=\"https:\/\/www.paudalho.pe.gov.br\/portal\/wp-content\/uploads\/2018\/09\/454eb716-a352-4980-87e1-20999950c4e6-800x450.jpg\" class=\" wp-image-3882\" src=\"https:\/\/www.paudalho.pe.gov.br\/portal\/wp-content\/uploads\/2018\/09\/454eb716-a352-4980-87e1-20999950c4e6-350x230.jpg\" alt=\"\" width=\"550\" height=\"361\" \/><p id=\"caption-attachment-3882\" class=\"wp-caption-text\">Foto: Crist\u00f3v\u00e3o Neto\/PMP<\/p><\/div>\n<p>A constru\u00e7\u00e3o da unidade de ensino, que \u00e9 a primeira do local, est\u00e1 bastante avan\u00e7ada. A dona de casa mora ao lado das obras com as quatro filhas e o esposo e acompanha tudo emocionada. \u201cEu estou muito feliz porque tenho uma filha de tr\u00eas anos que vai estudar bem pertinho de casa. Eu tamb\u00e9m estou feliz porque outras m\u00e3es v\u00e3o ficar mais tranquilas e eles tamb\u00e9m v\u00e3o aprender mais\u201d, disse.<\/p>\n<p><strong>Confira as fotos da constru\u00e7\u00e3o da Escola:<\/strong><\/p>\n\r\n\t\t<style type='text\/css'>\r\n\t\t\t#gallery-1 {\r\n\t\t\t\tmargin: auto;\r\n\t\t\t}\r\n\t\t\t#gallery-1 .gallery-item {\r\n\t\t\t\tfloat: left;\r\n\t\t\t\tmargin-top: 10px;\r\n\t\t\t\ttext-align: center;\r\n\t\t\t\twidth: 50%;\r\n\t\t\t}\r\n\t\t\t#gallery-1 img {\r\n\t\t\t\tborder: 2px solid #cfcfcf;\r\n\t\t\t}\r\n\t\t\t#gallery-1 .gallery-caption {\r\n\t\t\t\tmargin-left: 0;\r\n\t\t\t}\r\n\t\t<\/style>\r\n\t\t<!-- see gallery_shortcode() in wp-includes\/media.php -->\n\t\t<div data-carousel-extra='{\"blog_id\":1,\"permalink\":\"https:\\\/\\\/www.paudalho.pe.gov.br\\\/portal\\\/zona-rural-do-paudalho-experimenta-transformacao-e-populacao-comemora\\\/\"}' id='gallery-1' class='gallery galleryid-3880 gallery-columns-2 gallery-size-thumbnail gallery1'><script type=\"text\/javascript\">\r\n\/\/ <![CDATA[\r\n\tjQuery(document).ready(function () {\r\n\t\tjQuery(\".gallery1 a\").attr(\"rel\",\"gallery1\");\t\r\n\t\tjQuery('a[rel=\"gallery1\"]').colorbox({maxWidth:\"95%\", maxHeight:\"95%\",title: function(){ return jQuery(this).children().attr(\"alt\"); }, });\r\n\t});\r\n\/\/ ]]>\r\n<\/script>\n<dl class=\"gallery-item\">\n<dt class=\"gallery-icon\">\r\n<a href=\"https:\/\/www.paudalho.pe.gov.br\/portal\/wp-content\/uploads\/2018\/09\/681ba869-bda4-4419-a762-6fa8df217c97-1.jpg\" title=\"\" rel=\"gallery1\"><img loading=\"lazy\" decoding=\"async\" src=\"https:\/\/www.paudalho.pe.gov.br\/portal\/wp-content\/uploads\/2018\/09\/681ba869-bda4-4419-a762-6fa8df217c97-1-200x160.jpg\" width=\"150\" height=\"120\" alt=\"\" \/><\/a>\r\n<\/dt><\/dl><dl class=\"gallery-item\">\n<dt class=\"gallery-icon\">\r\n<a href=\"https:\/\/www.paudalho.pe.gov.br\/portal\/wp-content\/uploads\/2018\/09\/aacb209d-43ec-4a32-88dc-33c536568c62.jpg\" title=\"\" rel=\"gallery1\"><img loading=\"lazy\" decoding=\"async\" src=\"https:\/\/www.paudalho.pe.gov.br\/portal\/wp-content\/uploads\/2018\/09\/aacb209d-43ec-4a32-88dc-33c536568c62-200x160.jpg\" width=\"150\" height=\"120\" alt=\"\" \/><\/a>\r\n<\/dt><\/dl><br style=\"clear: both\" \/><dl class=\"gallery-item\">\n<dt class=\"gallery-icon\">\r\n<a href=\"https:\/\/www.paudalho.pe.gov.br\/portal\/wp-content\/uploads\/2018\/09\/0184dd9b-9e92-4a95-bdfc-0753f138e956.jpg\" title=\"\" rel=\"gallery1\"><img loading=\"lazy\" decoding=\"async\" src=\"https:\/\/www.paudalho.pe.gov.br\/portal\/wp-content\/uploads\/2018\/09\/0184dd9b-9e92-4a95-bdfc-0753f138e956-200x160.jpg\" width=\"150\" height=\"120\" alt=\"\" \/><\/a>\r\n<\/dt><\/dl><dl class=\"gallery-item\">\n<dt class=\"gallery-icon\">\r\n<a href=\"https:\/\/www.paudalho.pe.gov.br\/portal\/wp-content\/uploads\/2018\/09\/5932d74d-a64b-4e6a-a56e-597dbb0fc93a.jpg\" title=\"\" rel=\"gallery1\"><img loading=\"lazy\" decoding=\"async\" src=\"https:\/\/www.paudalho.pe.gov.br\/portal\/wp-content\/uploads\/2018\/09\/5932d74d-a64b-4e6a-a56e-597dbb0fc93a-200x160.jpg\" width=\"150\" height=\"120\" alt=\"\" \/><\/a>\r\n<\/dt><\/dl><br style=\"clear: both\" \/><dl class=\"gallery-item\">\n<dt class=\"gallery-icon\">\r\n<a href=\"https:\/\/www.paudalho.pe.gov.br\/portal\/wp-content\/uploads\/2018\/09\/446b1690-c398-4b59-ac78-e9bb8c871bd5.jpg\" title=\"\" rel=\"gallery1\"><img loading=\"lazy\" decoding=\"async\" src=\"https:\/\/www.paudalho.pe.gov.br\/portal\/wp-content\/uploads\/2018\/09\/446b1690-c398-4b59-ac78-e9bb8c871bd5-200x160.jpg\" width=\"150\" height=\"120\" alt=\"\" \/><\/a>\r\n<\/dt><\/dl><dl class=\"gallery-item\">\n<dt class=\"gallery-icon\">\r\n<a href=\"https:\/\/www.paudalho.pe.gov.br\/portal\/wp-content\/uploads\/2018\/09\/f1eb2800-636d-407c-b077-9812ad3dfa94-1.jpg\" title=\"\" rel=\"gallery1\"><img loading=\"lazy\" decoding=\"async\" src=\"https:\/\/www.paudalho.pe.gov.br\/portal\/wp-content\/uploads\/2018\/09\/f1eb2800-636d-407c-b077-9812ad3dfa94-1-200x160.jpg\" width=\"150\" height=\"120\" alt=\"\" \/><\/a>\r\n<\/dt><\/dl><br style=\"clear: both\" \/><dl class=\"gallery-item\">\n<dt class=\"gallery-icon\">\r\n<a href=\"https:\/\/www.paudalho.pe.gov.br\/portal\/wp-content\/uploads\/2018\/09\/ae1c48cc-5650-4b11-beec-09cbd3bbacc4-1.jpg\" title=\"Foto: Crist\u00f3v\u00e3o Neto\/PMP\" rel=\"gallery1\"><img loading=\"lazy\" decoding=\"async\" src=\"https:\/\/www.paudalho.pe.gov.br\/portal\/wp-content\/uploads\/2018\/09\/ae1c48cc-5650-4b11-beec-09cbd3bbacc4-1-200x160.jpg\" width=\"150\" height=\"120\" alt=\"Foto: Crist\u00f3v\u00e3o Neto\/PMP\" \/><\/a>\r\n<\/dt><dd class=\"gallery-caption\" id=\"caption3890\"><span class=\"imagecaption\">Foto: Crist\u00f3v\u00e3o Neto\/PMP<\/span><br \/>\n<\/dd><\/dl><dl class=\"gallery-item\">\n<dt class=\"gallery-icon\">\r\n<a href=\"https:\/\/www.paudalho.pe.gov.br\/portal\/wp-content\/uploads\/2018\/09\/de95e062-6d94-4890-bcce-37ca451a6268.jpg\" title=\"\" rel=\"gallery1\"><img loading=\"lazy\" decoding=\"async\" src=\"https:\/\/www.paudalho.pe.gov.br\/portal\/wp-content\/uploads\/2018\/09\/de95e062-6d94-4890-bcce-37ca451a6268-200x160.jpg\" width=\"150\" height=\"120\" alt=\"\" \/><\/a>\r\n<\/dt><\/dl><br style=\"clear: both\" \/>\r\n\t\t<\/div>\n\n<h2><strong>Ruas do Povo na Zona Rural<\/strong><\/h2>\n<p>Com o programa Ruas do Povo muitas hist\u00f3rias em Paudalho foram transformadas. Uma delas \u00e9 da dona de casa, Maria Jos\u00e9, de 55 anos. Moradora do bairro de Ch\u00e3 de Conselho, Maria comemora o cal\u00e7amento e lembra a situa\u00e7\u00e3o dif\u00edcil que enfrentou. \u201cEu nasci em Tracunha\u00e9m e na adolesc\u00eancia vim para esse bairro. Aqui eu conheci meu esposo, namorei, me casei e tive \u00a0minhas duas filhas. Antes era muito dif\u00edcil. Quando chovia a gente ficava com medo porque era muita lama. Era tanta lama que a gente chegava a sambar\u201d, explicou.<\/p>\n<p>Atualmente a hist\u00f3ria \u00e9 outra. Cerca de 19 bairro do Centro \u00e0 Zona Rural est\u00e3o recebendo pavimenta\u00e7\u00e3o e Maria Jos\u00e9 comemora. \u201cAgora est\u00e1 maravilhoso. Eu estou muito feliz porque agora pode chover, n\u00e3o chover que tudo est\u00e1 \u00f3timo. Eu nunca imaginei que minha rua seria cal\u00e7ada\u201d finalizou.<\/p>\n<div id=\"attachment_3892\" style=\"width: 560px\" class=\"wp-caption alignnone\"><img loading=\"lazy\" decoding=\"async\" aria-describedby=\"caption-attachment-3892\" data-attachment-id=\"3892\" data-permalink=\"https:\/\/www.paudalho.pe.gov.br\/portal\/zona-rural-do-paudalho-experimenta-transformacao-e-populacao-comemora\/8daa71a4-56cf-4c7b-94ac-0337fe107f2d\/\" data-orig-file=\"https:\/\/www.paudalho.pe.gov.br\/portal\/wp-content\/uploads\/2018\/09\/8daa71a4-56cf-4c7b-94ac-0337fe107f2d.jpg\" data-orig-size=\"1280,720\" data-comments-opened=\"1\" data-image-meta=\"{&quot;aperture&quot;:&quot;0&quot;,&quot;credit&quot;:&quot;&quot;,&quot;camera&quot;:&quot;&quot;,&quot;caption&quot;:&quot;&quot;,&quot;created_timestamp&quot;:&quot;0&quot;,&quot;copyright&quot;:&quot;&quot;,&quot;focal_length&quot;:&quot;0&quot;,&quot;iso&quot;:&quot;0&quot;,&quot;shutter_speed&quot;:&quot;0&quot;,&quot;title&quot;:&quot;&quot;,&quot;orientation&quot;:&quot;0&quot;}\" data-image-title=\"8daa71a4-56cf-4c7b-94ac-0337fe107f2d\" data-image-description=\"\" data-image-caption=\"\" data-medium-file=\"https:\/\/www.paudalho.pe.gov.br\/portal\/wp-content\/uploads\/2018\/09\/8daa71a4-56cf-4c7b-94ac-0337fe107f2d-350x230.jpg\" data-large-file=\"https:\/\/www.paudalho.pe.gov.br\/portal\/wp-content\/uploads\/2018\/09\/8daa71a4-56cf-4c7b-94ac-0337fe107f2d-800x450.jpg\" class=\"wp-image-3892 \" src=\"https:\/\/www.paudalho.pe.gov.br\/portal\/wp-content\/uploads\/2018\/09\/8daa71a4-56cf-4c7b-94ac-0337fe107f2d-350x230.jpg\" alt=\"\" width=\"550\" height=\"361\" \/><p id=\"caption-attachment-3892\" class=\"wp-caption-text\">Crist\u00f3v\u00e3o Neto\/PMP<\/p><\/div>\n<h2><strong>Sa\u00fade que alcan\u00e7a todos<\/strong><\/h2>\n<p>Uma das dificuldades que os paudalhenses da Zona Rural enfrentavam era o acesso ao servi\u00e7o da Sa\u00fade que n\u00e3o funcionavam. Agora, a realidade \u00e9 outra. Al\u00e9m de ter toda estrutura nas Unidades B\u00e1sicas de Sa\u00fade (UBSs), o atendimento nos equipamentos do Centro funcionam. \u201cEu achei \u00f3timo. Fui muito bem atendida. A menina da limpeza n\u00e3o deixava o quarto sujo, as enfermeiras todas muito atenciosas comigo. O quarto bem estruturado, com TV, banheiro grande. O almo\u00e7o chegava na hora certa. De madrugada n\u00e3o via ningu\u00e9m dormindo\u201d, comentou, Joyce Maria, moradora do bairro de Ch\u00e3 de Cruz, tamb\u00e9m na Zona Rural.<\/p>\n<p>H\u00e1 um m\u00eas, a dona de casa deu \u00e0 &#8220;luz&#8221; a pequena Maria Lu\u00edza no Centro do Parto Normal do Paudalho Gabrielly Ramos. \u201cEu me senti muito segura, sabe? Minha filha est\u00e1 a\u00ed cheia de sa\u00fade. E no momento eu fiquei calma, porque eu fiz todos os exames, a m\u00e9dica ainda me ajudou com a minha filha. E n\u00e3o tem isso de n\u00e3o atender a gente porque moramos aqui\u201d, enfatizou.<\/p>\n<div id=\"attachment_3893\" style=\"width: 560px\" class=\"wp-caption alignnone\"><img loading=\"lazy\" decoding=\"async\" aria-describedby=\"caption-attachment-3893\" data-attachment-id=\"3893\" data-permalink=\"https:\/\/www.paudalho.pe.gov.br\/portal\/zona-rural-do-paudalho-experimenta-transformacao-e-populacao-comemora\/e73e0f72-b5c9-466e-ae60-edd75f5f5f69\/\" data-orig-file=\"https:\/\/www.paudalho.pe.gov.br\/portal\/wp-content\/uploads\/2018\/09\/e73e0f72-b5c9-466e-ae60-edd75f5f5f69.jpg\" data-orig-size=\"1280,853\" data-comments-opened=\"1\" data-image-meta=\"{&quot;aperture&quot;:&quot;0&quot;,&quot;credit&quot;:&quot;&quot;,&quot;camera&quot;:&quot;&quot;,&quot;caption&quot;:&quot;&quot;,&quot;created_timestamp&quot;:&quot;0&quot;,&quot;copyright&quot;:&quot;&quot;,&quot;focal_length&quot;:&quot;0&quot;,&quot;iso&quot;:&quot;0&quot;,&quot;shutter_speed&quot;:&quot;0&quot;,&quot;title&quot;:&quot;&quot;,&quot;orientation&quot;:&quot;0&quot;}\" data-image-title=\"e73e0f72-b5c9-466e-ae60-edd75f5f5f69\" data-image-description=\"\" data-image-caption=\"\" data-medium-file=\"https:\/\/www.paudalho.pe.gov.br\/portal\/wp-content\/uploads\/2018\/09\/e73e0f72-b5c9-466e-ae60-edd75f5f5f69-350x230.jpg\" data-large-file=\"https:\/\/www.paudalho.pe.gov.br\/portal\/wp-content\/uploads\/2018\/09\/e73e0f72-b5c9-466e-ae60-edd75f5f5f69-800x450.jpg\" class=\"wp-image-3893\" src=\"https:\/\/www.paudalho.pe.gov.br\/portal\/wp-content\/uploads\/2018\/09\/e73e0f72-b5c9-466e-ae60-edd75f5f5f69-350x230.jpg\" alt=\"\" width=\"550\" height=\"361\" \/><p id=\"caption-attachment-3893\" class=\"wp-caption-text\">Foto: Crist\u00f3v\u00e3o Neto\/PMP<\/p><\/div>\n<p>O prefeito Marcelo Gouveia destacou que a prioridade \u00e9 n\u00e3o deixar nenhum paudalhense sem assist\u00eancia. \u201cIsso \u00e9 um resultado de tudo aquilo que n\u00f3s acreditamos. Acreditamos na Sa\u00fade, Educa\u00e7\u00e3o, Obras, Assist\u00eancia Social e Cultura para todos os nossos paudalhenses. Eu fico muito feliz em perceber que estamos mudando o rumo da hist\u00f3ria, com a popula\u00e7\u00e3o que nos ajuda. E fico mais feliz ainda em perceber que as a\u00e7\u00f5es alcan\u00e7am desde o Centro at\u00e9 a Zona Rural. E Isso \u00e9 s\u00f3 o come\u00e7o\u201d, disse.<\/p>\n<p>Adriana, Maria e Joyce representam milhares de fam\u00edlias que hoje j\u00e1 respiraram a transforma\u00e7\u00e3o no Munic\u00edpio. Hist\u00f3ria como as delas s\u00e3o exemplos de que a mudan\u00e7a chegou e alcan\u00e7ou cada canto do Paudalho.<\/p>\n<p>&nbsp;<\/p>\n","protected":false},"excerpt":{"rendered":"<p>Paudalho possui uma grande extens\u00e3o territorial sendo considerada uma das maiores cidades de Zona da Mata Norte do Estado de Pernambuco. Mas, quem pensa que o tamanho impede as a\u00e7\u00f5es da Prefeitura do Paudalho chegarem \u00e0s comunidades se engana. S\u00e3o centenas de servi\u00e7os prestados que favorecem populares tanto do Centro da cidade quanto da Zona [&hellip;]<\/p>\n","protected":false},"author":4,"featured_media":3881,"comment_status":"open","ping_status":"open","sticky":false,"template":"","format":"standard","meta":{"_jetpack_newsletter_access":"","_jetpack_dont_email_post_to_subs":false,"_jetpack_newsletter_tier_id":0,"_jetpack_memberships_contains_paywalled_content":false,"_jetpack_memberships_contains_paid_content":false,"footnotes":""},"categories":[2,1],"tags":[376,377,375,30,374,36,14,211,22,217,16,373],"class_list":["post-3880","post","type-post","status-publish","format-standard","has-post-thumbnail","hentry","category-destaque","category-noticias","tag-calcamento","tag-centro-do-parto","tag-construcao","tag-educacao","tag-escola","tag-obras","tag-paudalho","tag-pavimentacao","tag-prefeitura-do-paudalho","tag-ruas","tag-saude","tag-zona-rural"],"jetpack_featured_media_url":"https:\/\/www.paudalho.pe.gov.br\/portal\/wp-content\/uploads\/2018\/09\/cda6b6fd-b243-49bc-853a-83fe4519938e.jpg","jetpack_sharing_enabled":true,"jetpack_shortlink":"https:\/\/wp.me\/p98mS2-10A","_links":{"self":[{"href":"https:\/\/www.paudalho.pe.gov.br\/portal\/wp-json\/wp\/v2\/posts\/3880","targetHints":{"allow":["GET"]}}],"collection":[{"href":"https:\/\/www.paudalho.pe.gov.br\/portal\/wp-json\/wp\/v2\/posts"}],"about":[{"href":"https:\/\/www.paudalho.pe.gov.br\/portal\/wp-json\/wp\/v2\/types\/post"}],"author":[{"embeddable":true,"href":"https:\/\/www.paudalho.pe.gov.br\/portal\/wp-json\/wp\/v2\/users\/4"}],"replies":[{"embeddable":true,"href":"https:\/\/www.paudalho.pe.gov.br\/portal\/wp-json\/wp\/v2\/comments?post=3880"}],"version-history":[{"count":12,"href":"https:\/\/www.paudalho.pe.gov.br\/portal\/wp-json\/wp\/v2\/posts\/3880\/revisions"}],"predecessor-version":[{"id":3905,"href":"https:\/\/www.paudalho.pe.gov.br\/portal\/wp-json\/wp\/v2\/posts\/3880\/revisions\/3905"}],"wp:featuredmedia":[{"embeddable":true,"href":"https:\/\/www.paudalho.pe.gov.br\/portal\/wp-json\/wp\/v2\/media\/3881"}],"wp:attachment":[{"href":"https:\/\/www.paudalho.pe.gov.br\/portal\/wp-json\/wp\/v2\/media?parent=3880"}],"wp:term":[{"taxonomy":"category","embeddable":true,"href":"https:\/\/www.paudalho.pe.gov.br\/portal\/wp-json\/wp\/v2\/categories?post=3880"},{"taxonomy":"post_tag","embeddable":true,"href":"https:\/\/www.paudalho.pe.gov.br\/portal\/wp-json\/wp\/v2\/tags?post=3880"}],"curies":[{"name":"wp","href":"https:\/\/api.w.org\/{rel}","templated":true}]}}