{"id":3872,"date":"2018-09-13T12:34:16","date_gmt":"2018-09-13T15:34:16","guid":{"rendered":"https:\/\/www.paudalho.pe.gov.br\/portal\/?p=3872"},"modified":"2021-11-17T12:55:44","modified_gmt":"2021-11-17T15:55:44","slug":"prefeitura-do-paudalho-promove-campanha-de-vacinacao-antirrabica","status":"publish","type":"post","link":"https:\/\/www.paudalho.pe.gov.br\/portal\/prefeitura-do-paudalho-promove-campanha-de-vacinacao-antirrabica\/","title":{"rendered":"Prefeitura do Paudalho promove Campanha de Vacina\u00e7\u00e3o Antirr\u00e1bica"},"content":{"rendered":"<p>A Prefeitura do Paudalho por meio da Secretaria Municipal de Sa\u00fade promove, no pr\u00f3ximo s\u00e1bado (15), a Campanha Nacional de Vacina\u00e7\u00e3o Antirr\u00e1bica. A a\u00e7\u00e3o ocorrer\u00e1 nas Unidades B\u00e1sicas de Sa\u00fade (UBSs) da cidade das 8h \u00e0s 17h e \u00e9 destinada aos c\u00e3es e gatos. De acordo com a Pasta, a raiva mata em 100% dos casos e pode tamb\u00e9m ser transmitida para as pessoas. A vacina \u00e9 gratuita. Por meio das redes sociais os mun\u00edcipes j\u00e1 mostraram que est\u00e3o engajados na campanha. A paudalhense Jaqueline Vieira foi um das populares que garantiu a participa\u00e7\u00e3o. \u201cOlha que legal! Vou levar meu Lupy (c\u00e3o de estima\u00e7\u00e3o)\u201d, disse.<\/p>\n<p><strong>Confira a lista das UBSs e locais que v\u00e3o ofertar a vacina:<\/strong><\/p>\n<p>Centro \u2013 Vigil\u00e2ncia Ambiental &#8211; Pra\u00e7a Jose do Patroc\u00ednio;<br \/>\n\u2022 Escola Municipal Jos\u00e9 Valentim &#8211; Ch\u00e3 do Ouro;<br \/>\n\u2022 PSF \u2013 Alto do Cruzeiro;<br \/>\n\u2022 PSF \u2013 Alto Dois Irm\u00e3os;<br \/>\n\u2022 PSF \u2013 Asa Branca:<br \/>\n\u2022 PSF \u2013 Bel\u00e9m;<br \/>\n\u2022 PSF \u2013 Boboc\u00e3o;<br \/>\n\u2022 PSF &#8211; Confedera\u00e7\u00e3o do Equador \u2013 Alto Dois Irm\u00e3os;<br \/>\n\u2022 PSF \u2013 Ch\u00e3 Alegre;<br \/>\n\u2022 PSF \u2013 Ch\u00e3 de Cruz;<br \/>\n\u2022 PSF \u2013 Ch\u00e3 de Pinheiro;<br \/>\n\u2022 PSF \u2013 Ch\u00e3 de Conselho;<\/p>\n<p><strong>SECRETARIA DE SA\u00daDE<\/strong><\/p>\n<p>\u2022 PSF \u2013 Desterro\/Rosarinho;<br \/>\n\u2022 PSF \u2013 Guadalajara I;<br \/>\n\u2022 PSF \u2013 Guadalajara II e III;<br \/>\n\u2022 PSF \u2013 Primavera I;<br \/>\n\u2022 PSF \u2013 Primavera II;<br \/>\n\u2022 PSF \u2013 Usina Mussurepe;<br \/>\n\u2022 PSF \u2013 Santa Tereza;<br \/>\n\u2022 Secretaria de Cultura;<br \/>\n\u2022 Vila Santa M\u00f4nica \u2013 pr\u00f3ximo ao Ponto de Moto T\u00e1xi.<\/p>\n<h2><strong>Entendendo a doen\u00e7a<\/strong><\/h2>\n<p>A raiva \u00e9 transmitida por meio da saliva dos animais contaminados e passada, principalmente, pela mordida dos animais doentes \u2013 sejam eles gatos ou c\u00e3es. Nos cachorros e no homem, o v\u00edrus da doen\u00e7a pode permanecer incubado por at\u00e9 2 meses antes que os seus sintomas (tamb\u00e9m bastante similares) comecem a aparecer; sendo que, nos gatos, a doen\u00e7a destaca sinais diferenciados, mas n\u00e3o menos agressivos. Os sintomas podem incluir a dor de cabe\u00e7a, saliva\u00e7\u00e3o excessiva, espasmos musculares, paralisia e confus\u00e3o mental.<\/p>\n<p><img loading=\"lazy\" decoding=\"async\" data-attachment-id=\"3874\" data-permalink=\"https:\/\/www.paudalho.pe.gov.br\/portal\/prefeitura-do-paudalho-promove-campanha-de-vacinacao-antirrabica\/41378814_1070146009775814_7984234522684162048_n\/\" data-orig-file=\"https:\/\/www.paudalho.pe.gov.br\/portal\/wp-content\/uploads\/2018\/09\/41378814_1070146009775814_7984234522684162048_n.jpg\" data-orig-size=\"800,800\" data-comments-opened=\"1\" data-image-meta=\"{&quot;aperture&quot;:&quot;0&quot;,&quot;credit&quot;:&quot;&quot;,&quot;camera&quot;:&quot;&quot;,&quot;caption&quot;:&quot;&quot;,&quot;created_timestamp&quot;:&quot;0&quot;,&quot;copyright&quot;:&quot;&quot;,&quot;focal_length&quot;:&quot;0&quot;,&quot;iso&quot;:&quot;0&quot;,&quot;shutter_speed&quot;:&quot;0&quot;,&quot;title&quot;:&quot;&quot;,&quot;orientation&quot;:&quot;0&quot;}\" data-image-title=\"41378814_1070146009775814_7984234522684162048_n\" data-image-description=\"\" data-image-caption=\"\" data-medium-file=\"https:\/\/www.paudalho.pe.gov.br\/portal\/wp-content\/uploads\/2018\/09\/41378814_1070146009775814_7984234522684162048_n-350x230.jpg\" data-large-file=\"https:\/\/www.paudalho.pe.gov.br\/portal\/wp-content\/uploads\/2018\/09\/41378814_1070146009775814_7984234522684162048_n-800x450.jpg\" class=\"alignnone wp-image-3874 \" src=\"https:\/\/www.paudalho.pe.gov.br\/portal\/wp-content\/uploads\/2018\/09\/41378814_1070146009775814_7984234522684162048_n.jpg\" alt=\"\" width=\"558\" height=\"558\" srcset=\"https:\/\/www.paudalho.pe.gov.br\/portal\/wp-content\/uploads\/2018\/09\/41378814_1070146009775814_7984234522684162048_n.jpg 800w, https:\/\/www.paudalho.pe.gov.br\/portal\/wp-content\/uploads\/2018\/09\/41378814_1070146009775814_7984234522684162048_n-768x768.jpg 768w\" sizes=\"auto, (max-width: 558px) 100vw, 558px\" \/><\/p>\n","protected":false},"excerpt":{"rendered":"<p>A Prefeitura do Paudalho por meio da Secretaria Municipal de Sa\u00fade promove, no pr\u00f3ximo s\u00e1bado (15), a Campanha Nacional de Vacina\u00e7\u00e3o Antirr\u00e1bica. A a\u00e7\u00e3o ocorrer\u00e1 nas Unidades B\u00e1sicas de Sa\u00fade (UBSs) da cidade das 8h \u00e0s 17h e \u00e9 destinada aos c\u00e3es e gatos. De acordo com a Pasta, a raiva mata em 100% dos [&hellip;]<\/p>\n","protected":false},"author":4,"featured_media":3876,"comment_status":"open","ping_status":"open","sticky":false,"template":"","format":"standard","meta":{"_jetpack_newsletter_access":"","_jetpack_dont_email_post_to_subs":false,"_jetpack_newsletter_tier_id":0,"_jetpack_memberships_contains_paywalled_content":false,"_jetpack_memberships_contains_paid_content":false,"footnotes":""},"categories":[2,3],"tags":[372,371,22,16,314],"class_list":["post-3872","post","type-post","status-publish","format-standard","has-post-thumbnail","hentry","category-destaque","category-saude","tag-animais","tag-campanha-de-vacinacao-anirrabica","tag-prefeitura-do-paudalho","tag-saude","tag-vacinacao"],"jetpack_featured_media_url":"https:\/\/www.paudalho.pe.gov.br\/portal\/wp-content\/uploads\/2018\/09\/vacina-cao.jpg","jetpack_sharing_enabled":true,"jetpack_shortlink":"https:\/\/wp.me\/p98mS2-10s","_links":{"self":[{"href":"https:\/\/www.paudalho.pe.gov.br\/portal\/wp-json\/wp\/v2\/posts\/3872","targetHints":{"allow":["GET"]}}],"collection":[{"href":"https:\/\/www.paudalho.pe.gov.br\/portal\/wp-json\/wp\/v2\/posts"}],"about":[{"href":"https:\/\/www.paudalho.pe.gov.br\/portal\/wp-json\/wp\/v2\/types\/post"}],"author":[{"embeddable":true,"href":"https:\/\/www.paudalho.pe.gov.br\/portal\/wp-json\/wp\/v2\/users\/4"}],"replies":[{"embeddable":true,"href":"https:\/\/www.paudalho.pe.gov.br\/portal\/wp-json\/wp\/v2\/comments?post=3872"}],"version-history":[{"count":4,"href":"https:\/\/www.paudalho.pe.gov.br\/portal\/wp-json\/wp\/v2\/posts\/3872\/revisions"}],"predecessor-version":[{"id":20306,"href":"https:\/\/www.paudalho.pe.gov.br\/portal\/wp-json\/wp\/v2\/posts\/3872\/revisions\/20306"}],"wp:featuredmedia":[{"embeddable":true,"href":"https:\/\/www.paudalho.pe.gov.br\/portal\/wp-json\/wp\/v2\/media\/3876"}],"wp:attachment":[{"href":"https:\/\/www.paudalho.pe.gov.br\/portal\/wp-json\/wp\/v2\/media?parent=3872"}],"wp:term":[{"taxonomy":"category","embeddable":true,"href":"https:\/\/www.paudalho.pe.gov.br\/portal\/wp-json\/wp\/v2\/categories?post=3872"},{"taxonomy":"post_tag","embeddable":true,"href":"https:\/\/www.paudalho.pe.gov.br\/portal\/wp-json\/wp\/v2\/tags?post=3872"}],"curies":[{"name":"wp","href":"https:\/\/api.w.org\/{rel}","templated":true}]}}